{"id":119168,"date":"2020-11-12T20:07:44","date_gmt":"2020-11-12T19:07:44","guid":{"rendered":"http:\/\/www.tucomarca.com\/wordpress\/segunda\/?p=119168"},"modified":"2020-11-14T19:36:46","modified_gmt":"2020-11-14T18:36:46","slug":"representants-de-la-plataforma-pro-hospital-es-reuneixen-amb-el-portaveu-del-pspv-psoe-a-les-corts-manolo-mata","status":"publish","type":"post","link":"https:\/\/tucomarca.whitekongsoftware.com\/ca\/representants-de-la-plataforma-pro-hospital-es-reuneixen-amb-el-portaveu-del-pspv-psoe-a-les-corts-manolo-mata\/","title":{"rendered":"Representants de la Plataforma Pro hospital es reuneixen amb el portaveu del PSPV-PSOE a les Corts, Manolo Mata"},"content":{"rendered":"\n<h4 class=\"wp-block-heading\">El passat 6 de novembre el S\u00edndic de el PSPV-PSOE a les Corts Valencianes i m\u00e0xim representant de el grup parlamentari, Manolo Mata, va mantenir una reuni\u00f3 de treball amb representants de la Plataforma Pro hospital<\/h4>\n\n\n\n<p class=\"wp-block-paragraph\">Sobre la mesa la enmienda al proyecto de los presupuesto de la Generalitat Valenciana del 2021,<\/p>\n\n\n\n<p class=\"wp-block-paragraph\">El Sindic se adelant\u00f3 a la plataforma antes de tratar la enmienda adelantando que era conocedor de la situaci\u00f3n sanitaria de la comarca y que reun\u00eda las condiciones para la construcci\u00f3n del centro.<\/p>\n\n\n\n<p class=\"wp-block-paragraph\">Mata puso en conocimiento que &nbsp; existen partidas presupuestarias en el proyecto de presupuesto de la Generalitat al que se podr\u00eda&nbsp; acoger para la construcci\u00f3n sin necesidad de tener que acudir a la enmienda. Por ello se comprometi\u00f3 a hablar con la propia Consellera de Sanidad Ana Barcel\u00f3 para&nbsp; habilitar una partida del presupuesto del 2021 par la construcci\u00f3n del centro integrado hospitalario, transmitiendo que de no ser as\u00ed ten\u00edan de tiempo hasta el 26 de noviembre para registrar la enmienda. Manolo Mata tambi\u00e9n quiso puntualizar que todas las semanas recibe llamadas de la alcaldesa de Bu\u00f1ol Juncal y de otros compa\u00f1eros de la comarca.<\/p>\n\n\n\n<p class=\"wp-block-paragraph\">El presidente de la plataforma Antonio Barrero ha manifestado que&nbsp; la propia Consellera de Sanidad,&nbsp; en los presupuestos del 2018 ya habilit\u00f3 una partida para empezar la construcci\u00f3n del centro integrado hospitalario por lo que le resultar\u00eda un poco incompresible que ahora existiendo partida sin designar no lo designara a la construcci\u00f3n ya que la necesidad sigue existiendo. Tambi\u00e9n ha querido expresar que si se consiguiese sin necesidad de registrar la enmienda el Sindic del&nbsp; PSPV-PSPV habr\u00eda salvarguardado la dignidad y honorabilidad de todos sus compa\u00f1eros de la comarca, e incluso de la propia Vicepresidenta de la Generalitat M\u00f3nica Oltra, del propio Presidente de las Cortes Valencianas Enric Morera y de otros diputados de las Corts que cuando estaban en la oposici\u00f3n defend\u00eda a capa y espada la construcci\u00f3n de este centro. y ser\u00eda un ejemplo de democracia ya que todas las enmiendas y mociones presentadas por todos los ayuntamientos a lo largo de estos 16 a\u00f1os habr\u00edan sido escuchadas y sobre todo respetadas como integrantes de la administraci\u00f3n local y p\u00fablica.<\/p>\n\n\n\n<p class=\"wp-block-paragraph\">Para finalizar la Plataforma ha querido agradecer al Sindic su preocupaci\u00f3n e inter\u00e9s por solucionar de una vez por todas los problemas sanitarios de la comarca y plasm\u00e1ndose en la construcci\u00f3n del centro.<\/p>\n\n\n\n<p class=\"wp-block-paragraph\">La Plataforma a pesar de sentirse muy satisfecha seguir\u00e1 dando pasos a fin de garantizar la partida presupuestaria para iniciar la construcci\u00f3n del centro integrado hospitalario, recordando que si se consiguiese deber\u00eda de estar en una parcela con una dotaci\u00f3n de superficie de m\u00ednimo de 20.000 mil metros cuadrados ya que este centro ser\u00eda el primer paso para albergar en un futuro el hospital comarca de referencia para los vecinos de la comarca.<\/p>\n","protected":false},"excerpt":{"rendered":"<div class=\"mh-excerpt\">El passat 6 de novembre el S\u00edndic de el PSPV-PSOE a les Corts Valencianes i m\u00e0xim representant de el grup parlamentari, Manolo Mata, va mantenir una reuni\u00f3 de treball amb representants de la Plataforma Pro <a class=\"mh-excerpt-more\" href=\"https:\/\/tucomarca.whitekongsoftware.com\/ca\/representants-de-la-plataforma-pro-hospital-es-reuneixen-amb-el-portaveu-del-pspv-psoe-a-les-corts-manolo-mata\/\" title=\"Representants de la Plataforma Pro hospital es reuneixen amb el portaveu del PSPV-PSOE a les Corts, Manolo Mata\">[+] <\/a><\/div>\n","protected":false},"author":12,"featured_media":119167,"comment_status":"open","ping_status":"open","sticky":false,"template":"","format":"standard","meta":{"footnotes":""},"categories":[11010,10894,10912,10947,10896],"tags":[8116,559,2412],"class_list":["post-119168","post","type-post","status-publish","format-standard","has-post-thumbnail","category-canal-salud","category-la-comarca-ca","category-la-hoya-ca","category-politica","category-seccion-ca","tag-cortes-valencianas","tag-plataforma-pro-hospital","tag-pspv-psoe"],"_links":{"self":[{"href":"https:\/\/tucomarca.whitekongsoftware.com\/ca\/wp-json\/wp\/v2\/posts\/119168","targetHints":{"allow":["GET"]}}],"collection":[{"href":"https:\/\/tucomarca.whitekongsoftware.com\/ca\/wp-json\/wp\/v2\/posts"}],"about":[{"href":"https:\/\/tucomarca.whitekongsoftware.com\/ca\/wp-json\/wp\/v2\/types\/post"}],"author":[{"embeddable":true,"href":"https:\/\/tucomarca.whitekongsoftware.com\/ca\/wp-json\/wp\/v2\/users\/12"}],"replies":[{"embeddable":true,"href":"https:\/\/tucomarca.whitekongsoftware.com\/ca\/wp-json\/wp\/v2\/comments?post=119168"}],"version-history":[{"count":0,"href":"https:\/\/tucomarca.whitekongsoftware.com\/ca\/wp-json\/wp\/v2\/posts\/119168\/revisions"}],"wp:featuredmedia":[{"embeddable":true,"href":"https:\/\/tucomarca.whitekongsoftware.com\/ca\/wp-json\/wp\/v2\/media\/119167"}],"wp:attachment":[{"href":"https:\/\/tucomarca.whitekongsoftware.com\/ca\/wp-json\/wp\/v2\/media?parent=119168"}],"wp:term":[{"taxonomy":"category","embeddable":true,"href":"https:\/\/tucomarca.whitekongsoftware.com\/ca\/wp-json\/wp\/v2\/categories?post=119168"},{"taxonomy":"post_tag","embeddable":true,"href":"https:\/\/tucomarca.whitekongsoftware.com\/ca\/wp-json\/wp\/v2\/tags?post=119168"}],"curies":[{"name":"wp","href":"https:\/\/api.w.org\/{rel}","templated":true}]}}