{"id":119034,"date":"2020-11-13T07:15:37","date_gmt":"2020-11-13T06:15:37","guid":{"rendered":"http:\/\/www.tucomarca.com\/wordpress\/segunda\/?p=119034"},"modified":"2020-11-13T19:33:34","modified_gmt":"2020-11-13T18:33:34","slug":"lequip-de-govern-socialista-executa-actuacions-de-renovacio-en-el-parc-de-la-placa-isabel-ii-de-requena","status":"publish","type":"post","link":"https:\/\/tucomarca.whitekongsoftware.com\/ca\/lequip-de-govern-socialista-executa-actuacions-de-renovacio-en-el-parc-de-la-placa-isabel-ii-de-requena\/","title":{"rendered":"L&#8217;equip de govern socialista executa actuacions de renovaci\u00f3 en el parc de la Pla\u00e7a Isabel II de Requena"},"content":{"rendered":"\n<p class=\"wp-block-paragraph\">Dentro de la pol\u00edtica de este Equipo de Gobierno sigue intacta la prioridad de rehabilitar los parques de nuestra localidad para que est\u00e9n siempre lo mejor posible y sean un lugar de esparcimiento y de encuentro, sobre todo para los m\u00e1s peque\u00f1os de la casa y para nuestros mayores.<\/p>\n\n\n\n<p class=\"wp-block-paragraph\">En ese sentido y para cumplir este objetivo, se han iniciado ya unas actuaciones para renovar el parque infantil ubicado en la Plaza de Isabel II del municipio.<\/p>\n\n\n\n<p class=\"wp-block-paragraph\">Concretamente las mejoras que se van a acometer pasan por la sustituci\u00f3n tanto del pavimento del parque infantil como de los elementos de juego existentes, ampliando tambi\u00e9n su n\u00famero, y dedicando adem\u00e1s una zona dentro de los mismos a los peque\u00f1os comercios, algo que sin duda servir\u00e1 para concienciar de la importancia de este sector en la sociedad a la infancia requenense.<\/p>\n\n\n\n<p class=\"wp-block-paragraph\">Con este tipo de medidas desde el Equipo de Gobierno Socialista de Requena se pretende mantener y mejorar nuestros parques de manera continuada, para que nuestra localidad pueda presumir de ellos en todo momento, algo que desde luego estamos consiguiendo.<\/p>\n","protected":false},"excerpt":{"rendered":"<div class=\"mh-excerpt\">Dentro de la pol\u00edtica de este Equipo de Gobierno sigue intacta la prioridad de rehabilitar los parques de nuestra localidad para que est\u00e9n siempre lo mejor posible y sean un lugar de esparcimiento y de <a class=\"mh-excerpt-more\" href=\"https:\/\/tucomarca.whitekongsoftware.com\/ca\/lequip-de-govern-socialista-executa-actuacions-de-renovacio-en-el-parc-de-la-placa-isabel-ii-de-requena\/\" title=\"L&#8217;equip de govern socialista executa actuacions de renovaci\u00f3 en el parc de la Pla\u00e7a Isabel II de Requena\">[+] <\/a><\/div>\n","protected":false},"author":12,"featured_media":119033,"comment_status":"open","ping_status":"open","sticky":false,"template":"","format":"standard","meta":{"footnotes":""},"categories":[10948,10894,10903,10947,10908,10909,10896],"tags":[10388,10387],"class_list":["post-119034","post","type-post","status-publish","format-standard","has-post-thumbnail","category-infraestructuras-ca","category-la-comarca-ca","category-medio-ambiente-la-comarca-ca","category-politica","category-requena-ca","category-requena-utiel-ca","category-seccion-ca","tag-requena","tag-requena-utiel"],"_links":{"self":[{"href":"https:\/\/tucomarca.whitekongsoftware.com\/ca\/wp-json\/wp\/v2\/posts\/119034","targetHints":{"allow":["GET"]}}],"collection":[{"href":"https:\/\/tucomarca.whitekongsoftware.com\/ca\/wp-json\/wp\/v2\/posts"}],"about":[{"href":"https:\/\/tucomarca.whitekongsoftware.com\/ca\/wp-json\/wp\/v2\/types\/post"}],"author":[{"embeddable":true,"href":"https:\/\/tucomarca.whitekongsoftware.com\/ca\/wp-json\/wp\/v2\/users\/12"}],"replies":[{"embeddable":true,"href":"https:\/\/tucomarca.whitekongsoftware.com\/ca\/wp-json\/wp\/v2\/comments?post=119034"}],"version-history":[{"count":0,"href":"https:\/\/tucomarca.whitekongsoftware.com\/ca\/wp-json\/wp\/v2\/posts\/119034\/revisions"}],"wp:featuredmedia":[{"embeddable":true,"href":"https:\/\/tucomarca.whitekongsoftware.com\/ca\/wp-json\/wp\/v2\/media\/119033"}],"wp:attachment":[{"href":"https:\/\/tucomarca.whitekongsoftware.com\/ca\/wp-json\/wp\/v2\/media?parent=119034"}],"wp:term":[{"taxonomy":"category","embeddable":true,"href":"https:\/\/tucomarca.whitekongsoftware.com\/ca\/wp-json\/wp\/v2\/categories?post=119034"},{"taxonomy":"post_tag","embeddable":true,"href":"https:\/\/tucomarca.whitekongsoftware.com\/ca\/wp-json\/wp\/v2\/tags?post=119034"}],"curies":[{"name":"wp","href":"https:\/\/api.w.org\/{rel}","templated":true}]}}