{"id":118702,"date":"2020-11-10T10:30:52","date_gmt":"2020-11-10T09:30:52","guid":{"rendered":"http:\/\/www.tucomarca.com\/wordpress\/segunda\/por-una-infancia-feliz-premiara-los-mejores-dibujos-de-estudiantes-de-utiel-sobre-los-derechos-de-la-infancia\/"},"modified":"2020-11-11T04:21:01","modified_gmt":"2020-11-11T03:21:01","slug":"por-una-infancia-feliz-premiara-los-mejores-dibujos-de-estudiantes-de-utiel-sobre-los-derechos-de-la-infancia","status":"publish","type":"post","link":"https:\/\/tucomarca.whitekongsoftware.com\/ca\/por-una-infancia-feliz-premiara-los-mejores-dibujos-de-estudiantes-de-utiel-sobre-los-derechos-de-la-infancia\/","title":{"rendered":"&#8220;Per una inf\u00e0ncia feli\u00e7&#8221; premiar\u00e0 els millors dibuixos d&#8217;estudiants d&#8217;Utiel sobre els drets de la inf\u00e0ncia"},"content":{"rendered":"\n<h4 class=\"wp-block-heading\">El plazo para participar finaliza el 16 de noviembre. El concurso incluye 9 premios con diferentes lotes de material escolar valorados en 675 \u20ac<\/h4>\n\n\n\n<p class=\"wp-block-paragraph\">Hasta el pr\u00f3ximo lunes, 16 de noviembre, los estudiantes de Utiel pueden mostrar su compromiso con los derechos de la infancia participando en el concurso de dibujo\u201d Por una infancia feliz\u201d<\/p>\n\n\n\n<p class=\"wp-block-paragraph\">El certamen est\u00e1 dirigido a ni\u00f1os y j\u00f3venes de edades comprendidas entre 6 y 16 a\u00f1os que est\u00e9n cursando estudios en centros educativos de Utiel y pedan\u00edas.<\/p>\n\n\n\n<p class=\"wp-block-paragraph\">El objetivo de este certamen, convocado por las Concejal\u00edas de Infancia y Juventud y Servicios Sociales con motivo del D\u00eda Internacional de los Derechos de la Infancia (20 de noviembre) es implicar a ni\u00f1os y j\u00f3venes del municipio en la reivindicaci\u00f3n de los derechos internacionales de la infancia.<\/p>\n\n\n\n<p class=\"wp-block-paragraph\"><strong>La Convenci\u00f3n de los Derechos del Ni\u00f1o y sus 54 art\u00edculos<\/strong><\/p>\n\n\n\n<p class=\"wp-block-paragraph\">El Ayuntamiento de Utiel ha editado un d\u00edptico informativo en el que se recogen algunos de los principales art\u00edculos de la Convenci\u00f3n de los Derechos del Ni\u00f1o.<\/p>\n\n\n\n<p class=\"wp-block-paragraph\">Entre los art\u00edculos destacados, el tratado internacional recoge el derecho a una vida digna, a la alimentaci\u00f3n, a la no discriminaci\u00f3n, a la intimidad, a la salud, a la educaci\u00f3n o el derecho al juego y al descanso entre otros.<\/p>\n\n\n\n<p class=\"wp-block-paragraph\">Los participantes podr\u00e1n utilizar cualquiera de estos art\u00edculos para reflejar a trav\u00e9s de un dibujo, collage o pintura la importancia de la protecci\u00f3n del bienestar de la infancia teniendo en cuenta que los ni\u00f1os son uno de los colectivos m\u00e1s vulnerables en la sociedad.<\/p>\n\n\n\n<p class=\"wp-block-paragraph\"><strong>Plazo de presentaci\u00f3n de obras<\/strong><\/p>\n\n\n\n<p class=\"wp-block-paragraph\">Los participantes tienen de plazo hasta el 16 de noviembre para entregar sus obras en la conserjer\u00eda del Ayuntamiento de Utiel en horario de 9 a 14.30 horas.&nbsp;<\/p>\n\n\n\n<p class=\"wp-block-paragraph\"><strong>Premios&nbsp;<\/strong><\/p>\n\n\n\n<p class=\"wp-block-paragraph\">Los premios consistir\u00e1n en diferentes lotes de material escolar estableci\u00e9ndose tres premios por cada categor\u00eda.<\/p>\n\n\n\n<p class=\"wp-block-paragraph\">Se han creado tres categor\u00edas por edades (de 6 a 9 a\u00f1os, de 10 a 12 a\u00f1os y de 13 a 16 a\u00f1os) y cada categor\u00eda incluir\u00e1 tres premios: el primero valorado en 100\u20ac, el segundo en 75 \u20ac y el tercero en 50 \u20ac.<\/p>\n\n\n\n<p class=\"wp-block-paragraph\">El jurado calificador har\u00e1 p\u00fablicos los premios el 20 de noviembre, coincidiendo con el D\u00eda Internacional de los Derechos de la Infancia.<\/p>\n\n\n\n<p class=\"wp-block-paragraph\">D\u00edptico sobre los Derechos de la Infancia y Bases del Concurso de Dibujo \u201cPor una infancia feliz\u201d en <a href=\"http:\/\/www.utiel.es\/es\/report\/concurso-dibujo-por-una-infancia-feliz\">www.utiel.es<\/a>&nbsp;<\/p>\n","protected":false},"excerpt":{"rendered":"<div class=\"mh-excerpt\">El plazo para participar finaliza el 16 de noviembre. El concurso incluye 9 premios con diferentes lotes de material escolar valorados en 675 \u20ac Hasta el pr\u00f3ximo lunes, 16 de noviembre, los estudiantes de Utiel <a class=\"mh-excerpt-more\" href=\"https:\/\/tucomarca.whitekongsoftware.com\/ca\/por-una-infancia-feliz-premiara-los-mejores-dibujos-de-estudiantes-de-utiel-sobre-los-derechos-de-la-infancia\/\" title=\"&#8220;Per una inf\u00e0ncia feli\u00e7&#8221; premiar\u00e0 els millors dibuixos d&#8217;estudiants d&#8217;Utiel sobre els drets de la inf\u00e0ncia\">[+] <\/a><\/div>\n","protected":false},"author":12,"featured_media":118644,"comment_status":"open","ping_status":"open","sticky":false,"template":"","format":"standard","meta":{"footnotes":""},"categories":[10894,10909,10896,11059],"tags":[10387,10389],"class_list":["post-118702","post","type-post","status-publish","format-standard","has-post-thumbnail","category-la-comarca-ca","category-requena-utiel-ca","category-seccion-ca","category-utiel-ca","tag-requena-utiel","tag-utiel"],"_links":{"self":[{"href":"https:\/\/tucomarca.whitekongsoftware.com\/ca\/wp-json\/wp\/v2\/posts\/118702","targetHints":{"allow":["GET"]}}],"collection":[{"href":"https:\/\/tucomarca.whitekongsoftware.com\/ca\/wp-json\/wp\/v2\/posts"}],"about":[{"href":"https:\/\/tucomarca.whitekongsoftware.com\/ca\/wp-json\/wp\/v2\/types\/post"}],"author":[{"embeddable":true,"href":"https:\/\/tucomarca.whitekongsoftware.com\/ca\/wp-json\/wp\/v2\/users\/12"}],"replies":[{"embeddable":true,"href":"https:\/\/tucomarca.whitekongsoftware.com\/ca\/wp-json\/wp\/v2\/comments?post=118702"}],"version-history":[{"count":0,"href":"https:\/\/tucomarca.whitekongsoftware.com\/ca\/wp-json\/wp\/v2\/posts\/118702\/revisions"}],"wp:featuredmedia":[{"embeddable":true,"href":"https:\/\/tucomarca.whitekongsoftware.com\/ca\/wp-json\/wp\/v2\/media\/118644"}],"wp:attachment":[{"href":"https:\/\/tucomarca.whitekongsoftware.com\/ca\/wp-json\/wp\/v2\/media?parent=118702"}],"wp:term":[{"taxonomy":"category","embeddable":true,"href":"https:\/\/tucomarca.whitekongsoftware.com\/ca\/wp-json\/wp\/v2\/categories?post=118702"},{"taxonomy":"post_tag","embeddable":true,"href":"https:\/\/tucomarca.whitekongsoftware.com\/ca\/wp-json\/wp\/v2\/tags?post=118702"}],"curies":[{"name":"wp","href":"https:\/\/api.w.org\/{rel}","templated":true}]}}