{"id":118607,"date":"2020-11-09T18:00:38","date_gmt":"2020-11-09T17:00:38","guid":{"rendered":"http:\/\/www.tucomarca.com\/wordpress\/segunda\/?p=118607"},"modified":"2020-11-11T04:26:00","modified_gmt":"2020-11-11T03:26:00","slug":"carlet-aiora-caudete-requena-riba-roja-godelleta-camporrobles-i-lliria-aporten-casos-als-711-nous-contagis-de-coronavirus-a-la-comunitat","status":"publish","type":"post","link":"https:\/\/tucomarca.whitekongsoftware.com\/ca\/carlet-aiora-caudete-requena-riba-roja-godelleta-camporrobles-i-lliria-aporten-casos-als-711-nous-contagis-de-coronavirus-a-la-comunitat\/","title":{"rendered":"Carlet, Aiora, Caudete, Requena, Riba-roja, Godelleta, Camporrobles i Ll\u00edria aporten casos als 711 nous contagis de coronavirus a la Comunitat"},"content":{"rendered":"\n<p class=\"wp-block-paragraph\"><strong>Per prov\u00edncies: 44 casos nous a Castell\u00f3, 312 a Alacant i 355 a Val\u00e8ncia. Els hospitals valencians tenen 1.554 persones ingressades i, d&#8217;elles, 248 en Unitats de Vigil\u00e0ncia Intensiva<\/strong><\/p>\n\n\n\n<p class=\"wp-block-paragraph\">La Comunitat Valenciana ha registrat 711 nous casos de coronavirus confirmats per prova PCR o mitjan\u00e7ant test d&#8217;ant\u00edgens, que situen la xifra total de positius en 72.663 persones. Per prov\u00edncies, la distribuci\u00f3 de nous positius \u00e9s la seg\u00fcent: 44 a Castell\u00f3 (8.225 en total); 312 a Alacant (25.112 en total), i 355 a la prov\u00edncia de Val\u00e8ncia (39.324 en total). A m\u00e9s, el nombre total de pacients sense assignar \u00e9s actualment de 2.<\/p>\n\n\n\n<p class=\"wp-block-paragraph\">Per la seua banda, des de l&#8217;\u00faltima actualitzaci\u00f3 s&#8217;han registrat 2.448 altes a pacients amb coronavirus, de manera que el total de persones curades des de l&#8217;inici de la pand\u00e8mia se situa en 67.607: 7.581 a Castell\u00f3, 23.074 a Alacant i 36.902 a Val\u00e8ncia. A m\u00e9s, hi ha una nova alta sense assignar, de manera que el total d&#8217;altes sense assignaci\u00f3 \u00e9s de 50.<\/p>\n\n\n\n<p class=\"wp-block-paragraph\">D&#8217;aquesta manera, a hores d&#8217;ara hi ha 13.403 casos actius, la qual cosa suposa un 16,16% de l&#8217;total de positius.<\/p>\n\n\n\n<p class=\"wp-block-paragraph\">Els hospitals valencians tenen, actualment, 1.554 persones ingressades: 128 a la prov\u00edncia de Castell\u00f3, amb 24 pacients en UCI; 531 a la prov\u00edncia d&#8217;Alacant, 85 d&#8217;ells a l&#8217;UCI; i 895 a la prov\u00edncia de Val\u00e8ncia, 139 d&#8217;ells a UCI.<\/p>\n\n\n\n<p class=\"wp-block-paragraph\">D&#8217;altra banda, s&#8217;han registrat 26 morts per coronavirus des de l&#8217;\u00faltima actualitzaci\u00f3, de manera que el total de defuncions \u00e9s de 1.933 persones: 282 a la prov\u00edncia de Castell\u00f3, 670 a la d&#8217;Alacant i 981 a la de Val\u00e8ncia.<\/p>\n\n\n\n<p class=\"wp-block-paragraph\">El nombre total de proves dutes a terme per a la detecci\u00f3 de l&#8217;coronavirus ascendeix a 1.511.737, de les quals 1.353.564 han estat a trav\u00e9s de PCR i 158.173 mitjan\u00e7ant test r\u00e0pid.<\/p>\n\n\n\n<p class=\"wp-block-paragraph\">Actualitzaci\u00f3 de la situaci\u00f3 en resid\u00e8ncies<\/p>\n\n\n\n<p class=\"wp-block-paragraph\">A dia de hui, hi ha algun cas positiu en 55 resid\u00e8ncies de majors (4 a la prov\u00edncia de Castell\u00f3, 17 a la prov\u00edncia d&#8217;Alacant i 34 a la prov\u00edncia de Val\u00e8ncia), 14 centres de diversitat funcional (4 a la prov\u00edncia de Castell\u00f3, 3 a la prov\u00edncia d&#8217;Alacant i 7 a la prov\u00edncia de Val\u00e8ncia) i 3 centres de menors a la prov\u00edncia de Val\u00e8ncia.<\/p>\n\n\n\n<p class=\"wp-block-paragraph\">\u00b7 Residents nous positius: 77<br>\n\u00b7 Treballadors i treballadores nous positius: 47<br>\n\u00b7 Residents morts: 8<\/p>\n\n\n\n<p class=\"wp-block-paragraph\">Actualment, es troben sota vigil\u00e0ncia activa de control sanitari setembre resid\u00e8ncies a la Comunitat Valenciana: 1 a la prov\u00edncia de Castell\u00f3, 3 a la prov\u00edncia d&#8217;Alacant i 5 a la prov\u00edncia de Val\u00e8ncia.<\/p>\n\n\n\n<p class=\"wp-block-paragraph\"><strong>Actualitzaci\u00f3 brots de coronavirus<\/strong><\/p>\n\n\n\n<p class=\"wp-block-paragraph\">Nous brots: 53<\/p>\n\n\n\n<p class=\"wp-block-paragraph\">\u00b7 Val\u00e8ncia: 6 casos. \u00c0mbit educatiu.<br>\n\u00b7 Elx: 4 casos. Origen social.<br>\n\u00b7 Pilar de la Horadada: 4 casos. \u00c0mbit educatiu.<br>\n\u00b7 Carlet: 5 casos. Origen social.<br>\n\u00b7 Carlet: 4 casos. Origen social.<br>\n\u00b7 Val\u00e8ncia: 4 casos. Origen social.<br>\n\u00b7 Pilar de la Horadada: 4 casos. \u00c0mbit educatiu.<br>\n\u00b7 Beniarbeig: 5 casos. Origen laboral.<br>\n\u00b7 Catarroja: 6 casos. Origen social.<br>\n\u00b7 Ayora: 6 casos. Origen social.<br>\n\u00b7 Caudete de les Fonts: 9 casos. Origen social.<br>\n\u00b7 Requena: 4 casos. Origen social.<br>\n\u00b7 Riba-roja de T\u00faria: 5 casos. Origen social.<br>\n\u00b7 Camporrobles: 4 casos. Origen social.<br>\n\u00b7 Godelleta: 3 casos. Origen social.<br>\n\u00b7 Val\u00e8ncia: 8 casos. Origen laboral.<br>\n\u00b7 Borriana: 6 casos. Origen laboral.<br>\n\u00b7 Elx: 7 casos. Origen social.<br>\n\u00b7 Val\u00e8ncia: 3 casos. Origen social.<br>\n\u00b7 Ll\u00edria: 13 casos. Origen social.<br>\n\u00b7 Val\u00e8ncia: 4 casos. Origen social.<br>\n\u00b7 Val\u00e8ncia: 7 casos. Origen centre educatiu.<br>\n\u00b7 Val\u00e8ncia: 9 casos. Origen laboral.<br>\n\u00b7 Val\u00e8ncia: 4 casos. Origen laboral.<br>\n\u00b7 Banyeres de Mariola: 5 casos. Origen social.<br>\n\u00b7 Foios: 5 casos. Origen social.<br>\n\u00b7 Oriola: 5 casos. Origen laboral.<br>\n\u00b7 Alacant: 4 casos. Origen social.<br>\n\u00b7 Val\u00e8ncia: 4 casos. Origen social.<br>\n\u00b7 Alacant: 5 casos. Origen social.<br>\n\u00b7 Alacant: 6 casos. Origen social.<br>\n\u00b7 Xixona: 5 casos. Origen social.<br>\n\u00b7 L&#8217;Eliana: 3 casos. Origen social.<br>\n\u00b7 Riba-roja de T\u00faria: 14 casos. Origen laboral.<br>\n\u00b7 Oliva: 7 casos. Origen laboral.<br>\n\u00b7 Alcoi: 5 casos. Origen social.<br>\n\u00b7 Camporrobles: 3 casos. Origen social.<br>\n\u00b7 Val\u00e8ncia: 4 casos. Origen social.<br>\n\u00b7 Val\u00e8ncia: 10 casos. Origen social.<br>\n\u00b7 Val\u00e8ncia: 4 casos. Origen social.<br>\n\u00b7 Gandia: 6 casos. Origen social.<br>\n\u00b7 Aldaia: 4 casos. Origen social.<br>\n\u00b7 Elda: 4 casos. \u00c0mbit educatiu.<br>\n\u00b7 El Pin\u00f3s: 3 casos. \u00c0mbit educatiu.<br>\n\u00b7 Elda: 3 casos. \u00c0mbit educatiu.<br>\n\u00b7 Elda: 3 casos. \u00c0mbit educatiu.<br>\n\u00b7 Ibi: 3 casos. Origen social.<br>\n\u00b7 Ibi: 3 casos. Origen laboral.<br>\n\u00b7 Albatera: 5 casos. Origen social.<br>\n\u00b7 Almorad\u00ed: 12 casos. Origen social.<br>\n\u00b7 Villena: 14 casos. Origen social.<br>\n\u00b7 Bigastro: 4 casos. Origen laboral.<br>\n\u00b7 Almorad\u00ed: 14 casos. \u00c0mbit educatiu.<\/p>\n","protected":false},"excerpt":{"rendered":"<div class=\"mh-excerpt\">Per prov\u00edncies: 44 casos nous a Castell\u00f3, 312 a Alacant i 355 a Val\u00e8ncia. Els hospitals valencians tenen 1.554 persones ingressades i, d&#8217;elles, 248 en Unitats de Vigil\u00e0ncia Intensiva La Comunitat Valenciana ha registrat 711 <a class=\"mh-excerpt-more\" href=\"https:\/\/tucomarca.whitekongsoftware.com\/ca\/carlet-aiora-caudete-requena-riba-roja-godelleta-camporrobles-i-lliria-aporten-casos-als-711-nous-contagis-de-coronavirus-a-la-comunitat\/\" title=\"Carlet, Aiora, Caudete, Requena, Riba-roja, Godelleta, Camporrobles i Ll\u00edria aporten casos als 711 nous contagis de coronavirus a la Comunitat\">[+] <\/a><\/div>\n","protected":false},"author":12,"featured_media":97236,"comment_status":"open","ping_status":"open","sticky":false,"template":"","format":"standard","meta":{"footnotes":""},"categories":[10954,10951,10892,11031,11010,11032,12202,10898,10894,10904,10928,10909,10906,10896],"tags":[11939,11940],"class_list":["post-118607","post","type-post","status-publish","format-standard","has-post-thumbnail","category-ayora-ca","category-ayora-cofrentes-ca","category-camp-de-turia-ca","category-camporrobles-ca","category-canal-salud","category-caudete-ca","category-covid-19-ca","category-ventana-ca","category-la-comarca-ca","category-sin-categorizar-ca","category-lliria-ca","category-requena-utiel-ca","category-riba-roja-ca","category-seccion-ca","tag-coronavirus-ca","tag-covid-19-ca"],"_links":{"self":[{"href":"https:\/\/tucomarca.whitekongsoftware.com\/ca\/wp-json\/wp\/v2\/posts\/118607","targetHints":{"allow":["GET"]}}],"collection":[{"href":"https:\/\/tucomarca.whitekongsoftware.com\/ca\/wp-json\/wp\/v2\/posts"}],"about":[{"href":"https:\/\/tucomarca.whitekongsoftware.com\/ca\/wp-json\/wp\/v2\/types\/post"}],"author":[{"embeddable":true,"href":"https:\/\/tucomarca.whitekongsoftware.com\/ca\/wp-json\/wp\/v2\/users\/12"}],"replies":[{"embeddable":true,"href":"https:\/\/tucomarca.whitekongsoftware.com\/ca\/wp-json\/wp\/v2\/comments?post=118607"}],"version-history":[{"count":0,"href":"https:\/\/tucomarca.whitekongsoftware.com\/ca\/wp-json\/wp\/v2\/posts\/118607\/revisions"}],"wp:featuredmedia":[{"embeddable":true,"href":"https:\/\/tucomarca.whitekongsoftware.com\/ca\/wp-json\/wp\/v2\/media\/97236"}],"wp:attachment":[{"href":"https:\/\/tucomarca.whitekongsoftware.com\/ca\/wp-json\/wp\/v2\/media?parent=118607"}],"wp:term":[{"taxonomy":"category","embeddable":true,"href":"https:\/\/tucomarca.whitekongsoftware.com\/ca\/wp-json\/wp\/v2\/categories?post=118607"},{"taxonomy":"post_tag","embeddable":true,"href":"https:\/\/tucomarca.whitekongsoftware.com\/ca\/wp-json\/wp\/v2\/tags?post=118607"}],"curies":[{"name":"wp","href":"https:\/\/api.w.org\/{rel}","templated":true}]}}