{"id":118504,"date":"2020-11-07T08:30:08","date_gmt":"2020-11-07T07:30:08","guid":{"rendered":"http:\/\/www.tucomarca.com\/wordpress\/segunda\/?p=118504"},"modified":"2020-11-07T22:14:39","modified_gmt":"2020-11-07T21:14:39","slug":"uns-300-majors-assistixen-a-les-activitats-del-ceam-de-requena","status":"publish","type":"post","link":"https:\/\/tucomarca.whitekongsoftware.com\/ca\/uns-300-majors-assistixen-a-les-activitats-del-ceam-de-requena\/","title":{"rendered":"Uns 300 majors assistixen a les activitats del CEAM de Requena"},"content":{"rendered":"\n<p class=\"wp-block-paragraph\">Uns 300 usuaris assistixen als quaranta tallers que s&#8217;estan desenrotllant en el Centre Especialitzat d&#8217;Atenci\u00f3 a Majors -CEAM- de Requena, dependent de la Conselleria d&#8217;Igualtat i Pol\u00edtiques Inclusives. Les activitats estan relacionades amb les \u00e0rees fisicoesportives, ter\u00e0pia ocupacional, rehabilitaci\u00f3 preventiva, informaci\u00f3 i formaci\u00f3 sobre h\u00e0bits de salut i socioeducatives.<\/p>\n\n\n\n<p class=\"wp-block-paragraph\">El president del centre, Ernesto Mart\u00ednez va destacar les mesures de seguretat que s&#8217;apliquen en les instal\u00b7lacions del mateix, per a evitar contagis de Covid-19 i va concretar que &#8220;se ha limitat el nombre de participants en les activitats, que a m\u00e9s es realitzen amb la m\u00e0scara posada i es pren la temperatura dels usuaris abans de cada taller&#8221;.<\/p>\n\n\n\n<p class=\"wp-block-paragraph\">Mart\u00ednez tamb\u00e9 va voler deixar clar que poden ser usuaris del CEAM de Requena &#8220;todos els majors de 60 anys que estiguen empadronats en qualsevol municipi de les comarques de Requena-Utiel i la Vall d&#8217;Ayora&#8221;. Informa, <strong>Luis Ib\u00e1\u00f1ez.<\/strong><\/p>\n","protected":false},"excerpt":{"rendered":"<div class=\"mh-excerpt\">Uns 300 usuaris assistixen als quaranta tallers que s&#8217;estan desenrotllant en el Centre Especialitzat d&#8217;Atenci\u00f3 a Majors -CEAM- de Requena, dependent de la Conselleria d&#8217;Igualtat i Pol\u00edtiques Inclusives. Les activitats estan relacionades amb les \u00e0rees <a class=\"mh-excerpt-more\" href=\"https:\/\/tucomarca.whitekongsoftware.com\/ca\/uns-300-majors-assistixen-a-les-activitats-del-ceam-de-requena\/\" title=\"Uns 300 majors assistixen a les activitats del CEAM de Requena\">[+] <\/a><\/div>\n","protected":false},"author":12,"featured_media":118503,"comment_status":"open","ping_status":"open","sticky":false,"template":"","format":"standard","meta":{"footnotes":""},"categories":[11010,10948,10894,10908,10909,10896],"tags":[12980,10388,10387],"class_list":["post-118504","post","type-post","status-publish","format-standard","has-post-thumbnail","category-canal-salud","category-infraestructuras-ca","category-la-comarca-ca","category-requena-ca","category-requena-utiel-ca","category-seccion-ca","tag-ceam-de-requena","tag-requena","tag-requena-utiel"],"_links":{"self":[{"href":"https:\/\/tucomarca.whitekongsoftware.com\/ca\/wp-json\/wp\/v2\/posts\/118504","targetHints":{"allow":["GET"]}}],"collection":[{"href":"https:\/\/tucomarca.whitekongsoftware.com\/ca\/wp-json\/wp\/v2\/posts"}],"about":[{"href":"https:\/\/tucomarca.whitekongsoftware.com\/ca\/wp-json\/wp\/v2\/types\/post"}],"author":[{"embeddable":true,"href":"https:\/\/tucomarca.whitekongsoftware.com\/ca\/wp-json\/wp\/v2\/users\/12"}],"replies":[{"embeddable":true,"href":"https:\/\/tucomarca.whitekongsoftware.com\/ca\/wp-json\/wp\/v2\/comments?post=118504"}],"version-history":[{"count":0,"href":"https:\/\/tucomarca.whitekongsoftware.com\/ca\/wp-json\/wp\/v2\/posts\/118504\/revisions"}],"wp:featuredmedia":[{"embeddable":true,"href":"https:\/\/tucomarca.whitekongsoftware.com\/ca\/wp-json\/wp\/v2\/media\/118503"}],"wp:attachment":[{"href":"https:\/\/tucomarca.whitekongsoftware.com\/ca\/wp-json\/wp\/v2\/media?parent=118504"}],"wp:term":[{"taxonomy":"category","embeddable":true,"href":"https:\/\/tucomarca.whitekongsoftware.com\/ca\/wp-json\/wp\/v2\/categories?post=118504"},{"taxonomy":"post_tag","embeddable":true,"href":"https:\/\/tucomarca.whitekongsoftware.com\/ca\/wp-json\/wp\/v2\/tags?post=118504"}],"curies":[{"name":"wp","href":"https:\/\/api.w.org\/{rel}","templated":true}]}}