{"id":118462,"date":"2020-11-07T19:00:26","date_gmt":"2020-11-07T18:00:26","guid":{"rendered":"http:\/\/www.tucomarca.com\/wordpress\/segunda\/?p=118462"},"modified":"2020-11-07T20:14:28","modified_gmt":"2020-11-07T19:14:28","slug":"betera-contribuye-con-5-casos-lliria-con-3-y-villar-del-arzobispo-con-3-a-los-2-327-nuevos-contagios-de-coronavirus-de-la-ultima-jornada","status":"publish","type":"post","link":"https:\/\/tucomarca.whitekongsoftware.com\/ca\/betera-contribuye-con-5-casos-lliria-con-3-y-villar-del-arzobispo-con-3-a-los-2-327-nuevos-contagios-de-coronavirus-de-la-ultima-jornada\/","title":{"rendered":"B\u00e9tera  contribuye con 5 casos, Ll\u00edria con 3 y Villar del Arzobispo con 3 a los 2.327 nuevos contagios de coronavirus de la \u00faltima jornada"},"content":{"rendered":"\n<p class=\"wp-block-paragraph\">La Conselleria de Sanitat Universal i Salut P\u00fablica ha registrat 2.327 nous contagis de coronavirus confirmats per prova PCR o prova d&#8217;ant\u00edgens a la Comunitat Valenciana, que situen la xifra total de positius en 71.952 persones. <\/p>\n\n\n\n<p class=\"wp-block-paragraph\">Per prov\u00edncies, la distribuci\u00f3 \u00e9s la seg\u00fcent: 271 a Castell\u00f3 (8.157 en total); 732 a Alacant (24.750 en total), i 1.190 a la prov\u00edncia de Val\u00e8ncia (38.909 en total). A m\u00e9s, s&#8217;han registrat 134 casos sense assignar, de manera que el nombre total ascendeix a 136. <\/p>\n\n\n\n<p class=\"wp-block-paragraph\">D&#8217;altra banda, els hospitals valencians compten en aquests moments amb 1.359 persones ingressades: 118 a la prov\u00edncia de Castell\u00f3, amb 23 pacients en UCI; 473 persones en la d&#8217;Alacant, amb 84 a UCI; i 768 a la prov\u00edncia de Val\u00e8ncia, dels quals 134 es troben a la UCI. <\/p>\n\n\n\n<p class=\"wp-block-paragraph\"><strong>Actualitzaci\u00f3 brots de coronavirus <\/strong><\/p>\n\n\n\n<p class=\"wp-block-paragraph\">Nous brots: 20 \u00b7 La Pobla de Farnals: 3 casos. origen social \u00b7 Val\u00e8ncia: 6 casos. origen social \u00b7 Villar de l&#8217;Arquebisbe: 3 casos. origen social \u00b7 Val\u00e8ncia: 3 casos. origen social \u00b7 Sant Joan d&#8217;Alacant: 4 casos. \u00e0mbit educatiu \u00b7 Aspe: 5 casos. origen social \u00b7 Elx: 3 casos. origen social \u00b7 Alcoi: 4 casos. origen laboral \u00b7 Elx: 3 casos. origen social \u00b7 Aspe: 4 casos. origen social \u00b7 Aspe: 3 casos. origen social \u00b7 Elx: 4 casos. origen social \u00b7 Val\u00e8ncia: 4 casos. origen social \u00b7 Elx: 3 casos. origen social \u00b7 Ll\u00edria: 3 casos. origen social \u00b7 Val\u00e8ncia: 3 casos. origen social \u00b7 Alcoi: 3 casos. \u00e0mbit educatiu \u00b7 Val\u00e8ncia: 8 casos. origen laboral \u00b7 B\u00e9tera: 5 casos. origen social \u00b7 Sagunt: 3 casos. origen social<\/p>\n","protected":false},"excerpt":{"rendered":"<div class=\"mh-excerpt\">La Conselleria de Sanitat Universal i Salut P\u00fablica ha registrat 2.327 nous contagis de coronavirus confirmats per prova PCR o prova d&#8217;ant\u00edgens a la Comunitat Valenciana, que situen la xifra total de positius en 71.952 <a class=\"mh-excerpt-more\" href=\"https:\/\/tucomarca.whitekongsoftware.com\/ca\/betera-contribuye-con-5-casos-lliria-con-3-y-villar-del-arzobispo-con-3-a-los-2-327-nuevos-contagios-de-coronavirus-de-la-ultima-jornada\/\" title=\"B\u00e9tera  contribuye con 5 casos, Ll\u00edria con 3 y Villar del Arzobispo con 3 a los 2.327 nuevos contagios de coronavirus de la \u00faltima jornada\">[+] <\/a><\/div>\n","protected":false},"author":1,"featured_media":111285,"comment_status":"open","ping_status":"open","sticky":false,"template":"","format":"standard","meta":{"footnotes":""},"categories":[10937,10892,11010,12202,11046,10898,10948,10894,10904,10928,10903,10947,10896,10897,11029],"tags":[10899,11939,11940,11928,11080],"class_list":["post-118462","post","type-post","status-publish","format-standard","has-post-thumbnail","category-betera-ca","category-camp-de-turia-ca","category-canal-salud","category-covid-19-ca","category-los-serranos-ca","category-ventana-ca","category-infraestructuras-ca","category-la-comarca-ca","category-sin-categorizar-ca","category-lliria-ca","category-medio-ambiente-la-comarca-ca","category-politica","category-seccion-ca","category-sucesos-la-comarca-ca","category-villar-del-arzobispo-ca","tag-camp-de-turia-ca","tag-coronavirus-ca","tag-covid-19-ca","tag-la-serrania-ca","tag-los-serranos-ca"],"_links":{"self":[{"href":"https:\/\/tucomarca.whitekongsoftware.com\/ca\/wp-json\/wp\/v2\/posts\/118462","targetHints":{"allow":["GET"]}}],"collection":[{"href":"https:\/\/tucomarca.whitekongsoftware.com\/ca\/wp-json\/wp\/v2\/posts"}],"about":[{"href":"https:\/\/tucomarca.whitekongsoftware.com\/ca\/wp-json\/wp\/v2\/types\/post"}],"author":[{"embeddable":true,"href":"https:\/\/tucomarca.whitekongsoftware.com\/ca\/wp-json\/wp\/v2\/users\/1"}],"replies":[{"embeddable":true,"href":"https:\/\/tucomarca.whitekongsoftware.com\/ca\/wp-json\/wp\/v2\/comments?post=118462"}],"version-history":[{"count":0,"href":"https:\/\/tucomarca.whitekongsoftware.com\/ca\/wp-json\/wp\/v2\/posts\/118462\/revisions"}],"wp:featuredmedia":[{"embeddable":true,"href":"https:\/\/tucomarca.whitekongsoftware.com\/ca\/wp-json\/wp\/v2\/media\/111285"}],"wp:attachment":[{"href":"https:\/\/tucomarca.whitekongsoftware.com\/ca\/wp-json\/wp\/v2\/media?parent=118462"}],"wp:term":[{"taxonomy":"category","embeddable":true,"href":"https:\/\/tucomarca.whitekongsoftware.com\/ca\/wp-json\/wp\/v2\/categories?post=118462"},{"taxonomy":"post_tag","embeddable":true,"href":"https:\/\/tucomarca.whitekongsoftware.com\/ca\/wp-json\/wp\/v2\/tags?post=118462"}],"curies":[{"name":"wp","href":"https:\/\/api.w.org\/{rel}","templated":true}]}}