{"id":118397,"date":"2020-11-06T15:00:58","date_gmt":"2020-11-06T14:00:58","guid":{"rendered":"http:\/\/www.tucomarca.com\/wordpress\/segunda\/?p=118397"},"modified":"2020-11-07T19:36:25","modified_gmt":"2020-11-07T18:36:25","slug":"utiel-invertira-139-000-eur-en-la-renovacio-denllumenat-public-de-la-pedania-de-les-cuevas","status":"publish","type":"post","link":"https:\/\/tucomarca.whitekongsoftware.com\/ca\/utiel-invertira-139-000-eur-en-la-renovacio-denllumenat-public-de-la-pedania-de-les-cuevas\/","title":{"rendered":"Utiel invertir\u00e0 139.000 EUR en la renovaci\u00f3 d&#8217;enllumenat p\u00fablic de la pedania de Les Cuevas"},"content":{"rendered":"\n<h4 class=\"wp-block-heading\"><strong>Actuaci\u00f3 inclosa en el programa d&#8217;estalvi i efici\u00e8ncia energ\u00e8tica finan\u00e7at per IVACE<\/strong><\/h4>\n\n\n\n<p class=\"wp-block-paragraph\">La millora de l&#8217;efici\u00e8ncia energ\u00e8tica en les instal\u00b7lacions p\u00fabliques \u00e9s un dels pilars fonamentals de l&#8217;Ajuntament d&#8217;Utiel per reduir les despeses corrents de l&#8217;administraci\u00f3 local i l&#8217;enllumenat p\u00fablic \u00e9s una de les principals l\u00ednies d&#8217;actuaci\u00f3 en mat\u00e8ria d&#8217;estalvi energ\u00e8tic.<\/p>\n\n\n\n<p class=\"wp-block-paragraph\">Per aquest motiu, el consistori utielano reempla\u00e7ar\u00e0 en breu les llumin\u00e0ries de l&#8217;enllumenat p\u00fablic exterior a la pedania de Les Coves substituint la instal\u00b7laci\u00f3 d&#8217;il\u00b7luminaci\u00f3 vi\u00e0ria actual de bombetes de vapor de mercuri per tecnologia led.<\/p>\n\n\n\n<p class=\"wp-block-paragraph\">Amb aquesta intervenci\u00f3, &#8220;l&#8217;enllumenat p\u00fablic de la pedania comptar\u00e0 amb llumin\u00e0ries de tecnologia led, el que suposar\u00e0 una reducci\u00f3 substancial de l&#8217;consum aix\u00ed com l&#8217;increment de l&#8217;efici\u00e8ncia energ\u00e8tica i mediambiental&#8221; apuntava la regidora d&#8217;urbanisme i serveis generals, Elo\u00edsa Viana.<\/p>\n\n\n\n<p class=\"wp-block-paragraph\"><strong>Enllumenat p\u00fablic LED: Consum eficient<\/strong><\/p>\n\n\n\n<p class=\"wp-block-paragraph\">Concretament es renovaran m\u00e9s de 300 punts de llum en diferents sectors de la pedania amb llums de tecnologia led tant en fanals tipus vi\u00e0ria com fanals tipus vila. Una actuaci\u00f3 que inclou la substituci\u00f3 de les bombetes actuals ja obsoletes per altres llumin\u00e0ries amb major rendiment i l\u00e0mpada de menor pot\u00e8ncia.<\/p>\n\n\n\n<p class=\"wp-block-paragraph\">Aquest tipus de bombetes t\u00e9 una vida \u00fatil molt m\u00e9s gran que altres tipus de l\u00e0mpades a m\u00e9s de consumir molta menys energia,<\/p>\n\n\n\n<p class=\"wp-block-paragraph\">L&#8217;import total de el projecte de millora d&#8217;efici\u00e8ncia energ\u00e8tica en Les Coves ascendeix a 139.801,34 \u20ac, sufragat a el 50% amb fons municipals i l&#8217;altre 50% a trav\u00e9s de la subvenci\u00f3 de 69.900,50 \u20ac concedida per l&#8217;Institut Valenci\u00e0 de Competitivitat Empresarial (IVACE) de la Generalitat Valenciana.<\/p>\n\n\n\n<p class=\"wp-block-paragraph\"><strong>Sostenibilitat energ\u00e8tica d&#8217;espais p\u00fablics<\/strong><\/p>\n\n\n\n<p class=\"wp-block-paragraph\">L&#8217;Ajuntament d&#8217;Utiel ha implantat sistemes d&#8217;estalvi energ\u00e8tic a trav\u00e9s de diferents intervencions com l&#8217;optimitzaci\u00f3 de quadres d&#8217;enllumenat p\u00fablic mitjan\u00e7ant la col\u00b7locaci\u00f3 de reductors de flux tant a Utiel com pedanies; la substituci\u00f3 de llumin\u00e0ries en vies p\u00fabliques i en \u00e0rees industrials o la implantaci\u00f3 de el projecte 50\/50 en centres educatius d&#8217;Utiel per educar i implicar els m\u00e9s xicotets en l&#8217;\u00fas responsable de l&#8217;energia.<\/p>\n\n\n\n<p class=\"wp-block-paragraph\">Cal assenyalar que l&#8217;Ajuntament d&#8217;Utiel rebia aquest any el reconeixement d&#8217;efici\u00e8ncia energ\u00e8tica de el projecte europeu SHERPA per la reducci\u00f3 energ\u00e8tica en edificis p\u00fablics.<\/p>\n","protected":false},"excerpt":{"rendered":"<div class=\"mh-excerpt\">Actuaci\u00f3 inclosa en el programa d&#8217;estalvi i efici\u00e8ncia energ\u00e8tica finan\u00e7at per IVACE La millora de l&#8217;efici\u00e8ncia energ\u00e8tica en les instal\u00b7lacions p\u00fabliques \u00e9s un dels pilars fonamentals de l&#8217;Ajuntament d&#8217;Utiel per reduir les despeses corrents de <a class=\"mh-excerpt-more\" href=\"https:\/\/tucomarca.whitekongsoftware.com\/ca\/utiel-invertira-139-000-eur-en-la-renovacio-denllumenat-public-de-la-pedania-de-les-cuevas\/\" title=\"Utiel invertir\u00e0 139.000 EUR en la renovaci\u00f3 d&#8217;enllumenat p\u00fablic de la pedania de Les Cuevas\">[+] <\/a><\/div>\n","protected":false},"author":12,"featured_media":118396,"comment_status":"open","ping_status":"open","sticky":false,"template":"","format":"standard","meta":{"footnotes":""},"categories":[10948,10894,11056,10903,10947,10909,10896,11059],"tags":[12973,10387,10389],"class_list":["post-118397","post","type-post","status-publish","format-standard","has-post-thumbnail","category-infraestructuras-ca","category-la-comarca-ca","category-las-cuevas-ca","category-medio-ambiente-la-comarca-ca","category-politica","category-requena-utiel-ca","category-seccion-ca","category-utiel-ca","tag-las-cuevas","tag-requena-utiel","tag-utiel"],"_links":{"self":[{"href":"https:\/\/tucomarca.whitekongsoftware.com\/ca\/wp-json\/wp\/v2\/posts\/118397","targetHints":{"allow":["GET"]}}],"collection":[{"href":"https:\/\/tucomarca.whitekongsoftware.com\/ca\/wp-json\/wp\/v2\/posts"}],"about":[{"href":"https:\/\/tucomarca.whitekongsoftware.com\/ca\/wp-json\/wp\/v2\/types\/post"}],"author":[{"embeddable":true,"href":"https:\/\/tucomarca.whitekongsoftware.com\/ca\/wp-json\/wp\/v2\/users\/12"}],"replies":[{"embeddable":true,"href":"https:\/\/tucomarca.whitekongsoftware.com\/ca\/wp-json\/wp\/v2\/comments?post=118397"}],"version-history":[{"count":0,"href":"https:\/\/tucomarca.whitekongsoftware.com\/ca\/wp-json\/wp\/v2\/posts\/118397\/revisions"}],"wp:featuredmedia":[{"embeddable":true,"href":"https:\/\/tucomarca.whitekongsoftware.com\/ca\/wp-json\/wp\/v2\/media\/118396"}],"wp:attachment":[{"href":"https:\/\/tucomarca.whitekongsoftware.com\/ca\/wp-json\/wp\/v2\/media?parent=118397"}],"wp:term":[{"taxonomy":"category","embeddable":true,"href":"https:\/\/tucomarca.whitekongsoftware.com\/ca\/wp-json\/wp\/v2\/categories?post=118397"},{"taxonomy":"post_tag","embeddable":true,"href":"https:\/\/tucomarca.whitekongsoftware.com\/ca\/wp-json\/wp\/v2\/tags?post=118397"}],"curies":[{"name":"wp","href":"https:\/\/api.w.org\/{rel}","templated":true}]}}