{"id":118390,"date":"2020-11-06T01:05:07","date_gmt":"2020-11-06T00:05:07","guid":{"rendered":"http:\/\/www.tucomarca.com\/wordpress\/segunda\/?p=118390"},"modified":"2020-11-06T01:08:16","modified_gmt":"2020-11-06T00:08:16","slug":"video-entrevista-lentrenador-adrian-ferrandis-descriu-la-plantilla-amb-la-qual-el-cd-bunyol-busca-fer-historia-a-la-copa-del-rei","status":"publish","type":"post","link":"https:\/\/tucomarca.whitekongsoftware.com\/ca\/video-entrevista-lentrenador-adrian-ferrandis-descriu-la-plantilla-amb-la-qual-el-cd-bunyol-busca-fer-historia-a-la-copa-del-rei\/","title":{"rendered":"V\u00eddeo entrevista: L&#8217;entrenador, Adri\u00e1n Ferrandis, descriu la plantilla amb la qual el CD Bunyol busca fer hist\u00f2ria a la Copa d&#8217;el Rei"},"content":{"rendered":"\n<figure class=\"wp-block-embed-youtube wp-block-embed is-type-video is-provider-youtube wp-embed-aspect-16-9 wp-has-aspect-ratio\"><div class=\"wp-block-embed__wrapper\">\n<iframe loading=\"lazy\" title=\"V\u00eddeo entrevista: Adri\u00e1n Ferrandis describe la plantilla con la que el CD Bu\u00f1ol busca hacer historia\" width=\"500\" height=\"281\" src=\"https:\/\/www.youtube.com\/embed\/OTTiofyTQ4c?feature=oembed\" frameborder=\"0\" allow=\"accelerometer; autoplay; clipboard-write; encrypted-media; gyroscope; picture-in-picture; web-share\" referrerpolicy=\"strict-origin-when-cross-origin\" allowfullscreen><\/iframe>\n<\/div><\/figure>\n\n\n\n<p class=\"wp-block-paragraph\">V\u00eddeo entrevista realitzada per <strong>tucomarca televisi\u00f3<\/strong> a l&#8217;entrenador del CD Bunyol, Adri\u00e1n Ferrandis, qui descriu a cada un dels jugadors amb qu\u00e8 compta la primera plantilla de el club blanc per tornar a fer una gran temporada, com ja ocorregu\u00e9s l&#8217;any passat; aix\u00ed com per fer hist\u00f2ria dins de la Copa de Sa Majestat El Rei. <\/p>\n\n\n\n<p class=\"wp-block-paragraph\">Ja que el CD Bunyol \u00e9s el primer equip de Regional Preferent de la hist\u00f2ria de el futbol espanyol que aspira a jugar aquest campionat de qu\u00e8 nom\u00e9s el separa un partit previ classificatori contra l&#8217;equip canari de Tercera Divisi\u00f3 del municipi de Guia.<\/p>\n","protected":false},"excerpt":{"rendered":"<div class=\"mh-excerpt\">V\u00eddeo entrevista realitzada per tucomarca televisi\u00f3 a l&#8217;entrenador del CD Bunyol, Adri\u00e1n Ferrandis, qui descriu a cada un dels jugadors amb qu\u00e8 compta la primera plantilla de el club blanc per tornar a fer una <a class=\"mh-excerpt-more\" href=\"https:\/\/tucomarca.whitekongsoftware.com\/ca\/video-entrevista-lentrenador-adrian-ferrandis-descriu-la-plantilla-amb-la-qual-el-cd-bunyol-busca-fer-historia-a-la-copa-del-rei\/\" title=\"V\u00eddeo entrevista: L&#8217;entrenador, Adri\u00e1n Ferrandis, descriu la plantilla amb la qual el CD Bunyol busca fer hist\u00f2ria a la Copa d&#8217;el Rei\">[+] <\/a><\/div>\n","protected":false},"author":1,"featured_media":118389,"comment_status":"open","ping_status":"open","sticky":false,"template":"","format":"video","meta":{"footnotes":""},"categories":[10911,11015,11003,10904,10912,10896,11062],"tags":[537,11126,11074,10379,10661,11264,11075,44,10914,5952],"class_list":["post-118390","post","type-post","status-publish","format-video","has-post-thumbnail","category-bunol-ca","category-canal-futbol","category-sports","category-sin-categorizar-ca","category-la-hoya-ca","category-seccion-ca","category-videos","tag-cd-bunol","tag-cd-bunol-ca","tag-deportes-ca","tag-deportes","tag-esports","tag-esports-ca","tag-futbol-ca","tag-futbol","tag-la-hoya-de-bunol-chiva-ca","tag-la-hoya-de-bunol-chiva","post_format-post-format-video"],"_links":{"self":[{"href":"https:\/\/tucomarca.whitekongsoftware.com\/ca\/wp-json\/wp\/v2\/posts\/118390","targetHints":{"allow":["GET"]}}],"collection":[{"href":"https:\/\/tucomarca.whitekongsoftware.com\/ca\/wp-json\/wp\/v2\/posts"}],"about":[{"href":"https:\/\/tucomarca.whitekongsoftware.com\/ca\/wp-json\/wp\/v2\/types\/post"}],"author":[{"embeddable":true,"href":"https:\/\/tucomarca.whitekongsoftware.com\/ca\/wp-json\/wp\/v2\/users\/1"}],"replies":[{"embeddable":true,"href":"https:\/\/tucomarca.whitekongsoftware.com\/ca\/wp-json\/wp\/v2\/comments?post=118390"}],"version-history":[{"count":0,"href":"https:\/\/tucomarca.whitekongsoftware.com\/ca\/wp-json\/wp\/v2\/posts\/118390\/revisions"}],"wp:featuredmedia":[{"embeddable":true,"href":"https:\/\/tucomarca.whitekongsoftware.com\/ca\/wp-json\/wp\/v2\/media\/118389"}],"wp:attachment":[{"href":"https:\/\/tucomarca.whitekongsoftware.com\/ca\/wp-json\/wp\/v2\/media?parent=118390"}],"wp:term":[{"taxonomy":"category","embeddable":true,"href":"https:\/\/tucomarca.whitekongsoftware.com\/ca\/wp-json\/wp\/v2\/categories?post=118390"},{"taxonomy":"post_tag","embeddable":true,"href":"https:\/\/tucomarca.whitekongsoftware.com\/ca\/wp-json\/wp\/v2\/tags?post=118390"}],"curies":[{"name":"wp","href":"https:\/\/api.w.org\/{rel}","templated":true}]}}