{"id":118354,"date":"2020-11-05T06:00:23","date_gmt":"2020-11-05T05:00:23","guid":{"rendered":"http:\/\/www.tucomarca.com\/wordpress\/segunda\/?p=118354"},"modified":"2020-11-05T22:23:50","modified_gmt":"2020-11-05T21:23:50","slug":"lescola-de-musica-manuel-carrascosa-del-cim-la-armonica-de-bunyol-inaugura-els-seus-acabades-de-construir-noves-installacions","status":"publish","type":"post","link":"https:\/\/tucomarca.whitekongsoftware.com\/ca\/lescola-de-musica-manuel-carrascosa-del-cim-la-armonica-de-bunyol-inaugura-els-seus-acabades-de-construir-noves-installacions\/","title":{"rendered":"L&#8217;Escola de M\u00fasica Manuel Carrascosa del CIM \u00abLa Arm\u00f2nica\u00bb de Bunyol inaugura els seus acabades de construir noves instal\u00b7lacions"},"content":{"rendered":"\n<h4 class=\"wp-block-heading\"><strong>En un solemne acte Al Palau de la M\u00fasica, i despr\u00e9s visita per grups redu\u00efts, van assistir personalitats del m\u00f3n de la pol\u00edtica i la cultura del municipi, de la comarca i de la Comunitat Valenciana<\/strong>.<\/h4>\n\n\n\n<p class=\"wp-block-paragraph\">L&#8217;Escola de M\u00fasica Manuel Carrascosa del CIM La Arm\u00f3nica de Bunyol va inaugurar oficialment les seues noves instal\u00b7lacions el passat dimarts 3 de novembre a les 12h amb un solemne acte en el qual va comptar amb la pres\u00e8ncia de personalitats de el m\u00f3n de la pol\u00edtica i la cultura de la Comunitat Valenciana. L&#8217;acte va arrencar al Palau de la M\u00fasica amb una breu actuaci\u00f3 musical. Despr\u00e9s d&#8217;aix\u00f2 es va procedir als parlaments de les autoritats convidades, i despr\u00e9s es va passar a la visita per les noves instal\u00b7lacions en grups redu\u00efts, finalitzant l&#8217;acte en el Sal\u00f3 de la Xemeneia, amb un vi espanyol per als presents.<\/p>\n\n\n\n<p class=\"wp-block-paragraph\">El passat mes de setembre van arrencar les classes amb normalitat d&#8217;aquesta escola de m\u00fasica de Bunyol i des de llavors s\u00f3n molts els alumnes que fan \u00fas di\u00e0riament d&#8217;aquestes excel\u00b7lents instal\u00b7lacions, que compten amb l&#8217;\u00faltima tecnologia per a l&#8217;ensenyament en aules condicionades ac\u00fasticament a m\u00e9s de amb totes les mesures anti-Covid19.<\/p>\n\n\n\n<p class=\"wp-block-paragraph\">A l&#8217;acte, que es transmetre per la r\u00e0io municipal, van estar presents Andr\u00e9s Perell\u00f3 Rodr\u00edguez, ambaixador delegat permanent d&#8217;Espanya davant la UNESCO, Francisco Molina Agull\u00f3, director territorial de Presid\u00e8ncia de la Generalitat a Val\u00e8ncia, Maria Jos\u00e9 Mira Veintimilla, secret\u00e0ria auton\u00f2mica Model Econ\u00f2mic i Finan\u00e7ament, Jonquera Carrascosa Alonso, Alcaldessa de Bunyol, equip de govern i regidors de l&#8217;Ajuntament de Bunyol, Ricardo Sales, President de la Comarcal Foia de Bunyol Xiva de la Federaci\u00f3, representants de les Societats Musicals i Escoles de la Comarca, Bernat Fabra, Director del Conservatori de Bunyol i la resta de l&#8217;equip directiu, Jos\u00e9 Carrascosa, director de l&#8217;Escola de M\u00fasica Manuel Carrascosa i professorat de l&#8217;Escola, Juan Jos\u00e9 Alemany Latorre, Gerent d&#8217;Andreu Tops, empresa de el grup Andreu World, Carles Subiela i Ib\u00e1\u00f1ez, fundador de l&#8217;empresa Consolat de Mar i presidenta de La Arm\u00f3nica, Rosario Pardo Garc\u00eda i la resta de membres de la Junta Directiva, a m\u00e9s de les Misses de La Arm\u00f3nica, senyors ex-presidents de La Arm\u00f3nica i col\u00b7laboradors d&#8217;aquesta entitat.<\/p>\n\n\n\n<p class=\"wp-block-paragraph\">Abans dels discursos es va poder escoltar una brillant actuaci\u00f3 a c\u00e0rrec d&#8217;Ana Alcover, flauta de la banda simf\u00f2nica i professora de l&#8217;Escola, que va interpretar la pe\u00e7a &#8220;El pastor su\u00eds&#8221; de l&#8217;compositor Pietro Morlacchi, acompanyada a piano per David Almerich.<br> Despr\u00e9s de l&#8217;excel\u00b7lent concert al Palau de la M\u00fasica va ser el torn dels discursos. Va arrencar Rosario Pardo Garc\u00eda, presidenta de l&#8217;CIM La Arm\u00f3nica de Bunyol, que es va mostrar molt emocionada per inaugurar aquestes instal\u00b7lacions, una antiga aspiraci\u00f3 de l&#8217;Harm\u00f2nica que \u00e9s el resultat de l&#8217;esfor\u00e7 de tots els litreros, cadasc\u00fa des de la seva responsabilitat o possibilitats. La presidenta va detallar la inversi\u00f3 realitzada, superior a 340.000 \u20ac, la forma en qu\u00e8 s&#8217;ha finan\u00e7at, aix\u00ed com l&#8217;import de subvencions aconseguides per part de l&#8217;administraci\u00f3, que permetran recuperar m\u00e9s de l&#8217;50% de la inversi\u00f3.<br>En el seu discurs tamb\u00e9 va lloar l&#8217;excel\u00b7lent treball de l&#8217;equip directiu i de professorat que configuren aquesta escola, i va reivindicar que la realitat actual reflecteix l&#8217;absentisme juvenil dels m\u00fasics despr\u00e9s d&#8217;anys d&#8217;inversi\u00f3 en les escoles. Davant d&#8217;aix\u00f2 va voler reivindicar que s&#8217;han d&#8217;emprendre estregias de col\u00b7laboraci\u00f3 entre les societats i els conservatoris, ja que les agrupacions musicals necessiten dels seus joves m\u00fasics per seguir convertint a Bunyol en un poble reconegut a tot el m\u00f3n per les seves magn\u00edfiques bandes de m\u00fasica.<\/p>\n\n\n\n<p class=\"wp-block-paragraph\">Per la seva banda, i seguidament, Juncal Carrascosa Alonso, alcaldessa de Bunyol, va reivindicar que l&#8217;alt nivell de professionalitat i d&#8217;implicaci\u00f3 que actualment hi ha a les dues escoles de m\u00fasica del municipi hauria d&#8217;anar urgentment d&#8217;acord amb unes instal\u00b7lacions adequades i modernes de l&#8217;Conservatori de m\u00fasica Professional Sant Rafael, de gesti\u00f3 municipal.<br> Els altres dos discursos, a c\u00e0rrec de Francisco Molina Agull\u00f3, Director Territorial de Presid\u00e8ncia a Val\u00e8ncia, i del bunyolense Andr\u00e9s Perell\u00f3 Rodr\u00edguez, ambaixador delegat permanent d&#8217;Espanya davant la UNESCO, van mostrar la seva m\u00e0xima admiraci\u00f3 per la cultura musical present a Bunyol, el que demostra la gran qualitat d&#8217;aquestes noves instal\u00b7lacions acabades de construir.<\/p>\n\n\n\n<p class=\"wp-block-paragraph\">Despr\u00e9s d&#8217;aquests parlaments es va procedir a la visita de les instal\u00b7lacions en grups redu\u00efts. Es va finalitzar amb una petita recepci\u00f3 per als assistents al Sal\u00f3 de la Xemeneia.<\/p>\n\n\n\n<ul class=\"wp-block-gallery columns-2 is-cropped wp-block-gallery-1 is-layout-flex wp-block-gallery-is-layout-flex\"><li class=\"blocks-gallery-item\"><figure><img loading=\"lazy\" decoding=\"async\" width=\"768\" height=\"1024\" src=\"http:\/\/www.tucomarca.com\/wordpress\/segunda\/wp-content\/uploads\/2020\/11\/EscLitro01-768x1024.jpg\" alt=\"\" data-id=\"118345\" data-link=\"http:\/\/www.tucomarca.com\/wordpress\/segunda\/?attachment_id=118345\" class=\"wp-image-118345\" srcset=\"https:\/\/tucomarca.whitekongsoftware.com\/wp-content\/uploads\/2020\/11\/EscLitro01-768x1024.jpg 768w, https:\/\/tucomarca.whitekongsoftware.com\/wp-content\/uploads\/2020\/11\/EscLitro01-225x300.jpg 225w, https:\/\/tucomarca.whitekongsoftware.com\/wp-content\/uploads\/2020\/11\/EscLitro01.jpg 787w\" sizes=\"auto, (max-width: 768px) 100vw, 768px\" \/><\/figure><\/li><li class=\"blocks-gallery-item\"><figure><img loading=\"lazy\" decoding=\"async\" width=\"787\" height=\"557\" src=\"http:\/\/www.tucomarca.com\/wordpress\/segunda\/wp-content\/uploads\/2020\/11\/EscLitro09.jpg\" alt=\"\" data-id=\"118359\" data-link=\"http:\/\/www.tucomarca.com\/wordpress\/segunda\/?attachment_id=118359\" class=\"wp-image-118359\" srcset=\"https:\/\/tucomarca.whitekongsoftware.com\/wp-content\/uploads\/2020\/11\/EscLitro09.jpg 787w, https:\/\/tucomarca.whitekongsoftware.com\/wp-content\/uploads\/2020\/11\/EscLitro09-300x212.jpg 300w, https:\/\/tucomarca.whitekongsoftware.com\/wp-content\/uploads\/2020\/11\/EscLitro09-768x544.jpg 768w\" sizes=\"auto, (max-width: 787px) 100vw, 787px\" \/><\/figure><\/li><li class=\"blocks-gallery-item\"><figure><img loading=\"lazy\" decoding=\"async\" width=\"787\" height=\"557\" src=\"http:\/\/www.tucomarca.com\/wordpress\/segunda\/wp-content\/uploads\/2020\/11\/EscLitro10.jpg\" alt=\"\" data-id=\"118361\" data-link=\"http:\/\/www.tucomarca.com\/wordpress\/segunda\/?attachment_id=118361\" class=\"wp-image-118361\" srcset=\"https:\/\/tucomarca.whitekongsoftware.com\/wp-content\/uploads\/2020\/11\/EscLitro10.jpg 787w, https:\/\/tucomarca.whitekongsoftware.com\/wp-content\/uploads\/2020\/11\/EscLitro10-300x212.jpg 300w, https:\/\/tucomarca.whitekongsoftware.com\/wp-content\/uploads\/2020\/11\/EscLitro10-768x544.jpg 768w\" sizes=\"auto, (max-width: 787px) 100vw, 787px\" \/><\/figure><\/li><li class=\"blocks-gallery-item\"><figure><img loading=\"lazy\" decoding=\"async\" width=\"787\" height=\"561\" src=\"http:\/\/www.tucomarca.com\/wordpress\/segunda\/wp-content\/uploads\/2020\/11\/EscLitro06.jpg\" alt=\"\" data-id=\"118339\" data-link=\"http:\/\/www.tucomarca.com\/wordpress\/segunda\/?attachment_id=118339\" class=\"wp-image-118339\" srcset=\"https:\/\/tucomarca.whitekongsoftware.com\/wp-content\/uploads\/2020\/11\/EscLitro06.jpg 787w, https:\/\/tucomarca.whitekongsoftware.com\/wp-content\/uploads\/2020\/11\/EscLitro06-300x214.jpg 300w, https:\/\/tucomarca.whitekongsoftware.com\/wp-content\/uploads\/2020\/11\/EscLitro06-768x547.jpg 768w\" sizes=\"auto, (max-width: 787px) 100vw, 787px\" \/><\/figure><\/li><li class=\"blocks-gallery-item\"><figure><img loading=\"lazy\" decoding=\"async\" width=\"787\" height=\"563\" src=\"http:\/\/www.tucomarca.com\/wordpress\/segunda\/wp-content\/uploads\/2020\/11\/EscLitro07.jpg\" alt=\"\" data-id=\"118341\" data-link=\"http:\/\/www.tucomarca.com\/wordpress\/segunda\/?attachment_id=118341\" class=\"wp-image-118341\" srcset=\"https:\/\/tucomarca.whitekongsoftware.com\/wp-content\/uploads\/2020\/11\/EscLitro07.jpg 787w, https:\/\/tucomarca.whitekongsoftware.com\/wp-content\/uploads\/2020\/11\/EscLitro07-300x215.jpg 300w, https:\/\/tucomarca.whitekongsoftware.com\/wp-content\/uploads\/2020\/11\/EscLitro07-768x549.jpg 768w\" sizes=\"auto, (max-width: 787px) 100vw, 787px\" \/><\/figure><\/li><li class=\"blocks-gallery-item\"><figure><img loading=\"lazy\" decoding=\"async\" width=\"768\" height=\"1024\" src=\"http:\/\/www.tucomarca.com\/wordpress\/segunda\/wp-content\/uploads\/2020\/11\/EscLitro03-768x1024.jpg\" alt=\"\" data-id=\"118349\" data-link=\"http:\/\/www.tucomarca.com\/wordpress\/segunda\/?attachment_id=118349\" class=\"wp-image-118349\" srcset=\"https:\/\/tucomarca.whitekongsoftware.com\/wp-content\/uploads\/2020\/11\/EscLitro03-768x1024.jpg 768w, https:\/\/tucomarca.whitekongsoftware.com\/wp-content\/uploads\/2020\/11\/EscLitro03-225x300.jpg 225w, https:\/\/tucomarca.whitekongsoftware.com\/wp-content\/uploads\/2020\/11\/EscLitro03.jpg 787w\" sizes=\"auto, (max-width: 768px) 100vw, 768px\" \/><\/figure><\/li><li class=\"blocks-gallery-item\"><figure><img loading=\"lazy\" decoding=\"async\" width=\"787\" height=\"590\" src=\"http:\/\/www.tucomarca.com\/wordpress\/segunda\/wp-content\/uploads\/2020\/11\/EscLitro04.jpg\" alt=\"\" data-id=\"118351\" data-link=\"http:\/\/www.tucomarca.com\/wordpress\/segunda\/?attachment_id=118351\" class=\"wp-image-118351\" srcset=\"https:\/\/tucomarca.whitekongsoftware.com\/wp-content\/uploads\/2020\/11\/EscLitro04.jpg 787w, https:\/\/tucomarca.whitekongsoftware.com\/wp-content\/uploads\/2020\/11\/EscLitro04-300x225.jpg 300w, https:\/\/tucomarca.whitekongsoftware.com\/wp-content\/uploads\/2020\/11\/EscLitro04-768x576.jpg 768w, https:\/\/tucomarca.whitekongsoftware.com\/wp-content\/uploads\/2020\/11\/EscLitro04-678x509.jpg 678w, https:\/\/tucomarca.whitekongsoftware.com\/wp-content\/uploads\/2020\/11\/EscLitro04-326x245.jpg 326w, https:\/\/tucomarca.whitekongsoftware.com\/wp-content\/uploads\/2020\/11\/EscLitro04-80x60.jpg 80w\" sizes=\"auto, (max-width: 787px) 100vw, 787px\" \/><\/figure><\/li><li class=\"blocks-gallery-item\"><figure><img loading=\"lazy\" decoding=\"async\" width=\"787\" height=\"590\" src=\"http:\/\/www.tucomarca.com\/wordpress\/segunda\/wp-content\/uploads\/2020\/11\/EscLitro05.jpg\" alt=\"\" data-id=\"118337\" data-link=\"http:\/\/www.tucomarca.com\/wordpress\/segunda\/?attachment_id=118337\" class=\"wp-image-118337\" srcset=\"https:\/\/tucomarca.whitekongsoftware.com\/wp-content\/uploads\/2020\/11\/EscLitro05.jpg 787w, https:\/\/tucomarca.whitekongsoftware.com\/wp-content\/uploads\/2020\/11\/EscLitro05-300x225.jpg 300w, https:\/\/tucomarca.whitekongsoftware.com\/wp-content\/uploads\/2020\/11\/EscLitro05-768x576.jpg 768w, https:\/\/tucomarca.whitekongsoftware.com\/wp-content\/uploads\/2020\/11\/EscLitro05-678x509.jpg 678w, https:\/\/tucomarca.whitekongsoftware.com\/wp-content\/uploads\/2020\/11\/EscLitro05-326x245.jpg 326w, https:\/\/tucomarca.whitekongsoftware.com\/wp-content\/uploads\/2020\/11\/EscLitro05-80x60.jpg 80w\" sizes=\"auto, (max-width: 787px) 100vw, 787px\" \/><\/figure><\/li><li class=\"blocks-gallery-item\"><figure><img loading=\"lazy\" decoding=\"async\" width=\"768\" height=\"1024\" src=\"http:\/\/www.tucomarca.com\/wordpress\/segunda\/wp-content\/uploads\/2020\/11\/EscLitro02-768x1024.jpg\" alt=\"\" data-id=\"118347\" data-link=\"http:\/\/www.tucomarca.com\/wordpress\/segunda\/?attachment_id=118347\" class=\"wp-image-118347\" srcset=\"https:\/\/tucomarca.whitekongsoftware.com\/wp-content\/uploads\/2020\/11\/EscLitro02-768x1024.jpg 768w, https:\/\/tucomarca.whitekongsoftware.com\/wp-content\/uploads\/2020\/11\/EscLitro02-225x300.jpg 225w, https:\/\/tucomarca.whitekongsoftware.com\/wp-content\/uploads\/2020\/11\/EscLitro02.jpg 787w\" sizes=\"auto, (max-width: 768px) 100vw, 768px\" \/><\/figure><\/li><\/ul>\n","protected":false},"excerpt":{"rendered":"<div class=\"mh-excerpt\">En un solemne acte Al Palau de la M\u00fasica, i despr\u00e9s visita per grups redu\u00efts, van assistir personalitats del m\u00f3n de la pol\u00edtica i la cultura del municipi, de la comarca i de la Comunitat <a class=\"mh-excerpt-more\" href=\"https:\/\/tucomarca.whitekongsoftware.com\/ca\/lescola-de-musica-manuel-carrascosa-del-cim-la-armonica-de-bunyol-inaugura-els-seus-acabades-de-construir-noves-installacions\/\" title=\"L&#8217;Escola de M\u00fasica Manuel Carrascosa del CIM \u00abLa Arm\u00f2nica\u00bb de Bunyol inaugura els seus acabades de construir noves instal\u00b7lacions\">[+] <\/a><\/div>\n","protected":false},"author":12,"featured_media":118344,"comment_status":"open","ping_status":"open","sticky":false,"template":"","format":"gallery","meta":{"footnotes":""},"categories":[10911,11005,10894,10912,11007,10896],"tags":[10385,10563,12677,5952],"class_list":["post-118354","post","type-post","status-publish","format-gallery","has-post-thumbnail","category-bunol-ca","category-canal-musica","category-la-comarca-ca","category-la-hoya-ca","category-ocio-y-cultura-ca","category-seccion-ca","tag-bunol","tag-cim-la-armonica-de-bunol","tag-escuela-de-musica-manuel-carrascosa","tag-la-hoya-de-bunol-chiva","post_format-post-format-gallery"],"_links":{"self":[{"href":"https:\/\/tucomarca.whitekongsoftware.com\/ca\/wp-json\/wp\/v2\/posts\/118354","targetHints":{"allow":["GET"]}}],"collection":[{"href":"https:\/\/tucomarca.whitekongsoftware.com\/ca\/wp-json\/wp\/v2\/posts"}],"about":[{"href":"https:\/\/tucomarca.whitekongsoftware.com\/ca\/wp-json\/wp\/v2\/types\/post"}],"author":[{"embeddable":true,"href":"https:\/\/tucomarca.whitekongsoftware.com\/ca\/wp-json\/wp\/v2\/users\/12"}],"replies":[{"embeddable":true,"href":"https:\/\/tucomarca.whitekongsoftware.com\/ca\/wp-json\/wp\/v2\/comments?post=118354"}],"version-history":[{"count":0,"href":"https:\/\/tucomarca.whitekongsoftware.com\/ca\/wp-json\/wp\/v2\/posts\/118354\/revisions"}],"wp:featuredmedia":[{"embeddable":true,"href":"https:\/\/tucomarca.whitekongsoftware.com\/ca\/wp-json\/wp\/v2\/media\/118344"}],"wp:attachment":[{"href":"https:\/\/tucomarca.whitekongsoftware.com\/ca\/wp-json\/wp\/v2\/media?parent=118354"}],"wp:term":[{"taxonomy":"category","embeddable":true,"href":"https:\/\/tucomarca.whitekongsoftware.com\/ca\/wp-json\/wp\/v2\/categories?post=118354"},{"taxonomy":"post_tag","embeddable":true,"href":"https:\/\/tucomarca.whitekongsoftware.com\/ca\/wp-json\/wp\/v2\/tags?post=118354"}],"curies":[{"name":"wp","href":"https:\/\/api.w.org\/{rel}","templated":true}]}}