{"id":118219,"date":"2020-11-04T08:00:26","date_gmt":"2020-11-04T07:00:26","guid":{"rendered":"http:\/\/www.tucomarca.com\/wordpress\/segunda\/?p=118219"},"modified":"2020-11-05T11:08:21","modified_gmt":"2020-11-05T10:08:21","slug":"la-font-mineromedicinal-dels-morenos-a-requena-continua-en-situacio-dabando","status":"publish","type":"post","link":"https:\/\/tucomarca.whitekongsoftware.com\/ca\/la-font-mineromedicinal-dels-morenos-a-requena-continua-en-situacio-dabando\/","title":{"rendered":"La font mineromedicinal dels Morenos a Requena continua en situaci\u00f3 d&#8217;aband\u00f3"},"content":{"rendered":"\n<p class=\"wp-block-paragraph\">La font mineromedicinal Dels Morenos i el seu entorn seguix sense condicionar-se despr\u00e9s que a l&#8217;agost de 2014 la caiguda d&#8217;un terrapl\u00e9 sepultara el brollador i danyara la seua \u00e0rea recreativa. El brollador est\u00e0 ubicat a uns quatre quil\u00f2metres al sud de la pedania Dels Ducs, en el municipi de Requena, i a les seues aig\u00fces se&#8217;ls atribu\u00efx certes qualitats principalment en el tractament d&#8217;algunes malalties de la pell.<\/p>\n\n\n\n<p class=\"wp-block-paragraph\">A pesar que els ve\u00efns de Los Duques demanen insistentment des que es va registrar el succ\u00e9s, la rehabilitaci\u00f3 de la zona, fins al moment, cap organisme oficial ha realitzat actuacions per a recuperar l&#8217;enclavament.<\/p>\n\n\n\n<p class=\"wp-block-paragraph\">La font compta amb un entorn de gran bellesa paisatg\u00edstica, on abunden els pins i diverses esp\u00e8cies de plantes t\u00edpiques de la vegetaci\u00f3 mediterr\u00e0nia. Informa, <strong>Luis Ib\u00e1\u00f1ez<\/strong>.<\/p>\n","protected":false},"excerpt":{"rendered":"<div class=\"mh-excerpt\">La font mineromedicinal Dels Morenos i el seu entorn seguix sense condicionar-se despr\u00e9s que a l&#8217;agost de 2014 la caiguda d&#8217;un terrapl\u00e9 sepultara el brollador i danyara la seua \u00e0rea recreativa. El brollador est\u00e0 ubicat <a class=\"mh-excerpt-more\" href=\"https:\/\/tucomarca.whitekongsoftware.com\/ca\/la-font-mineromedicinal-dels-morenos-a-requena-continua-en-situacio-dabando\/\" title=\"La font mineromedicinal dels Morenos a Requena continua en situaci\u00f3 d&#8217;aband\u00f3\">[+] <\/a><\/div>\n","protected":false},"author":12,"featured_media":118217,"comment_status":"open","ping_status":"open","sticky":false,"template":"","format":"standard","meta":{"footnotes":""},"categories":[10948,10894,10903,10908,10909,10896],"tags":[5583,10388,10387],"class_list":["post-118219","post","type-post","status-publish","format-standard","has-post-thumbnail","category-infraestructuras-ca","category-la-comarca-ca","category-medio-ambiente-la-comarca-ca","category-requena-ca","category-requena-utiel-ca","category-seccion-ca","tag-fuente-los-morenos","tag-requena","tag-requena-utiel"],"_links":{"self":[{"href":"https:\/\/tucomarca.whitekongsoftware.com\/ca\/wp-json\/wp\/v2\/posts\/118219","targetHints":{"allow":["GET"]}}],"collection":[{"href":"https:\/\/tucomarca.whitekongsoftware.com\/ca\/wp-json\/wp\/v2\/posts"}],"about":[{"href":"https:\/\/tucomarca.whitekongsoftware.com\/ca\/wp-json\/wp\/v2\/types\/post"}],"author":[{"embeddable":true,"href":"https:\/\/tucomarca.whitekongsoftware.com\/ca\/wp-json\/wp\/v2\/users\/12"}],"replies":[{"embeddable":true,"href":"https:\/\/tucomarca.whitekongsoftware.com\/ca\/wp-json\/wp\/v2\/comments?post=118219"}],"version-history":[{"count":0,"href":"https:\/\/tucomarca.whitekongsoftware.com\/ca\/wp-json\/wp\/v2\/posts\/118219\/revisions"}],"wp:featuredmedia":[{"embeddable":true,"href":"https:\/\/tucomarca.whitekongsoftware.com\/ca\/wp-json\/wp\/v2\/media\/118217"}],"wp:attachment":[{"href":"https:\/\/tucomarca.whitekongsoftware.com\/ca\/wp-json\/wp\/v2\/media?parent=118219"}],"wp:term":[{"taxonomy":"category","embeddable":true,"href":"https:\/\/tucomarca.whitekongsoftware.com\/ca\/wp-json\/wp\/v2\/categories?post=118219"},{"taxonomy":"post_tag","embeddable":true,"href":"https:\/\/tucomarca.whitekongsoftware.com\/ca\/wp-json\/wp\/v2\/tags?post=118219"}],"curies":[{"name":"wp","href":"https:\/\/api.w.org\/{rel}","templated":true}]}}