{"id":118198,"date":"2020-11-04T13:05:17","date_gmt":"2020-11-04T12:05:17","guid":{"rendered":"http:\/\/www.tucomarca.com\/wordpress\/segunda\/?p=118198"},"modified":"2020-11-05T03:07:21","modified_gmt":"2020-11-05T02:07:21","slug":"el-gran-premi-deuropa-torna-a-lcalendari-al-circuit-de-xest-tot-i-que-sense-public","status":"publish","type":"post","link":"https:\/\/tucomarca.whitekongsoftware.com\/ca\/el-gran-premi-deuropa-torna-a-lcalendari-al-circuit-de-xest-tot-i-que-sense-public\/","title":{"rendered":"El Gran Premi d&#8217;Europa torna a l&#8217;calendari al Circuit de Xest tot i que sense p\u00fablic"},"content":{"rendered":"\n<h4 class=\"wp-block-heading\"><strong>Feia 25 anys que no se celebrava un Gran Premi amb aquesta denominaci\u00f3<\/strong><\/h4>\n\n\n\n<h4 class=\"wp-block-heading\"><strong>El Gran Premi d&#8217;Europa s&#8217;ha celebrat a Madrid i al Circuit de Catalunya des de 1991 fins a 1995<\/strong><\/h4>\n\n\n\n<p class=\"wp-block-paragraph\">El Circuit Ricardo Tormo celebrar\u00e0 els dies 6, 7 i 8 de novembre el Gran Premi d&#8217;Europa, la primera de les dues cites de MotoGP programades de manera excepcional aquesta temporada amb motiu de la pand\u00e8mia de coronavirus.&nbsp;<\/p>\n\n\n\n<p class=\"wp-block-paragraph\">Aquesta denominaci\u00f3 no estava present en el calendari del Campionat del M\u00f3n de Motociclisme des del 8 d&#8217;octubre de 1995, data en qu\u00e8 el Circuit de Catalunya tancava el calendari amb l&#8217;\u00faltima edici\u00f3 fins a la data del Gran Premi d&#8217;Europa.&nbsp;<\/p>\n\n\n\n<p class=\"wp-block-paragraph\">Cap dels pilots actuals del mundial ha participat mai en un Gran Premi d&#8217;Europa. Nom\u00e9s un dels pilots actuals de Moto3 havia nascut en aquelles dates, el major d&#8217;ells, l&#8217;escoc\u00e9s John McPhee, que va n\u00e0ixer el juliol de 1994. Fins i tot alguns dels joves pilots de la categoria reina, com el valenci\u00e0 Iker Lecuona o el franc\u00e9s Fabio Quartararo, van n\u00e0ixer anys despr\u00e9s de l&#8217;\u00faltim Gran Premi d&#8217;Europa.&nbsp;<\/p>\n\n\n\n<p class=\"wp-block-paragraph\">En aquella data, l&#8217;heroi local \u00c1lex Crivill\u00e9 (Honda) es va emportar la vict\u00f2ria en la classe reina de 500 cc, per davant del japon\u00e9s Sinichi Itoh (Honda) i de l&#8217;itali\u00e0 Loris Capirossi (Honda). Els tres pilots van arribar junts a l&#8217;\u00faltima volta, en la qual es va decidir la vict\u00f2ria en favor de Crivill\u00e9, que guanyava, aix\u00ed, la segona carrera en la categoria reina (la primera d&#8217;aquella temporada), en la qual va acabar quart de la general per darrere dels australians Mick Doohan, Daryl Beattie i de l&#8217;itali\u00e0 Luca Cadalora. Carlos Checa va liderar bona part de la carrera fins que va acabar per terra en la seua cinquena experi\u00e8ncia en 500 cc.&nbsp;<\/p>\n\n\n\n<p class=\"wp-block-paragraph\">El rom\u00e0 Max Biaggi (Aprilia) va guanyar, destacat en la categoria interm\u00e8dia, la de 250 cc, per davant de Tetsuya Harada (Yamaha), de Ralf Waldman (Honda) i del madrileny Luis D&#8217;Antin (Honda). El japon\u00e9s Haruchita Aoki (Honda) es va emportar la vict\u00f2ria en 125 cc, per davant d&#8217;Emilio Alzamora (Honda) i del tamb\u00e9 japon\u00e9s Tomomi Manako (Honda) en una carrera en grup.&nbsp;<\/p>\n\n\n\n<p class=\"wp-block-paragraph\">El Circuit de Barcelona &#8211; Catalunya va albergar el Gran Premi d&#8217;Europa des de 1991 i fins a 1995. Posteriorment, l&#8217;esdeveniment va passar a la denominaci\u00f3 actual, Gran Premi de Catalunya. Anteriorment, el primer Gran Premi d&#8217;Europa va tindre lloc al tra\u00e7at madrileny del Jarama.&nbsp;<\/p>\n\n\n\n<p class=\"wp-block-paragraph\">En aquella ocasi\u00f3 va ser la huitena cita del Mundial de 1991, que tenia prevista la celebraci\u00f3 en el circuit de Rijeka, per\u00f2 la situaci\u00f3 pol\u00edtica en l&#8217;antiga Iugosl\u00e0via va obligar a celebrar les carreres prop de Madrid. El Jarama va veure com el nord-americ\u00e0 Wayne Rainey (Yamaha) aconseguia la vict\u00f2ria en 500 cc, per davant de Doohan i de Wayne Gardner (Honda), amb il\u00b7lustres pilots espanyols com Sito Pons i Joan Garriga en els punts. Luca Cadalora (Honda) en 250 cc i Loris Capirossi (Honda) en 125 cc van ser els altres guanyadors i tamb\u00e9 els campions de l&#8217;any 1991.&nbsp;<\/p>\n\n\n\n<p class=\"wp-block-paragraph\">El Gran Premi d&#8217;Europa se celebrar\u00e0 per primera vegada en el segle XXI en el Circuit Ricardo Tormo i a porta tancada el pr\u00f2xim cap de setmana.<\/p>\n","protected":false},"excerpt":{"rendered":"<div class=\"mh-excerpt\">Feia 25 anys que no se celebrava un Gran Premi amb aquesta denominaci\u00f3 El Gran Premi d&#8217;Europa s&#8217;ha celebrat a Madrid i al Circuit de Catalunya des de 1991 fins a 1995 El Circuit Ricardo <a class=\"mh-excerpt-more\" href=\"https:\/\/tucomarca.whitekongsoftware.com\/ca\/el-gran-premi-deuropa-torna-a-lcalendari-al-circuit-de-xest-tot-i-que-sense-public\/\" title=\"El Gran Premi d&#8217;Europa torna a l&#8217;calendari al Circuit de Xest tot i que sense p\u00fablic\">[+] <\/a><\/div>\n","protected":false},"author":12,"featured_media":118197,"comment_status":"open","ping_status":"open","sticky":false,"template":"","format":"standard","meta":{"footnotes":""},"categories":[11003,10898,10904,10912,11011,10896,10974],"tags":[11071,10474,10716,11347,5952],"class_list":["post-118198","post","type-post","status-publish","format-standard","has-post-thumbnail","category-sports","category-ventana-ca","category-sin-categorizar-ca","category-la-hoya-ca","category-motociclismo-ca","category-seccion-ca","category-cheste-ca","tag-cheste","tag-circuit-ricardo-tormo","tag-generalitat-valenciana","tag-gran-premio-de-la-comunitat-valenciana","tag-la-hoya-de-bunol-chiva"],"_links":{"self":[{"href":"https:\/\/tucomarca.whitekongsoftware.com\/ca\/wp-json\/wp\/v2\/posts\/118198","targetHints":{"allow":["GET"]}}],"collection":[{"href":"https:\/\/tucomarca.whitekongsoftware.com\/ca\/wp-json\/wp\/v2\/posts"}],"about":[{"href":"https:\/\/tucomarca.whitekongsoftware.com\/ca\/wp-json\/wp\/v2\/types\/post"}],"author":[{"embeddable":true,"href":"https:\/\/tucomarca.whitekongsoftware.com\/ca\/wp-json\/wp\/v2\/users\/12"}],"replies":[{"embeddable":true,"href":"https:\/\/tucomarca.whitekongsoftware.com\/ca\/wp-json\/wp\/v2\/comments?post=118198"}],"version-history":[{"count":0,"href":"https:\/\/tucomarca.whitekongsoftware.com\/ca\/wp-json\/wp\/v2\/posts\/118198\/revisions"}],"wp:featuredmedia":[{"embeddable":true,"href":"https:\/\/tucomarca.whitekongsoftware.com\/ca\/wp-json\/wp\/v2\/media\/118197"}],"wp:attachment":[{"href":"https:\/\/tucomarca.whitekongsoftware.com\/ca\/wp-json\/wp\/v2\/media?parent=118198"}],"wp:term":[{"taxonomy":"category","embeddable":true,"href":"https:\/\/tucomarca.whitekongsoftware.com\/ca\/wp-json\/wp\/v2\/categories?post=118198"},{"taxonomy":"post_tag","embeddable":true,"href":"https:\/\/tucomarca.whitekongsoftware.com\/ca\/wp-json\/wp\/v2\/tags?post=118198"}],"curies":[{"name":"wp","href":"https:\/\/api.w.org\/{rel}","templated":true}]}}