{"id":118190,"date":"2020-11-04T22:35:49","date_gmt":"2020-11-04T21:35:49","guid":{"rendered":"http:\/\/www.tucomarca.com\/wordpress\/segunda\/?p=118190"},"modified":"2020-11-13T19:09:45","modified_gmt":"2020-11-13T18:09:45","slug":"la-plataforma-pro-hospital-se-reune-con-toni-canto-portavoz-de-ciudadanos-en-les-corts","status":"publish","type":"post","link":"https:\/\/tucomarca.whitekongsoftware.com\/ca\/la-plataforma-pro-hospital-se-reune-con-toni-canto-portavoz-de-ciudadanos-en-les-corts\/","title":{"rendered":"La plataforma Pro-Hospital es reuneix amb Toni Cant\u00f3, portaveu de Ciutadans a les Corts"},"content":{"rendered":"\n<p class=\"wp-block-paragraph\">El pasado d\u00eda 2&nbsp; de octubre el Sindic de Ciudadanos en las Cortes Valencianas, Toni Cant\u00f3, y la portavoz de sanidad, Yaneth Giraldo, y otros compa\u00f1eros mantuvieron una reuni\u00f3n de trabajo con representantes de la plataforma Pro Hospital.<\/p>\n\n\n\n<p class=\"wp-block-paragraph\">Los presupuestos de la Generalitat Valenciana del 2021 no recogen partida presupuestaria explicita para la construcci\u00f3n del centro integrado modelo Villena algo que no ha cogido por sorpresa a la plataforma, que explica que \u201cten\u00edamos algo de confianza pero nos tem\u00edamos que al final no apareciera\u201d.<\/p>\n\n\n\n<p class=\"wp-block-paragraph\">Ahora los presupuestos pasan a las Cortes Valencianas para su aprobaci\u00f3n o para presentar enmiendas, confiamos en que en esta fase es cuando verdaderamente aparecer\u00e1 la partida presupuestaria expresa para la construcci\u00f3n, existen partidas sin designar y confiamos que dentro de ellas se recoja la construcci\u00f3n.<\/p>\n\n\n\n<p class=\"wp-block-paragraph\">El portavoz y l\u00edder de la formaci\u00f3n de ciudadanos junto a la portavoz de sanidad ya se han comprometido a registrar la enmienda.<\/p>\n\n\n\n<p class=\"wp-block-paragraph\">La plataforma se siente &#8220;muy satisfecha por el trato, ya que fuimos muy bien recibidos, pusieron mucho inter\u00e9s en la problem\u00e1tica de la comarca ofreci\u00e9ndose a visitarla&#8221;.<\/p>\n","protected":false},"excerpt":{"rendered":"<div class=\"mh-excerpt\">El pasado d\u00eda 2&nbsp; de octubre el Sindic de Ciudadanos en las Cortes Valencianas, Toni Cant\u00f3, y la portavoz de sanidad, Yaneth Giraldo, y otros compa\u00f1eros mantuvieron una reuni\u00f3n de trabajo con representantes de la <a class=\"mh-excerpt-more\" href=\"https:\/\/tucomarca.whitekongsoftware.com\/ca\/la-plataforma-pro-hospital-se-reune-con-toni-canto-portavoz-de-ciudadanos-en-les-corts\/\" title=\"La plataforma Pro-Hospital es reuneix amb Toni Cant\u00f3, portaveu de Ciutadans a les Corts\">[+] <\/a><\/div>\n","protected":false},"author":12,"featured_media":118189,"comment_status":"open","ping_status":"open","sticky":false,"template":"","format":"standard","meta":{"footnotes":""},"categories":[11010,10894,10912,10896],"tags":[5952,559],"class_list":["post-118190","post","type-post","status-publish","format-standard","has-post-thumbnail","category-canal-salud","category-la-comarca-ca","category-la-hoya-ca","category-seccion-ca","tag-la-hoya-de-bunol-chiva","tag-plataforma-pro-hospital"],"_links":{"self":[{"href":"https:\/\/tucomarca.whitekongsoftware.com\/ca\/wp-json\/wp\/v2\/posts\/118190","targetHints":{"allow":["GET"]}}],"collection":[{"href":"https:\/\/tucomarca.whitekongsoftware.com\/ca\/wp-json\/wp\/v2\/posts"}],"about":[{"href":"https:\/\/tucomarca.whitekongsoftware.com\/ca\/wp-json\/wp\/v2\/types\/post"}],"author":[{"embeddable":true,"href":"https:\/\/tucomarca.whitekongsoftware.com\/ca\/wp-json\/wp\/v2\/users\/12"}],"replies":[{"embeddable":true,"href":"https:\/\/tucomarca.whitekongsoftware.com\/ca\/wp-json\/wp\/v2\/comments?post=118190"}],"version-history":[{"count":0,"href":"https:\/\/tucomarca.whitekongsoftware.com\/ca\/wp-json\/wp\/v2\/posts\/118190\/revisions"}],"wp:featuredmedia":[{"embeddable":true,"href":"https:\/\/tucomarca.whitekongsoftware.com\/ca\/wp-json\/wp\/v2\/media\/118189"}],"wp:attachment":[{"href":"https:\/\/tucomarca.whitekongsoftware.com\/ca\/wp-json\/wp\/v2\/media?parent=118190"}],"wp:term":[{"taxonomy":"category","embeddable":true,"href":"https:\/\/tucomarca.whitekongsoftware.com\/ca\/wp-json\/wp\/v2\/categories?post=118190"},{"taxonomy":"post_tag","embeddable":true,"href":"https:\/\/tucomarca.whitekongsoftware.com\/ca\/wp-json\/wp\/v2\/tags?post=118190"}],"curies":[{"name":"wp","href":"https:\/\/api.w.org\/{rel}","templated":true}]}}