{"id":118181,"date":"2020-11-04T12:00:50","date_gmt":"2020-11-04T11:00:50","guid":{"rendered":"http:\/\/www.tucomarca.com\/wordpress\/segunda\/?p=118181"},"modified":"2020-11-04T21:11:12","modified_gmt":"2020-11-04T20:11:12","slug":"el-ple-de-vilamarxant-aprova-per-unanimitat-el-pla-local-de-prevencio-dincendis-forestals","status":"publish","type":"post","link":"https:\/\/tucomarca.whitekongsoftware.com\/ca\/el-ple-de-vilamarxant-aprova-per-unanimitat-el-pla-local-de-prevencio-dincendis-forestals\/","title":{"rendered":"El ple de Vilamarxant aprova per unanimitat el Pla Local de Prevenci\u00f3 d\u2019Incendis Forestals"},"content":{"rendered":"\n<h4 class=\"wp-block-heading\"><strong>Els representants del PSPV-PSOE, Partit Popular, Ciutadans i Comprom\u00eds voten a favor<\/strong><\/h4>\n\n\n\n<p class=\"wp-block-paragraph\">La totalitat dels grups municipals del Ple de Vilamarxant han votat a favor per a aprovar per unanimitat el Pla Local de Prevenci\u00f3 d&#8217;Incendis Forestals en la sessi\u00f3 extraordin\u00e0ria celebrada ahir.<\/p>\n\n\n\n<p class=\"wp-block-paragraph\">Els representants del PSPV-PSOE, Partit Popular, Ciutadans i Comprom\u00eds van donar suport a esta proposta d&#8217;aprovaci\u00f3, que comptava amb el suport de la Direcci\u00f3 Territorial de la Conselleria d&#8217;Agricultura, Desenvolupament Rural, Emerg\u00e8ncia Clim\u00e0tica i Transici\u00f3 Ecol\u00f2gica.<\/p>\n\n\n\n<p class=\"wp-block-paragraph\">Les entitats locals amb terrenys forestals en el seu territori han de redactar plans locals de prevenci\u00f3 d&#8217;incendis per als seus respectius termes municipals. Aix\u00ed, amb esta aprovaci\u00f3 per part del Ple, Vilamarxant ja compta amb el mateix.<\/p>\n\n\n\n<p class=\"wp-block-paragraph\">Finalment, despr\u00e9s de molts anys de treball per part dels t\u00e8cnics municipals i dels membres Conselleria, s&#8217;ha fet realitat este pla que era necessari per a cuidar l&#8217;entorn si es produeix un incendi forestal. Menci\u00f3 especial mereix el suport de Diego Mar\u00edn, Director general de Prevenci\u00f3 d&#8217;Incendis Forestals de la Generalitat, pel seu esfor\u00e7 i col\u00b7laboraci\u00f3 durant estos mesos d&#8217;esfor\u00e7.<\/p>\n","protected":false},"excerpt":{"rendered":"<div class=\"mh-excerpt\">Els representants del PSPV-PSOE, Partit Popular, Ciutadans i Comprom\u00eds voten a favor La totalitat dels grups municipals del Ple de Vilamarxant han votat a favor per a aprovar per unanimitat el Pla Local de Prevenci\u00f3 <a class=\"mh-excerpt-more\" href=\"https:\/\/tucomarca.whitekongsoftware.com\/ca\/el-ple-de-vilamarxant-aprova-per-unanimitat-el-pla-local-de-prevencio-dincendis-forestals\/\" title=\"El ple de Vilamarxant aprova per unanimitat el Pla Local de Prevenci\u00f3 d\u2019Incendis Forestals\">[+] <\/a><\/div>\n","protected":false},"author":12,"featured_media":118179,"comment_status":"open","ping_status":"open","sticky":false,"template":"","format":"standard","meta":{"footnotes":""},"categories":[10892,10894,10903,10947,10896,10927],"tags":[10395,6964,10439],"class_list":["post-118181","post","type-post","status-publish","format-standard","has-post-thumbnail","category-camp-de-turia-ca","category-la-comarca-ca","category-medio-ambiente-la-comarca-ca","category-politica","category-seccion-ca","category-vilamarxant-ca","tag-camp-de-turia","tag-prevencion-de-incendios","tag-vilamarxant"],"_links":{"self":[{"href":"https:\/\/tucomarca.whitekongsoftware.com\/ca\/wp-json\/wp\/v2\/posts\/118181","targetHints":{"allow":["GET"]}}],"collection":[{"href":"https:\/\/tucomarca.whitekongsoftware.com\/ca\/wp-json\/wp\/v2\/posts"}],"about":[{"href":"https:\/\/tucomarca.whitekongsoftware.com\/ca\/wp-json\/wp\/v2\/types\/post"}],"author":[{"embeddable":true,"href":"https:\/\/tucomarca.whitekongsoftware.com\/ca\/wp-json\/wp\/v2\/users\/12"}],"replies":[{"embeddable":true,"href":"https:\/\/tucomarca.whitekongsoftware.com\/ca\/wp-json\/wp\/v2\/comments?post=118181"}],"version-history":[{"count":0,"href":"https:\/\/tucomarca.whitekongsoftware.com\/ca\/wp-json\/wp\/v2\/posts\/118181\/revisions"}],"wp:featuredmedia":[{"embeddable":true,"href":"https:\/\/tucomarca.whitekongsoftware.com\/ca\/wp-json\/wp\/v2\/media\/118179"}],"wp:attachment":[{"href":"https:\/\/tucomarca.whitekongsoftware.com\/ca\/wp-json\/wp\/v2\/media?parent=118181"}],"wp:term":[{"taxonomy":"category","embeddable":true,"href":"https:\/\/tucomarca.whitekongsoftware.com\/ca\/wp-json\/wp\/v2\/categories?post=118181"},{"taxonomy":"post_tag","embeddable":true,"href":"https:\/\/tucomarca.whitekongsoftware.com\/ca\/wp-json\/wp\/v2\/tags?post=118181"}],"curies":[{"name":"wp","href":"https:\/\/api.w.org\/{rel}","templated":true}]}}