{"id":118173,"date":"2020-11-04T23:30:05","date_gmt":"2020-11-04T22:30:05","guid":{"rendered":"http:\/\/www.tucomarca.com\/wordpress\/segunda\/?p=118173"},"modified":"2020-11-05T11:06:00","modified_gmt":"2020-11-05T10:06:00","slug":"el-consell-local-de-salut-dalboraig-celebra-la-seua-primera-reunio-amb-un-taller-formatiu","status":"publish","type":"post","link":"https:\/\/tucomarca.whitekongsoftware.com\/ca\/el-consell-local-de-salut-dalboraig-celebra-la-seua-primera-reunio-amb-un-taller-formatiu\/","title":{"rendered":"El Consell Local de Salut d&#8217;Alboraig celebra la seua primera reuni\u00f3 amb un taller formatiu"},"content":{"rendered":"\n<h4 class=\"wp-block-heading\"><strong>En el primer taller es tractar\u00e0 el Reglament de Salut i la detecci\u00f3, registre i prioritzaci\u00f3 de necessitats de salut local, i tindr\u00e0 lloc el 5 de novembre<\/strong><\/h4>\n\n\n\n<p class=\"wp-block-paragraph\">L&#8217;Ajuntament d&#8217;Alborache convoca la primera reuni\u00f3 de Consell Local de Salut de la localitat, format per voluntaris i membres de les associacions locals, per a realitzar el primer dels seus tallers formatius. L&#8217;assist\u00e8ncia \u00e9s per invitaci\u00f3.<\/p>\n\n\n\n<p class=\"wp-block-paragraph\">Durant el mes de novembre es realitzaran dos d&#8217;aquests tallers, amb l&#8217;objectiu de formar els membres d&#8217;aquest Consell Local de Salut a realitzar un diagn\u00f2stic la metodologia b\u00e0sica \u00e9s la de la participaci\u00f3 ciutadana i un mapa actiu, que ajudin a resoldre q\u00fcestions relacionades amb la salut detectades al municipi.<\/p>\n\n\n\n<p class=\"wp-block-paragraph\">Aquest \u00f2rgan es constitueix com un \u00f2rgan de car\u00e0cter consultiu, de participaci\u00f3, coordinaci\u00f3, assessorament, planificaci\u00f3 i gesti\u00f3 en tota mat\u00e8ria relacionada amb la salut de la comunitat, dins del marc funcional en el qual t\u00e9 compet\u00e8ncies de l&#8217;Ajuntament d&#8217;Alborache, que no interferirien en les d&#8217;altres administracions de la Comunitat Valenciana.<\/p>\n\n\n\n<p class=\"wp-block-paragraph\">En aquesta primera reuni\u00f3 s&#8217;aprovar\u00e0 tamb\u00e9 el reglament de Consell Local de Salut, que recull, entre d&#8217;altres, les seues funcions, amb un punt de partida: treballar l&#8217;acci\u00f3 comunit\u00e0ria per a la salut des dels municipis segons les directrius de la Conselleria de Sanitat Universal i salut P\u00fablica, la Xarxa de salut de la Comunidat Valenciana, Diputaci\u00f3 de Val\u00e8ncia i entitats estatals i un altre organismes nacionals i internacionals.<\/p>\n\n\n\n<p class=\"wp-block-paragraph\">PROGRAMACI\u00d3<\/p>\n\n\n\n<p class=\"wp-block-paragraph\">Taller Reglament de Salut, primera part i detecci\u00f3, registre i prioritzaci\u00f3 de necessitats de salut local<\/p>\n\n\n\n<p class=\"wp-block-paragraph\">Dijous, 5 de novembre, a les 17:30 hores.<\/p>\n\n\n\n<p class=\"wp-block-paragraph\">Taller Reglament de Salut, segona part i Mapa d&#8217;actius en Salut de Alborache<\/p>\n\n\n\n<p class=\"wp-block-paragraph\">Dijous, 12 de novembre, a les 17:30 hores.<\/p>\n\n\n\n<p class=\"wp-block-paragraph\">Lloc de celebraci\u00f3: Sal\u00f3 d&#8217;Actes de l&#8217;Ajuntament d&#8217;Alborache<\/p>\n","protected":false},"excerpt":{"rendered":"<div class=\"mh-excerpt\">En el primer taller es tractar\u00e0 el Reglament de Salut i la detecci\u00f3, registre i prioritzaci\u00f3 de necessitats de salut local, i tindr\u00e0 lloc el 5 de novembre L&#8217;Ajuntament d&#8217;Alborache convoca la primera reuni\u00f3 de <a class=\"mh-excerpt-more\" href=\"https:\/\/tucomarca.whitekongsoftware.com\/ca\/el-consell-local-de-salut-dalboraig-celebra-la-seua-primera-reunio-amb-un-taller-formatiu\/\" title=\"El Consell Local de Salut d&#8217;Alboraig celebra la seua primera reuni\u00f3 amb un taller formatiu\">[+] <\/a><\/div>\n","protected":false},"author":12,"featured_media":99589,"comment_status":"open","ping_status":"open","sticky":false,"template":"","format":"standard","meta":{"footnotes":""},"categories":[10911,11010,10894,10912,10896],"tags":[10386,12951,5952],"class_list":["post-118173","post","type-post","status-publish","format-standard","has-post-thumbnail","category-bunol-ca","category-canal-salud","category-la-comarca-ca","category-la-hoya-ca","category-seccion-ca","tag-alborache","tag-consejo-local-de-salud-de-alborache","tag-la-hoya-de-bunol-chiva"],"_links":{"self":[{"href":"https:\/\/tucomarca.whitekongsoftware.com\/ca\/wp-json\/wp\/v2\/posts\/118173","targetHints":{"allow":["GET"]}}],"collection":[{"href":"https:\/\/tucomarca.whitekongsoftware.com\/ca\/wp-json\/wp\/v2\/posts"}],"about":[{"href":"https:\/\/tucomarca.whitekongsoftware.com\/ca\/wp-json\/wp\/v2\/types\/post"}],"author":[{"embeddable":true,"href":"https:\/\/tucomarca.whitekongsoftware.com\/ca\/wp-json\/wp\/v2\/users\/12"}],"replies":[{"embeddable":true,"href":"https:\/\/tucomarca.whitekongsoftware.com\/ca\/wp-json\/wp\/v2\/comments?post=118173"}],"version-history":[{"count":0,"href":"https:\/\/tucomarca.whitekongsoftware.com\/ca\/wp-json\/wp\/v2\/posts\/118173\/revisions"}],"wp:featuredmedia":[{"embeddable":true,"href":"https:\/\/tucomarca.whitekongsoftware.com\/ca\/wp-json\/wp\/v2\/media\/99589"}],"wp:attachment":[{"href":"https:\/\/tucomarca.whitekongsoftware.com\/ca\/wp-json\/wp\/v2\/media?parent=118173"}],"wp:term":[{"taxonomy":"category","embeddable":true,"href":"https:\/\/tucomarca.whitekongsoftware.com\/ca\/wp-json\/wp\/v2\/categories?post=118173"},{"taxonomy":"post_tag","embeddable":true,"href":"https:\/\/tucomarca.whitekongsoftware.com\/ca\/wp-json\/wp\/v2\/tags?post=118173"}],"curies":[{"name":"wp","href":"https:\/\/api.w.org\/{rel}","templated":true}]}}