{"id":118159,"date":"2020-11-04T12:05:36","date_gmt":"2020-11-04T11:05:36","guid":{"rendered":"http:\/\/www.tucomarca.com\/wordpress\/segunda\/?p=118159"},"modified":"2020-11-04T21:13:40","modified_gmt":"2020-11-04T20:13:40","slug":"camporrobles-pren-mesures-per-a-evitar-laugment-de-positius-de-covid-19-en-el-municipi","status":"publish","type":"post","link":"https:\/\/tucomarca.whitekongsoftware.com\/ca\/camporrobles-pren-mesures-per-a-evitar-laugment-de-positius-de-covid-19-en-el-municipi\/","title":{"rendered":"Camporrobles pren mesures per a evitar l&#8217;augment de positius de Covid-19 en el municipi"},"content":{"rendered":"\n<p class=\"wp-block-paragraph\">L&#8217;alcaldia de Camporrobles ha dictat una resoluci\u00f3 per a evitar la propagaci\u00f3 de casos de Covid-19, a causa dels \u00faltims positius apareguts en el municipi.<\/p>\n\n\n\n<p class=\"wp-block-paragraph\">Per tant, s&#8217;aprova la suspensi\u00f3 de totes les activitats, cursos, reunions, tallers i confer\u00e8ncies programades en les instal\u00b7lacions municipals, aix\u00ed com el tancament temporal de totes les instal\u00b7lacions municipals esportives, com el camp de futbol, pistes esportives i gimn\u00e0s, per un per\u00edode de 15 dies (del 3 al 17 de novembre, ambd\u00f3s inclusivament), a fi de contindre el risc de transmissi\u00f3 del Covid-19 i garantir la salut de tots els ve\u00efns de Camporrobles. En este municipi s&#8217;han registrat 6 positius de COVID-19 en els \u00faltims dies, segons la Conselleria de Sanitat. Informa, <strong>Luis Ib\u00e1\u00f1ez.<\/strong><br><\/p>\n","protected":false},"excerpt":{"rendered":"<div class=\"mh-excerpt\">L&#8217;alcaldia de Camporrobles ha dictat una resoluci\u00f3 per a evitar la propagaci\u00f3 de casos de Covid-19, a causa dels \u00faltims positius apareguts en el municipi. Per tant, s&#8217;aprova la suspensi\u00f3 de totes les activitats, cursos, <a class=\"mh-excerpt-more\" href=\"https:\/\/tucomarca.whitekongsoftware.com\/ca\/camporrobles-pren-mesures-per-a-evitar-laugment-de-positius-de-covid-19-en-el-municipi\/\" title=\"Camporrobles pren mesures per a evitar l&#8217;augment de positius de Covid-19 en el municipi\">[+] <\/a><\/div>\n","protected":false},"author":12,"featured_media":118158,"comment_status":"open","ping_status":"open","sticky":false,"template":"","format":"standard","meta":{"footnotes":""},"categories":[11031,11010,12202,10948,10894,10947,10909,10896,10897],"tags":[11098,11939,11940,10910],"class_list":["post-118159","post","type-post","status-publish","format-standard","has-post-thumbnail","category-camporrobles-ca","category-canal-salud","category-covid-19-ca","category-infraestructuras-ca","category-la-comarca-ca","category-politica","category-requena-utiel-ca","category-seccion-ca","category-sucesos-la-comarca-ca","tag-camporrobles-ca","tag-coronavirus-ca","tag-covid-19-ca","tag-requena-utiel-ca"],"_links":{"self":[{"href":"https:\/\/tucomarca.whitekongsoftware.com\/ca\/wp-json\/wp\/v2\/posts\/118159","targetHints":{"allow":["GET"]}}],"collection":[{"href":"https:\/\/tucomarca.whitekongsoftware.com\/ca\/wp-json\/wp\/v2\/posts"}],"about":[{"href":"https:\/\/tucomarca.whitekongsoftware.com\/ca\/wp-json\/wp\/v2\/types\/post"}],"author":[{"embeddable":true,"href":"https:\/\/tucomarca.whitekongsoftware.com\/ca\/wp-json\/wp\/v2\/users\/12"}],"replies":[{"embeddable":true,"href":"https:\/\/tucomarca.whitekongsoftware.com\/ca\/wp-json\/wp\/v2\/comments?post=118159"}],"version-history":[{"count":0,"href":"https:\/\/tucomarca.whitekongsoftware.com\/ca\/wp-json\/wp\/v2\/posts\/118159\/revisions"}],"wp:featuredmedia":[{"embeddable":true,"href":"https:\/\/tucomarca.whitekongsoftware.com\/ca\/wp-json\/wp\/v2\/media\/118158"}],"wp:attachment":[{"href":"https:\/\/tucomarca.whitekongsoftware.com\/ca\/wp-json\/wp\/v2\/media?parent=118159"}],"wp:term":[{"taxonomy":"category","embeddable":true,"href":"https:\/\/tucomarca.whitekongsoftware.com\/ca\/wp-json\/wp\/v2\/categories?post=118159"},{"taxonomy":"post_tag","embeddable":true,"href":"https:\/\/tucomarca.whitekongsoftware.com\/ca\/wp-json\/wp\/v2\/tags?post=118159"}],"curies":[{"name":"wp","href":"https:\/\/api.w.org\/{rel}","templated":true}]}}