{"id":118110,"date":"2020-11-02T07:00:41","date_gmt":"2020-11-02T06:00:41","guid":{"rendered":"http:\/\/www.tucomarca.com\/wordpress\/segunda\/?p=118110"},"modified":"2020-11-05T21:18:54","modified_gmt":"2020-11-05T20:18:54","slug":"manolo-fuster-i-minerva-gomez-protagonitzen-els-dos-ultims-programes-de-les-nostres-gents-a-la-radio-municipal-de-bunyol","status":"publish","type":"post","link":"https:\/\/tucomarca.whitekongsoftware.com\/ca\/manolo-fuster-i-minerva-gomez-protagonitzen-els-dos-ultims-programes-de-les-nostres-gents-a-la-radio-municipal-de-bunyol\/","title":{"rendered":"Manolo Fuster i Minerva G\u00f3mez protagonitzen els dos \u00faltims programes de &#8220;Les nostres gents&#8221; a la r\u00e0dio municipal de Bunyol"},"content":{"rendered":"\n<p class=\"wp-block-paragraph\">El programa &#8216;Les nostres gents&#8217; de R\u00e0dio Bunyol ha em\u00e8s els seus cap\u00edtols sis\u00e8 i set\u00e8, amb Manolo Fuster i Minerva G\u00f3mez com a protagonistes.<\/p>\n\n\n\n<p class=\"wp-block-paragraph\">L&#8217;espai d&#8217;entrevistes a bunyolers i bunyoleres il\u00b7lustres est\u00e0 collint un bon \u00e8xit d&#8217;audi\u00e8ncia a trav\u00e9s del canal de YouTube de R\u00e0dio Bunyol, triant a ve\u00efns i ve\u00efnes del municipi que han destacat per la seua professi\u00f3 o per la seua activitat social.<\/p>\n\n\n\n<p class=\"wp-block-paragraph\">Manolo Fuster ha estat un dels futbolistes m\u00e9s destacats de Bunyol, amb sis temporades al FC Barcelona, \u200b\u200bon va arribar a jugar amb el filial a Segona Divisi\u00f3 i a fer una pretemporada amb el primer equip; o el Rayo Vallecano, on va arribar a sumar un ascens a Primera Divisi\u00f3. Fuster va acabar impartint el seu magisteri futbol\u00edstic a Bunyol, on es va retirar del futbol en actiu i despr\u00e9s va passar a les banquetes ia la secretaria t\u00e8cnica.<\/p>\n\n\n\n<p class=\"wp-block-paragraph\">Amb ell repassa Pilar Criado la seua traject\u00f2ria com a futbolista, com veu la difer\u00e8ncia de el futbol de fa 40 anys a el d&#8217;ara, i pel seu lloc l&#8217;actualitat de el Club Esportiu Bunyol de qu\u00e8 \u00e9s seguidor habitual.<\/p>\n\n\n\n<p class=\"wp-block-paragraph\">En el seg\u00fcent episodi Minerva G\u00f3mez repassa la seua traject\u00f2ria pol\u00edtica, amb 12 anys al consistori representant a Esquerra Unida, 4 d&#8217;ells com a alcaldessa.<\/p>\n\n\n\n<p class=\"wp-block-paragraph\">Un poc m\u00e9s d&#8217;una d\u00e8cada que repassa, destacant els millors records, sent a m\u00e9s la primera dona que va ser alcaldessa del municipi. Com es porta la responsabilitat amb vint o trenta anys, el desgast que suposen projectes com el de variant del Planell, un dels m\u00e9s emblem\u00e0tics d&#8217;aquests anys.<\/p>\n\n\n\n<p class=\"wp-block-paragraph\">Les dues entrevistes, a m\u00e9s de les cinc primeres emeses en els mesos passats es poden trobar al canal de YouTube de l&#8217;Ajuntament de Bunyol.<\/p>\n","protected":false},"excerpt":{"rendered":"<div class=\"mh-excerpt\">El programa &#8216;Les nostres gents&#8217; de R\u00e0dio Bunyol ha em\u00e8s els seus cap\u00edtols sis\u00e8 i set\u00e8, amb Manolo Fuster i Minerva G\u00f3mez com a protagonistes. L&#8217;espai d&#8217;entrevistes a bunyolers i bunyoleres il\u00b7lustres est\u00e0 collint un <a class=\"mh-excerpt-more\" href=\"https:\/\/tucomarca.whitekongsoftware.com\/ca\/manolo-fuster-i-minerva-gomez-protagonitzen-els-dos-ultims-programes-de-les-nostres-gents-a-la-radio-municipal-de-bunyol\/\" title=\"Manolo Fuster i Minerva G\u00f3mez protagonitzen els dos \u00faltims programes de &#8220;Les nostres gents&#8221; a la r\u00e0dio municipal de Bunyol\">[+] <\/a><\/div>\n","protected":false},"author":12,"featured_media":118109,"comment_status":"open","ping_status":"open","sticky":false,"template":"","format":"standard","meta":{"footnotes":""},"categories":[10911,10894,10912,10896],"tags":[10385,5952,12138],"class_list":["post-118110","post","type-post","status-publish","format-standard","has-post-thumbnail","category-bunol-ca","category-la-comarca-ca","category-la-hoya-ca","category-seccion-ca","tag-bunol","tag-la-hoya-de-bunol-chiva","tag-radio-bunol-tv"],"_links":{"self":[{"href":"https:\/\/tucomarca.whitekongsoftware.com\/ca\/wp-json\/wp\/v2\/posts\/118110","targetHints":{"allow":["GET"]}}],"collection":[{"href":"https:\/\/tucomarca.whitekongsoftware.com\/ca\/wp-json\/wp\/v2\/posts"}],"about":[{"href":"https:\/\/tucomarca.whitekongsoftware.com\/ca\/wp-json\/wp\/v2\/types\/post"}],"author":[{"embeddable":true,"href":"https:\/\/tucomarca.whitekongsoftware.com\/ca\/wp-json\/wp\/v2\/users\/12"}],"replies":[{"embeddable":true,"href":"https:\/\/tucomarca.whitekongsoftware.com\/ca\/wp-json\/wp\/v2\/comments?post=118110"}],"version-history":[{"count":0,"href":"https:\/\/tucomarca.whitekongsoftware.com\/ca\/wp-json\/wp\/v2\/posts\/118110\/revisions"}],"wp:featuredmedia":[{"embeddable":true,"href":"https:\/\/tucomarca.whitekongsoftware.com\/ca\/wp-json\/wp\/v2\/media\/118109"}],"wp:attachment":[{"href":"https:\/\/tucomarca.whitekongsoftware.com\/ca\/wp-json\/wp\/v2\/media?parent=118110"}],"wp:term":[{"taxonomy":"category","embeddable":true,"href":"https:\/\/tucomarca.whitekongsoftware.com\/ca\/wp-json\/wp\/v2\/categories?post=118110"},{"taxonomy":"post_tag","embeddable":true,"href":"https:\/\/tucomarca.whitekongsoftware.com\/ca\/wp-json\/wp\/v2\/tags?post=118110"}],"curies":[{"name":"wp","href":"https:\/\/api.w.org\/{rel}","templated":true}]}}