{"id":118096,"date":"2020-11-03T12:05:55","date_gmt":"2020-11-03T11:05:55","guid":{"rendered":"http:\/\/www.tucomarca.com\/wordpress\/segunda\/?p=118096"},"modified":"2020-11-04T01:54:56","modified_gmt":"2020-11-04T00:54:56","slug":"laula-respir-de-turis-celebra-els-100-anys-de-jose-sanfelix-guaita","status":"publish","type":"post","link":"https:\/\/tucomarca.whitekongsoftware.com\/ca\/laula-respir-de-turis-celebra-els-100-anys-de-jose-sanfelix-guaita\/","title":{"rendered":"L\u2019Aula Respir de Tur\u00eds celebra els 100 anys de Jos\u00e9 Sanf\u00e9lix Guaita"},"content":{"rendered":"\n<p class=\"wp-block-paragraph\">L\u2019Aula Respir de&nbsp;Tur\u00eds&nbsp;veu refor\u00e7ada la seua tasca social i de servei p\u00fablic amb detalls que encara aporten m\u00e9s valor a&nbsp;estes&nbsp;instal\u00b7lacions i que la fan m\u00e9s entranyable i valuosa si cal, pel que fa als valors humans que despr\u00e9n la seua activitat.<\/p>\n\n\n\n<p class=\"wp-block-paragraph\">Dilluns celebrava un aniversari molt especial, els 100 anys de Jos\u00e9&nbsp;Sanf\u00e9ix&nbsp;Guaita. Un segle de vida, d&#8217;hist\u00f2ria viva, que fou mereixedor d\u2019una bona festa amb els seus companys, familiars, personal encarregat del centre i autoritats locals.<\/p>\n\n\n\n<p class=\"wp-block-paragraph\">L\u2019Alcalde,&nbsp;Eugenio&nbsp;Forta\u00f1a, acompanyat per la regidora de Serveis Socials, N\u00faria&nbsp;Montero, tamb\u00e9 volgueren estar presents i feren entrega a&nbsp;Sanf\u00e9lix, en nom del consistori, d\u2019una placa commemorativa perqu\u00e8 quede const\u00e0ncia material de l\u2019efem\u00e8ride.<\/p>\n\n\n\n<p class=\"wp-block-paragraph\">La festa, com no podia ser d\u2019altra manera, finalitz\u00e0 amb un bon past\u00eds i l\u2019entrega de targetes de felicitaci\u00f3 realitzades pels companys i companyes de l\u2019Aula Respir.<\/p>\n","protected":false},"excerpt":{"rendered":"<div class=\"mh-excerpt\">L\u2019Aula Respir de&nbsp;Tur\u00eds&nbsp;veu refor\u00e7ada la seua tasca social i de servei p\u00fablic amb detalls que encara aporten m\u00e9s valor a&nbsp;estes&nbsp;instal\u00b7lacions i que la fan m\u00e9s entranyable i valuosa si cal, pel que fa als valors <a class=\"mh-excerpt-more\" href=\"https:\/\/tucomarca.whitekongsoftware.com\/ca\/laula-respir-de-turis-celebra-els-100-anys-de-jose-sanfelix-guaita\/\" title=\"L\u2019Aula Respir de Tur\u00eds celebra els 100 anys de Jos\u00e9 Sanf\u00e9lix Guaita\">[+] <\/a><\/div>\n","protected":false},"author":12,"featured_media":118095,"comment_status":"open","ping_status":"open","sticky":false,"template":"","format":"standard","meta":{"footnotes":""},"categories":[10894,10902,10896,11047],"tags":[12638,5952,10394],"class_list":["post-118096","post","type-post","status-publish","format-standard","has-post-thumbnail","category-la-comarca-ca","category-la-ribera-ca","category-seccion-ca","category-turis-ca","tag-aula-respiro","tag-la-hoya-de-bunol-chiva","tag-turis"],"_links":{"self":[{"href":"https:\/\/tucomarca.whitekongsoftware.com\/ca\/wp-json\/wp\/v2\/posts\/118096","targetHints":{"allow":["GET"]}}],"collection":[{"href":"https:\/\/tucomarca.whitekongsoftware.com\/ca\/wp-json\/wp\/v2\/posts"}],"about":[{"href":"https:\/\/tucomarca.whitekongsoftware.com\/ca\/wp-json\/wp\/v2\/types\/post"}],"author":[{"embeddable":true,"href":"https:\/\/tucomarca.whitekongsoftware.com\/ca\/wp-json\/wp\/v2\/users\/12"}],"replies":[{"embeddable":true,"href":"https:\/\/tucomarca.whitekongsoftware.com\/ca\/wp-json\/wp\/v2\/comments?post=118096"}],"version-history":[{"count":0,"href":"https:\/\/tucomarca.whitekongsoftware.com\/ca\/wp-json\/wp\/v2\/posts\/118096\/revisions"}],"wp:featuredmedia":[{"embeddable":true,"href":"https:\/\/tucomarca.whitekongsoftware.com\/ca\/wp-json\/wp\/v2\/media\/118095"}],"wp:attachment":[{"href":"https:\/\/tucomarca.whitekongsoftware.com\/ca\/wp-json\/wp\/v2\/media?parent=118096"}],"wp:term":[{"taxonomy":"category","embeddable":true,"href":"https:\/\/tucomarca.whitekongsoftware.com\/ca\/wp-json\/wp\/v2\/categories?post=118096"},{"taxonomy":"post_tag","embeddable":true,"href":"https:\/\/tucomarca.whitekongsoftware.com\/ca\/wp-json\/wp\/v2\/tags?post=118096"}],"curies":[{"name":"wp","href":"https:\/\/api.w.org\/{rel}","templated":true}]}}