{"id":118088,"date":"2020-11-03T12:55:54","date_gmt":"2020-11-03T11:55:54","guid":{"rendered":"http:\/\/www.tucomarca.com\/wordpress\/segunda\/?p=118088"},"modified":"2020-11-04T02:02:01","modified_gmt":"2020-11-04T01:02:01","slug":"les-accions-mediambientals-protagonitzen-el-ple-ordinari-doctubre-de-xest","status":"publish","type":"post","link":"https:\/\/tucomarca.whitekongsoftware.com\/ca\/les-accions-mediambientals-protagonitzen-el-ple-ordinari-doctubre-de-xest\/","title":{"rendered":"Les accions mediambientals protagonitzen el ple ordinari d&#8217;octubre de Xest"},"content":{"rendered":"\n<p class=\"wp-block-paragraph\">El passat 22 d&#8217;octubre el ple de l&#8217;Ajuntament va celebrar una sessi\u00f3 ordin\u00e0ria en la qual es va aprovar la sol\u00b7licitud de diverses subvencions destinades a l&#8217;\u00e0rea de Medi Ambient, el conveni de col\u00b7laboraci\u00f3 amb l&#8217;empresa que gestionar\u00e0 la recollida d&#8217;olis usats en el municipi, la modificaci\u00f3 de l&#8217;contracte de recollida de Residus Urbans (RSU) i neteja vi\u00e0ria per incorporar el servei de recollida de mat\u00e8ria org\u00e0nica i el Pla local de prevenci\u00f3 d&#8217;incendis forestals.<\/p>\n\n\n\n<p class=\"wp-block-paragraph\">A m\u00e9s, es van aprovar dues modificacions de cr\u00e8dit, cinc mocions i l&#8217;increment de la quantia global de gratificacions.<\/p>\n\n\n\n<figure class=\"wp-block-image\"><img loading=\"lazy\" decoding=\"async\" width=\"787\" height=\"525\" src=\"http:\/\/www.tucomarca.com\/wordpress\/segunda\/wp-content\/uploads\/2020\/11\/PlenoOctubre20Cheste.jpg\" alt=\"\" class=\"wp-image-118085\" srcset=\"https:\/\/tucomarca.whitekongsoftware.com\/wp-content\/uploads\/2020\/11\/PlenoOctubre20Cheste.jpg 787w, https:\/\/tucomarca.whitekongsoftware.com\/wp-content\/uploads\/2020\/11\/PlenoOctubre20Cheste-300x200.jpg 300w, https:\/\/tucomarca.whitekongsoftware.com\/wp-content\/uploads\/2020\/11\/PlenoOctubre20Cheste-768x512.jpg 768w\" sizes=\"auto, (max-width: 787px) 100vw, 787px\" \/><\/figure>\n\n\n\n<p class=\"wp-block-paragraph\"><strong>Unanimitat en l&#8217;acci\u00f3 mediambiental<\/strong><\/p>\n\n\n\n<p class=\"wp-block-paragraph\">Tots els grups pol\u00edtics van manifestar el seu suport als punts presentats en Ple des de les regidories de Medi Ambient i Serveis, relacionats amb l&#8217;educaci\u00f3 ambiental, l&#8217;efici\u00e8ncia energ\u00e8tica, la separaci\u00f3 de residus i la cura de l&#8217;entorn natural.<\/p>\n\n\n\n<p class=\"wp-block-paragraph\">Aix\u00ed, la corporaci\u00f3 municipal va votar a favor de la modificaci\u00f3 de l&#8217;contracte de RSU que permetr\u00e0 la instal\u00b7laci\u00f3 de contenidors de recollida de residus org\u00e0nics a Xest. &#8220;Est\u00e0 prevista la instal\u00b7laci\u00f3 de 3.000 cubells de recollida d&#8217;org\u00e0nic, que comptaran amb obertura amb clau&#8221;, explicava el regidor de Serveis, Jos\u00e9 Vicente Guijarro. &#8220;A m\u00e9s es van a instal\u00b7lar contenidors de m\u00e9s capacitat per als comer\u00e7os&#8221;.<\/p>\n\n\n\n<p class=\"wp-block-paragraph\">Tamb\u00e9 hi va haver unanimitat a favor de la sectoritzaci\u00f3 de la xarxa d&#8217;aigua, que permetr\u00e0 un estalvi de 60.000 metres c\u00fabics a l&#8217;any, segons ha apuntat l&#8217;alcalde, Jos\u00e9 Morell.<\/p>\n\n\n\n<p class=\"wp-block-paragraph\">Igualment, tots els partits amb representaci\u00f3 al ple van votar a favor de l&#8217;aprovaci\u00f3 de la sol\u00b7licitud de les subvencions que concedeix la Diputaci\u00f3 per a la mitigaci\u00f3, adaptaci\u00f3 i educaci\u00f3 clim\u00e0tica, a trav\u00e9s de la qual el consistori adquirir\u00e0 un vehicle el\u00e8ctric i un nou punt de c\u00e0rrega; i per actuacions dins el projecte Smart Cities. En la mateixa l\u00ednia, es va aprovar la sol\u00b7licitud d&#8217;una subvenci\u00f3 de Conselleria per a potenciar projectes de lluita contra el canvi clim\u00e0tic i que l&#8217;Ajuntament invertir\u00e0 en una App per gestionar el consum dels comptadors municipals.<\/p>\n\n\n\n<p class=\"wp-block-paragraph\">Tamb\u00e9 en mat\u00e8ria mediambiental, es va donar llum verda a el Pla local de prevenci\u00f3 d&#8217;incendis forestals i a l&#8217;conveni de col\u00b7laboraci\u00f3 amb l&#8217;empresa LIMFIVAL, per a la recollida selectiva d&#8217;oli usat. &#8220;Ja s&#8217;han instal\u00b7lat cinc contenidors al municipi, i per ara, a la setmana s&#8217;estan recollint 300 litres d&#8217;oli usat&#8221;, apuntava el regidor de Medi Ambient, David Pujals. &#8220;La instal\u00b7laci\u00f3 d&#8217;aquests contenidors d&#8217;oli \u00e9s una forma d&#8217;avan\u00e7ar-nos als plans de gesti\u00f3 de residus que molt aviat es van a imposar des de la normativa europea&#8221;.<\/p>\n\n\n\n<p class=\"wp-block-paragraph\"><strong>Mocions<\/strong><\/p>\n\n\n\n<p class=\"wp-block-paragraph\">Es va aprovar per unanimitat la moci\u00f3 sobre la plaga del Cotonet de Sud-\u00c0frica, presentada pel PSOE i la moci\u00f3 per a garantir la igualtat de tracte entre parelles de fet i casades, exposada per Esquerra \u00danica. Igualment, les mocions per un nou acord sobre el finan\u00e7ament dels municipis valencians i de reconeixement i suport a el sector agroalimentari, presentades per Comprom\u00eds, van ser aprovades per unanimitat.<\/p>\n\n\n\n<p class=\"wp-block-paragraph\">La moci\u00f3 de propostes de millores i intervencions en la l\u00ednia C3, portada a ple per part de Comprom\u00eds, va comptar amb els vots a favor de tots els partits amb representaci\u00f3 plen\u00e0ria, excepte Ciutadans, que es va abstenir. Totes les mocions poden consultar al web municipal cheste.es.<\/p>\n\n\n\n<p class=\"wp-block-paragraph\">D&#8217;altra banda, el regidor d&#8217;Igualtat, Ra\u00fal Mota, va exposar la declaraci\u00f3 institucional realitzada per la Federaci\u00f3 Espanyola de Municipis i Prov\u00edncies amb motiu del dia internacional de l&#8217;orgull LGTBIQ. &#8220;Just ahir es va imposar una injusta condemna a l&#8217;advocat valenci\u00e0 Javier Vilalta per ocultar la seua bisexualitat a la seua dona; aquest fet cobra import\u00e0ncia perqu\u00e8 ens deixa veure que encara queda molt per reivindicar des del col\u00b7lectiu LGTBIQ &#8220;, destacava Mota. Aquest punt va comptar amb el suport de tota la corporaci\u00f3.<\/p>\n\n\n\n<p class=\"wp-block-paragraph\"><strong>Creu a l&#8217;m\u00e8rit policial<\/strong><\/p>\n\n\n\n<p class=\"wp-block-paragraph\">Finalment, el ple va aprovar la sol\u00b7licitud de concessi\u00f3 a l&#8217;M\u00e8rit policial amb distintiu blau a Daniel Gonz\u00e1lez, inspector en cap de la Policia Local de Xest, i als agents Jorge Dur\u00e0, Javier L\u00f3pez i Inmaculada Pineda, per la seua intervenci\u00f3 en l&#8217;auxili de persones ferides en un accident que es va produir a Xest.<\/p>\n","protected":false},"excerpt":{"rendered":"<div class=\"mh-excerpt\">El passat 22 d&#8217;octubre el ple de l&#8217;Ajuntament va celebrar una sessi\u00f3 ordin\u00e0ria en la qual es va aprovar la sol\u00b7licitud de diverses subvencions destinades a l&#8217;\u00e0rea de Medi Ambient, el conveni de col\u00b7laboraci\u00f3 amb <a class=\"mh-excerpt-more\" href=\"https:\/\/tucomarca.whitekongsoftware.com\/ca\/les-accions-mediambientals-protagonitzen-el-ple-ordinari-doctubre-de-xest\/\" title=\"Les accions mediambientals protagonitzen el ple ordinari d&#8217;octubre de Xest\">[+] <\/a><\/div>\n","protected":false},"author":12,"featured_media":118084,"comment_status":"open","ping_status":"open","sticky":false,"template":"","format":"standard","meta":{"footnotes":""},"categories":[10948,10894,10912,10903,10947,10896,10974],"tags":[11071,5952,12946],"class_list":["post-118088","post","type-post","status-publish","format-standard","has-post-thumbnail","category-infraestructuras-ca","category-la-comarca-ca","category-la-hoya-ca","category-medio-ambiente-la-comarca-ca","category-politica","category-seccion-ca","category-cheste-ca","tag-cheste","tag-la-hoya-de-bunol-chiva","tag-pleno-cheste"],"_links":{"self":[{"href":"https:\/\/tucomarca.whitekongsoftware.com\/ca\/wp-json\/wp\/v2\/posts\/118088","targetHints":{"allow":["GET"]}}],"collection":[{"href":"https:\/\/tucomarca.whitekongsoftware.com\/ca\/wp-json\/wp\/v2\/posts"}],"about":[{"href":"https:\/\/tucomarca.whitekongsoftware.com\/ca\/wp-json\/wp\/v2\/types\/post"}],"author":[{"embeddable":true,"href":"https:\/\/tucomarca.whitekongsoftware.com\/ca\/wp-json\/wp\/v2\/users\/12"}],"replies":[{"embeddable":true,"href":"https:\/\/tucomarca.whitekongsoftware.com\/ca\/wp-json\/wp\/v2\/comments?post=118088"}],"version-history":[{"count":0,"href":"https:\/\/tucomarca.whitekongsoftware.com\/ca\/wp-json\/wp\/v2\/posts\/118088\/revisions"}],"wp:featuredmedia":[{"embeddable":true,"href":"https:\/\/tucomarca.whitekongsoftware.com\/ca\/wp-json\/wp\/v2\/media\/118084"}],"wp:attachment":[{"href":"https:\/\/tucomarca.whitekongsoftware.com\/ca\/wp-json\/wp\/v2\/media?parent=118088"}],"wp:term":[{"taxonomy":"category","embeddable":true,"href":"https:\/\/tucomarca.whitekongsoftware.com\/ca\/wp-json\/wp\/v2\/categories?post=118088"},{"taxonomy":"post_tag","embeddable":true,"href":"https:\/\/tucomarca.whitekongsoftware.com\/ca\/wp-json\/wp\/v2\/tags?post=118088"}],"curies":[{"name":"wp","href":"https:\/\/api.w.org\/{rel}","templated":true}]}}