{"id":118061,"date":"2020-11-02T19:55:39","date_gmt":"2020-11-02T18:55:39","guid":{"rendered":"http:\/\/www.tucomarca.com\/wordpress\/segunda\/?p=118061"},"modified":"2020-11-03T01:00:39","modified_gmt":"2020-11-03T00:00:39","slug":"camporrobles-aporta-9-casos-caudete-4-ayora-3-lliria-3-vilamarxant-5-y-chiva-3-a-los-505-nuevos-contagios-de-coronavirus-en-la-comunitat","status":"publish","type":"post","link":"https:\/\/tucomarca.whitekongsoftware.com\/ca\/camporrobles-aporta-9-casos-caudete-4-ayora-3-lliria-3-vilamarxant-5-y-chiva-3-a-los-505-nuevos-contagios-de-coronavirus-en-la-comunitat\/","title":{"rendered":"Camporrobles aporta 9 casos, Caudete 4, Aiora 3, Ll\u00edria 3, Vilamarxant 5 i Xiva 3 als 505 nous contagis de coronavirus a la Comunitat"},"content":{"rendered":"\n<p class=\"wp-block-paragraph\">La Comunitat Valenciana ha registrat en l&#8217;\u00faltima jornada 505 casos confirmats per prova PCR o mitjan\u00e7ant test d&#8217;ant\u00edgens, que situen la xifra total de positius en 63.578 persones. Per prov\u00edncies, la distribuci\u00f3 de nous positius \u00e9s la seg\u00fcent: 11 a Castell\u00f3 (6.972 en total); 47 a Alacant (22.166 en total), i 347 a la prov\u00edncia de Val\u00e8ncia (34.438 en total). S&#8217;han reassignat 28 casos, de manera que el nombre total de pacients sense assignar \u00e9s de 2. <\/p>\n\n\n\n<p class=\"wp-block-paragraph\">Per la seua banda, des de l&#8217;\u00faltima actualitzaci\u00f3 s&#8217;han registrat 2.019 altes a pacients amb coronavirus, de manera que el total de persones curades des de l&#8217;inici de la pand\u00e8mia se situa en 60.025: 6.768 a Castell\u00f3, 20.315 a Alacant i 32.899 a Val\u00e8ncia. <\/p>\n\n\n\n<p class=\"wp-block-paragraph\">A m\u00e9s, el total d&#8217;altes sense assignaci\u00f3 \u00e9s de 43. D&#8217;aquesta manera, a hores d&#8217;ara hi ha actius 11.791 casos, el que suposa un 16,01% de l&#8217;total de positius. Els hospitals valencians tenen, actualment, 1.311 persones ingressades: 117 a la prov\u00edncia de Castell\u00f3, amb 21 pacients en UCI; 459 a la prov\u00edncia d&#8217;Alacant, 76 d&#8217;ells a l&#8217;UCI; i 735 a la prov\u00edncia de Val\u00e8ncia, 97 d&#8217;ells en UCI. D&#8217;altra banda, s&#8217;han registrat 18 morts per coronavirus des de l&#8217;\u00faltima actualitzaci\u00f3, de manera que el total de defuncions \u00e9s de 1.842 persones: 267 a la prov\u00edncia de Castell\u00f3, 629 a la d&#8217;Alacant i 946 a la de Val\u00e8ncia. <\/p>\n\n\n\n<p class=\"wp-block-paragraph\">El nombre total de proves dutes a terme per a la detecci\u00f3 de l&#8217;coronavirus ascendeix a 1.421.480, de les quals 1.264.490 han estat a trav\u00e9s de PCR i 156.990 mitjan\u00e7ant test r\u00e0pid. <\/p>\n\n\n\n<p class=\"wp-block-paragraph\"><strong>Actualitzaci\u00f3 de la situaci\u00f3 en resid\u00e8ncies <\/strong><\/p>\n\n\n\n<p class=\"wp-block-paragraph\">La Comunitat t\u00e9 en l&#8217;actualitat casos positius en 48 resid\u00e8ncies de majors (5 a la prov\u00edncia de Castell\u00f3, 15 a la prov\u00edncia d&#8217;Alacant i 28 a la prov\u00edncia de Val\u00e8ncia) i 9 centres de diversitat funcional (2 a la prov\u00edncia de Castell\u00f3, 3 a la prov\u00edncia d&#8217;Alacant i 4 a la prov\u00edncia de Val\u00e8ncia). \u00b7 Residents nous positius: 82 \u00b7 Treballadors i treballadores nous positius: 35 \u00b7 Residents morts: 0 Actualment, es troben sota vigil\u00e0ncia activa de control sanitari setembre resid\u00e8ncies a la Comunitat Valenciana: 1 a la prov\u00edncia de Castell\u00f3, 3 a la prov\u00edncia d&#8217;Alacant i 5 a la prov\u00edncia de Val\u00e8ncia. La resid\u00e8ncia Domus Vaig veure d&#8217;Elda \u00e9s un dels centres que es troben sota vigil\u00e0ncia activa de control sanitari, despr\u00e9s de la confirmaci\u00f3 de 71 casos positius entre residents i personal sociosanitari. <\/p>\n\n\n\n<p class=\"wp-block-paragraph\"><strong>Actualitzaci\u00f3 brots de coronavirus <\/strong><\/p>\n\n\n\n<p class=\"wp-block-paragraph\">Nous brots: 42 \u00b7 Elx: 4 casos. origen laboral \u00b7 Vila-real: 4 casos. origen laboral \u00b7 Oriola: 3 casos. origen social \u00b7 Nules: 5 casos. Origen laboral. \u00b7 Bigastro: 5 casos. Origen social. \u00b7 La Vall d&#8217;Uix\u00f3: 5 casos. Origen social. \u00b7 Oriola: 5 casos. Origen laboral. \u00b7 Alacant: 7 casos. Origen social. \u00b7 Sant Isidre: 17 casos. Origen laboral. \u00b7 Camporrobles: 4 casos. Origen social. \u00b7 Paterna: 17 casos. \u00c0mbit educatiu. \u00b7 Caudete de les Fonts: 4 casos. Origen laboral. \u00b7 Camporrobles: 5 casos. Origen social. \u00b7 Ayora: 3 casos. Origen social. \u00b7 Alcoi: 4 casos. Origen social. \u00b7 Alboraia: 3 casos. Origen laboral. \u00b7 Val\u00e8ncia: 5 casos. Origen laboral. \u00b7 Val\u00e8ncia: 5 casos. Origen laboral. \u00b7 Tavernes Blanques: 3 casos. Origen social. \u00b7 Bonrep\u00f2s i Mirambell: 4 casos. Origen social. \u00b7 Val\u00e8ncia: 5 casos. Origen social. \u00b7 Ll\u00edria: 3 casos. Origen social. \u00b7 Crevillent: 5 casos. Origen social. \u00b7 Val\u00e8ncia: 5 casos. Origen laboral. \u00b7 Vilamarxant: 5 casos. Origen social. \u00b7 Val\u00e8ncia: 5 casos. \u00c0mbit educatiu. \u00b7 Val\u00e8ncia: 5 casos. Origen laboral. \u00b7 Quart de Poblet: 9 casos. Origen laboral. \u00b7 Faura: 3 casos. Origen laboral. \u00b7 Chiva: 3 casos. Origen social. \u00b7 Alm\u00e0ssera: 3 casos. Origen social. \u00b7 Alboraia: 3 casos. Origen social. \u00b7 Val\u00e8ncia: 4 casos. Origen social. \u00b7 Cocentaina: 3 casos. Origen laboral. \u00b7 Val\u00e8ncia: 4 casos. Origen laboral. \u00b7 Val\u00e8ncia: 5 casos. Origen social. \u00b7 Banyeres de Mariola: 3 casos. Origen social. \u00b7 Gandia: 4 casos. Origen laboral. \u00b7 Gandia: 8 casos. Origen social. \u00b7 Elda: 4 casos. \u00c0mbit educatiu. \u00b7 Onil: 6 casos. Origen social. \u00b7 L&#8217;Alqueria d&#8217;Asnar: 4 casos. Origen social.<\/p>\n","protected":false},"excerpt":{"rendered":"<div class=\"mh-excerpt\">La Comunitat Valenciana ha registrat en l&#8217;\u00faltima jornada 505 casos confirmats per prova PCR o mitjan\u00e7ant test d&#8217;ant\u00edgens, que situen la xifra total de positius en 63.578 persones. Per prov\u00edncies, la distribuci\u00f3 de nous positius <a class=\"mh-excerpt-more\" href=\"https:\/\/tucomarca.whitekongsoftware.com\/ca\/camporrobles-aporta-9-casos-caudete-4-ayora-3-lliria-3-vilamarxant-5-y-chiva-3-a-los-505-nuevos-contagios-de-coronavirus-en-la-comunitat\/\" title=\"Camporrobles aporta 9 casos, Caudete 4, Aiora 3, Ll\u00edria 3, Vilamarxant 5 i Xiva 3 als 505 nous contagis de coronavirus a la Comunitat\">[+] <\/a><\/div>\n","protected":false},"author":1,"featured_media":114344,"comment_status":"open","ping_status":"open","sticky":false,"template":"","format":"standard","meta":{"footnotes":""},"categories":[10905,10954,10951,10892,11031,11010,11032,12202,10898,10948,10894,10904,10912,10928,10903,10947,10909,10896,10897,10975],"tags":[10899,11939,11940,10914,10910],"class_list":["post-118061","post","type-post","status-publish","format-standard","has-post-thumbnail","category-agricultura-la-comarca-ca","category-ayora-ca","category-ayora-cofrentes-ca","category-camp-de-turia-ca","category-camporrobles-ca","category-canal-salud","category-caudete-ca","category-covid-19-ca","category-ventana-ca","category-infraestructuras-ca","category-la-comarca-ca","category-sin-categorizar-ca","category-la-hoya-ca","category-lliria-ca","category-medio-ambiente-la-comarca-ca","category-politica","category-requena-utiel-ca","category-seccion-ca","category-sucesos-la-comarca-ca","category-chiva-ca","tag-camp-de-turia-ca","tag-coronavirus-ca","tag-covid-19-ca","tag-la-hoya-de-bunol-chiva-ca","tag-requena-utiel-ca"],"_links":{"self":[{"href":"https:\/\/tucomarca.whitekongsoftware.com\/ca\/wp-json\/wp\/v2\/posts\/118061","targetHints":{"allow":["GET"]}}],"collection":[{"href":"https:\/\/tucomarca.whitekongsoftware.com\/ca\/wp-json\/wp\/v2\/posts"}],"about":[{"href":"https:\/\/tucomarca.whitekongsoftware.com\/ca\/wp-json\/wp\/v2\/types\/post"}],"author":[{"embeddable":true,"href":"https:\/\/tucomarca.whitekongsoftware.com\/ca\/wp-json\/wp\/v2\/users\/1"}],"replies":[{"embeddable":true,"href":"https:\/\/tucomarca.whitekongsoftware.com\/ca\/wp-json\/wp\/v2\/comments?post=118061"}],"version-history":[{"count":0,"href":"https:\/\/tucomarca.whitekongsoftware.com\/ca\/wp-json\/wp\/v2\/posts\/118061\/revisions"}],"wp:featuredmedia":[{"embeddable":true,"href":"https:\/\/tucomarca.whitekongsoftware.com\/ca\/wp-json\/wp\/v2\/media\/114344"}],"wp:attachment":[{"href":"https:\/\/tucomarca.whitekongsoftware.com\/ca\/wp-json\/wp\/v2\/media?parent=118061"}],"wp:term":[{"taxonomy":"category","embeddable":true,"href":"https:\/\/tucomarca.whitekongsoftware.com\/ca\/wp-json\/wp\/v2\/categories?post=118061"},{"taxonomy":"post_tag","embeddable":true,"href":"https:\/\/tucomarca.whitekongsoftware.com\/ca\/wp-json\/wp\/v2\/tags?post=118061"}],"curies":[{"name":"wp","href":"https:\/\/api.w.org\/{rel}","templated":true}]}}