{"id":118019,"date":"2020-11-02T09:00:07","date_gmt":"2020-11-02T08:00:07","guid":{"rendered":"http:\/\/www.tucomarca.com\/wordpress\/segunda\/?p=118019"},"modified":"2020-11-02T22:23:53","modified_gmt":"2020-11-02T21:23:53","slug":"les-pluja-doctubre-no-arriba-ni-al-25-de-lhabitual","status":"publish","type":"post","link":"https:\/\/tucomarca.whitekongsoftware.com\/ca\/les-pluja-doctubre-no-arriba-ni-al-25-de-lhabitual\/","title":{"rendered":"Les pluja d&#8217;octubre no arriba ni al 25% de l&#8217;habitual"},"content":{"rendered":"\n<h4 class=\"wp-block-heading\"><strong>El camp necessita la pluja sobretot per a les collites d&#8217;olives i per a la sembra dels cereals<\/strong><\/h4>\n\n\n\n<p class=\"wp-block-paragraph\">La tardor est\u00e0 sent molt sec fins al punt que, a l&#8217;octubre, que \u00e9s un dels mesos m\u00e9s plujosos, les quantitats mitjanes d&#8217;aigua de pluja registrades a Requena-Utiel han estat inferiors als 15 litres per metre quadrat.<br> La precipitaci\u00f3 mitjana d&#8217;octubre se situa al voltant dels 60 litres per metre quadrat.<\/p>\n\n\n\n<p class=\"wp-block-paragraph\">Les pluges de tardor s\u00f3n molt importants per anar creant unes reserves d&#8217;humitat perqu\u00e8 a la primavera les vinyes, oliveres i ametllers puguen tenir una brotaci\u00f3 en\u00e8rgica. Tamb\u00e9 estan sent molt necess\u00e0ries per a les collites d&#8217;olives, l&#8217;\u00fanic producte que falta per recol\u00b7lectar a la comarca.<\/p>\n\n\n\n<p class=\"wp-block-paragraph\">Els agricultors cerealistes estan molt preocupats per la falta de precipitacions; doncs s&#8217;aproxima la data de sembra dels cereals i la terra en la superf\u00edcie est\u00e0 completament seca.<\/p>\n\n\n\n<p class=\"wp-block-paragraph\">Per a la setmana que els pron\u00f2stics coincidixen en la possibilitat que arribe un temporal a la comarca; per\u00f2 encara hi ha incertesa sobre si es compliran les previsions.<\/p>\n","protected":false},"excerpt":{"rendered":"<div class=\"mh-excerpt\">El camp necessita la pluja sobretot per a les collites d&#8217;olives i per a la sembra dels cereals La tardor est\u00e0 sent molt sec fins al punt que, a l&#8217;octubre, que \u00e9s un dels mesos <a class=\"mh-excerpt-more\" href=\"https:\/\/tucomarca.whitekongsoftware.com\/ca\/les-pluja-doctubre-no-arriba-ni-al-25-de-lhabitual\/\" title=\"Les pluja d&#8217;octubre no arriba ni al 25% de l&#8217;habitual\">[+] <\/a><\/div>\n","protected":false},"author":12,"featured_media":118018,"comment_status":"open","ping_status":"open","sticky":false,"template":"","format":"standard","meta":{"footnotes":""},"categories":[10905,10894,10908,10909,10896,11059],"tags":[11665,10387,2238],"class_list":["post-118019","post","type-post","status-publish","format-standard","has-post-thumbnail","category-agricultura-la-comarca-ca","category-la-comarca-ca","category-requena-ca","category-requena-utiel-ca","category-seccion-ca","category-utiel-ca","tag-d-o-requena-utiel","tag-requena-utiel","tag-sequia"],"_links":{"self":[{"href":"https:\/\/tucomarca.whitekongsoftware.com\/ca\/wp-json\/wp\/v2\/posts\/118019","targetHints":{"allow":["GET"]}}],"collection":[{"href":"https:\/\/tucomarca.whitekongsoftware.com\/ca\/wp-json\/wp\/v2\/posts"}],"about":[{"href":"https:\/\/tucomarca.whitekongsoftware.com\/ca\/wp-json\/wp\/v2\/types\/post"}],"author":[{"embeddable":true,"href":"https:\/\/tucomarca.whitekongsoftware.com\/ca\/wp-json\/wp\/v2\/users\/12"}],"replies":[{"embeddable":true,"href":"https:\/\/tucomarca.whitekongsoftware.com\/ca\/wp-json\/wp\/v2\/comments?post=118019"}],"version-history":[{"count":0,"href":"https:\/\/tucomarca.whitekongsoftware.com\/ca\/wp-json\/wp\/v2\/posts\/118019\/revisions"}],"wp:featuredmedia":[{"embeddable":true,"href":"https:\/\/tucomarca.whitekongsoftware.com\/ca\/wp-json\/wp\/v2\/media\/118018"}],"wp:attachment":[{"href":"https:\/\/tucomarca.whitekongsoftware.com\/ca\/wp-json\/wp\/v2\/media?parent=118019"}],"wp:term":[{"taxonomy":"category","embeddable":true,"href":"https:\/\/tucomarca.whitekongsoftware.com\/ca\/wp-json\/wp\/v2\/categories?post=118019"},{"taxonomy":"post_tag","embeddable":true,"href":"https:\/\/tucomarca.whitekongsoftware.com\/ca\/wp-json\/wp\/v2\/tags?post=118019"}],"curies":[{"name":"wp","href":"https:\/\/api.w.org\/{rel}","templated":true}]}}