{"id":118004,"date":"2020-11-02T09:15:06","date_gmt":"2020-11-02T08:15:06","guid":{"rendered":"http:\/\/www.tucomarca.com\/wordpress\/segunda\/?p=118004"},"modified":"2020-11-02T22:30:16","modified_gmt":"2020-11-02T21:30:16","slug":"les-families-xestanes-emprenen-un-viatge-imaginari-junt-amb-un-xicotet-jules-verne","status":"publish","type":"post","link":"https:\/\/tucomarca.whitekongsoftware.com\/ca\/les-families-xestanes-emprenen-un-viatge-imaginari-junt-amb-un-xicotet-jules-verne\/","title":{"rendered":"Les fam\u00edlies xestanes emprenen un viatge imaginari junt amb un xicotet Jules Verne"},"content":{"rendered":"\n<h2 class=\"wp-block-heading\"><strong>El cicle &#8220;Cultura en la Lomiquia&#8221; continuar\u00e0 cada diumenge<\/strong><\/h2>\n\n\n\n<p class=\"wp-block-paragraph\">El cicle &#8220;Cultura a La Lomiquia&#8221;, organitzat des de les regidories de Cultura i Parcs i Jardins, va obrir la programaci\u00f3 del mes de novembre amb El somni de Jules Verne, a c\u00e0rrec de JM Gesti\u00f3 Teatral; un espectacle que narra les aventures imagin\u00e0ries d&#8217;un petit Jules Verne, de nou anys d&#8217;edat, que est\u00e0 castigat per intentar escapar a bord d&#8217;una fragata.<\/p>\n\n\n\n<p class=\"wp-block-paragraph\">Al costat del seu germ\u00e0 Paul, el personatge de Verne va convidar a el p\u00fablic assistent a sumar-se a les seues aventures, viatjant amb la imaginaci\u00f3, creuant continents i oceans amb l&#8217;ajuda dels objectes que anava trobant a l&#8217;andana on havia estat castigat.<\/p>\n\n\n\n<ul class=\"wp-block-gallery columns-2 is-cropped wp-block-gallery-1 is-layout-flex wp-block-gallery-is-layout-flex\"><li class=\"blocks-gallery-item\"><figure><img loading=\"lazy\" decoding=\"async\" width=\"787\" height=\"525\" src=\"http:\/\/www.tucomarca.com\/wordpress\/segunda\/wp-content\/uploads\/2020\/11\/ChesteJulioVerne3.jpg\" alt=\"\" data-id=\"117999\" data-link=\"http:\/\/www.tucomarca.com\/wordpress\/segunda\/?attachment_id=117999\" class=\"wp-image-117999\" srcset=\"https:\/\/tucomarca.whitekongsoftware.com\/wp-content\/uploads\/2020\/11\/ChesteJulioVerne3.jpg 787w, https:\/\/tucomarca.whitekongsoftware.com\/wp-content\/uploads\/2020\/11\/ChesteJulioVerne3-300x200.jpg 300w, https:\/\/tucomarca.whitekongsoftware.com\/wp-content\/uploads\/2020\/11\/ChesteJulioVerne3-768x512.jpg 768w\" sizes=\"auto, (max-width: 787px) 100vw, 787px\" \/><\/figure><\/li><li class=\"blocks-gallery-item\"><figure><img loading=\"lazy\" decoding=\"async\" width=\"787\" height=\"525\" src=\"http:\/\/www.tucomarca.com\/wordpress\/segunda\/wp-content\/uploads\/2020\/11\/ChesteJulioVerne4.jpg\" alt=\"\" data-id=\"118001\" data-link=\"http:\/\/www.tucomarca.com\/wordpress\/segunda\/?attachment_id=118001\" class=\"wp-image-118001\" srcset=\"https:\/\/tucomarca.whitekongsoftware.com\/wp-content\/uploads\/2020\/11\/ChesteJulioVerne4.jpg 787w, https:\/\/tucomarca.whitekongsoftware.com\/wp-content\/uploads\/2020\/11\/ChesteJulioVerne4-300x200.jpg 300w, https:\/\/tucomarca.whitekongsoftware.com\/wp-content\/uploads\/2020\/11\/ChesteJulioVerne4-768x512.jpg 768w\" sizes=\"auto, (max-width: 787px) 100vw, 787px\" \/><\/figure><\/li><\/ul>\n\n\n\n<p class=\"wp-block-paragraph\">El cicle continuar\u00e0 oferint programaci\u00f3 per a p\u00fablic familiar tots els diumenges de novembre, a les 12 hores. La propera representaci\u00f3 ser\u00e0 el 8 de novembre, i tamb\u00e9 anir\u00e0 a c\u00e0rrec de JM Gesti\u00f3 Teatral, amb el seu espectacle musical Gat amb botes.<\/p>\n\n\n\n<p class=\"wp-block-paragraph\">Les activitats culturals es poden consultar a les xarxes socials municipals, al canal de Telegram &#8220;Xest cultural&#8221; i en l&#8217;App d&#8217;informaci\u00f3 municipal bandos.es; aix\u00ed com a trav\u00e9s de cartells en els punts d&#8217;informaci\u00f3 habituals.<\/p>\n","protected":false},"excerpt":{"rendered":"<div class=\"mh-excerpt\">El cicle &#8220;Cultura en la Lomiquia&#8221; continuar\u00e0 cada diumenge El cicle &#8220;Cultura a La Lomiquia&#8221;, organitzat des de les regidories de Cultura i Parcs i Jardins, va obrir la programaci\u00f3 del mes de novembre amb <a class=\"mh-excerpt-more\" href=\"https:\/\/tucomarca.whitekongsoftware.com\/ca\/les-families-xestanes-emprenen-un-viatge-imaginari-junt-amb-un-xicotet-jules-verne\/\" title=\"Les fam\u00edlies xestanes emprenen un viatge imaginari junt amb un xicotet Jules Verne\">[+] <\/a><\/div>\n","protected":false},"author":12,"featured_media":117998,"comment_status":"open","ping_status":"open","sticky":false,"template":"","format":"gallery","meta":{"footnotes":""},"categories":[10894,10912,11007,10896,10974],"tags":[11071,12942,5952],"class_list":["post-118004","post","type-post","status-publish","format-gallery","has-post-thumbnail","category-la-comarca-ca","category-la-hoya-ca","category-ocio-y-cultura-ca","category-seccion-ca","category-cheste-ca","tag-cheste","tag-cultura-en-la-lomiquia","tag-la-hoya-de-bunol-chiva","post_format-post-format-gallery"],"_links":{"self":[{"href":"https:\/\/tucomarca.whitekongsoftware.com\/ca\/wp-json\/wp\/v2\/posts\/118004","targetHints":{"allow":["GET"]}}],"collection":[{"href":"https:\/\/tucomarca.whitekongsoftware.com\/ca\/wp-json\/wp\/v2\/posts"}],"about":[{"href":"https:\/\/tucomarca.whitekongsoftware.com\/ca\/wp-json\/wp\/v2\/types\/post"}],"author":[{"embeddable":true,"href":"https:\/\/tucomarca.whitekongsoftware.com\/ca\/wp-json\/wp\/v2\/users\/12"}],"replies":[{"embeddable":true,"href":"https:\/\/tucomarca.whitekongsoftware.com\/ca\/wp-json\/wp\/v2\/comments?post=118004"}],"version-history":[{"count":0,"href":"https:\/\/tucomarca.whitekongsoftware.com\/ca\/wp-json\/wp\/v2\/posts\/118004\/revisions"}],"wp:featuredmedia":[{"embeddable":true,"href":"https:\/\/tucomarca.whitekongsoftware.com\/ca\/wp-json\/wp\/v2\/media\/117998"}],"wp:attachment":[{"href":"https:\/\/tucomarca.whitekongsoftware.com\/ca\/wp-json\/wp\/v2\/media?parent=118004"}],"wp:term":[{"taxonomy":"category","embeddable":true,"href":"https:\/\/tucomarca.whitekongsoftware.com\/ca\/wp-json\/wp\/v2\/categories?post=118004"},{"taxonomy":"post_tag","embeddable":true,"href":"https:\/\/tucomarca.whitekongsoftware.com\/ca\/wp-json\/wp\/v2\/tags?post=118004"}],"curies":[{"name":"wp","href":"https:\/\/api.w.org\/{rel}","templated":true}]}}