{"id":117975,"date":"2020-10-31T08:45:55","date_gmt":"2020-10-31T07:45:55","guid":{"rendered":"http:\/\/www.tucomarca.com\/wordpress\/segunda\/?p=117975"},"modified":"2020-11-01T13:22:03","modified_gmt":"2020-11-01T12:22:03","slug":"la-mancomunitat-de-la-foia-de-bunyol-xiva-organitza-li-forum-jove-comarcal","status":"publish","type":"post","link":"https:\/\/tucomarca.whitekongsoftware.com\/ca\/la-mancomunitat-de-la-foia-de-bunyol-xiva-organitza-li-forum-jove-comarcal\/","title":{"rendered":"La mancomunitat de La Foia de Bunyol-Xiva organitza l&#8217;I F\u00f2rum Jove Comarcal&#8221;"},"content":{"rendered":"\n<p class=\"wp-block-paragraph\">El pr\u00f2xim 27 de novembre, a 18,00 hores, a trav\u00e9s de la plataforma digital Zoom, els j\u00f3vens de la comarca tenen una cita en este espai virtual amb noves idees i participaci\u00f3 en qu\u00e8 podran preguntar o proposar all\u00f2 que m\u00e9s els interesse a representants de les institucions i personal t\u00e8cnic de l&#8217;administraci\u00f3.<\/p>\n\n\n\n<p class=\"wp-block-paragraph\">Temes com a oci, vivenda, ocupaci\u00f3, voluntariat, mig ambiente&#8230; als que es poden afegir altres temes de qu\u00e8 els j\u00f3vens estiguen interessats.<\/p>\n\n\n\n<figure class=\"wp-block-image\"><img loading=\"lazy\" decoding=\"async\" width=\"960\" height=\"960\" src=\"http:\/\/www.tucomarca.com\/wordpress\/segunda\/wp-content\/uploads\/2020\/10\/ForoJoven2.jpg\" alt=\"\" class=\"wp-image-117972\" srcset=\"https:\/\/tucomarca.whitekongsoftware.com\/wp-content\/uploads\/2020\/10\/ForoJoven2.jpg 960w, https:\/\/tucomarca.whitekongsoftware.com\/wp-content\/uploads\/2020\/10\/ForoJoven2-290x290.jpg 290w, https:\/\/tucomarca.whitekongsoftware.com\/wp-content\/uploads\/2020\/10\/ForoJoven2-300x300.jpg 300w, https:\/\/tucomarca.whitekongsoftware.com\/wp-content\/uploads\/2020\/10\/ForoJoven2-768x768.jpg 768w\" sizes=\"auto, (max-width: 960px) 100vw, 960px\" \/><\/figure>\n","protected":false},"excerpt":{"rendered":"<div class=\"mh-excerpt\">El pr\u00f2xim 27 de novembre, a 18,00 hores, a trav\u00e9s de la plataforma digital Zoom, els j\u00f3vens de la comarca tenen una cita en este espai virtual amb noves idees i participaci\u00f3 en qu\u00e8 podran <a class=\"mh-excerpt-more\" href=\"https:\/\/tucomarca.whitekongsoftware.com\/ca\/la-mancomunitat-de-la-foia-de-bunyol-xiva-organitza-li-forum-jove-comarcal\/\" title=\"La mancomunitat de La Foia de Bunyol-Xiva organitza l&#8217;I F\u00f2rum Jove Comarcal&#8221;\">[+] <\/a><\/div>\n","protected":false},"author":12,"featured_media":117971,"comment_status":"open","ping_status":"open","sticky":false,"template":"","format":"standard","meta":{"footnotes":""},"categories":[11019,10973,10911,10976,10977,10980,10948,10963,10894,10912,10978,10970,10947,10896,10979,10974,10975],"tags":[12938,5952,11513],"class_list":["post-117975","post","type-post","status-publish","format-standard","has-post-thumbnail","category-agenda-ca","category-alborache-ca","category-bunol-ca","category-dos-aguas-ca","category-godelleta-ca","category-yatova-ca","category-infraestructuras-ca","category-la-canal-de-navarres-ca","category-la-comarca-ca","category-la-hoya-ca","category-macastre-ca","category-millares-ca","category-politica","category-seccion-ca","category-siete-aguas-ca","category-cheste-ca","category-chiva-ca","tag-i-foro-joven-comarcal","tag-la-hoya-de-bunol-chiva","tag-mancomunidad-de-la-hoya-de-bunol-chiva"],"_links":{"self":[{"href":"https:\/\/tucomarca.whitekongsoftware.com\/ca\/wp-json\/wp\/v2\/posts\/117975","targetHints":{"allow":["GET"]}}],"collection":[{"href":"https:\/\/tucomarca.whitekongsoftware.com\/ca\/wp-json\/wp\/v2\/posts"}],"about":[{"href":"https:\/\/tucomarca.whitekongsoftware.com\/ca\/wp-json\/wp\/v2\/types\/post"}],"author":[{"embeddable":true,"href":"https:\/\/tucomarca.whitekongsoftware.com\/ca\/wp-json\/wp\/v2\/users\/12"}],"replies":[{"embeddable":true,"href":"https:\/\/tucomarca.whitekongsoftware.com\/ca\/wp-json\/wp\/v2\/comments?post=117975"}],"version-history":[{"count":0,"href":"https:\/\/tucomarca.whitekongsoftware.com\/ca\/wp-json\/wp\/v2\/posts\/117975\/revisions"}],"wp:featuredmedia":[{"embeddable":true,"href":"https:\/\/tucomarca.whitekongsoftware.com\/ca\/wp-json\/wp\/v2\/media\/117971"}],"wp:attachment":[{"href":"https:\/\/tucomarca.whitekongsoftware.com\/ca\/wp-json\/wp\/v2\/media?parent=117975"}],"wp:term":[{"taxonomy":"category","embeddable":true,"href":"https:\/\/tucomarca.whitekongsoftware.com\/ca\/wp-json\/wp\/v2\/categories?post=117975"},{"taxonomy":"post_tag","embeddable":true,"href":"https:\/\/tucomarca.whitekongsoftware.com\/ca\/wp-json\/wp\/v2\/tags?post=117975"}],"curies":[{"name":"wp","href":"https:\/\/api.w.org\/{rel}","templated":true}]}}