{"id":117932,"date":"2020-10-31T20:10:26","date_gmt":"2020-10-31T19:10:26","guid":{"rendered":"http:\/\/www.tucomarca.com\/wordpress\/segunda\/?p=117932"},"modified":"2020-11-01T13:18:30","modified_gmt":"2020-11-01T12:18:30","slug":"cheste-senyalitza-els-seus-punts-dinteres-turistic","status":"publish","type":"post","link":"https:\/\/tucomarca.whitekongsoftware.com\/ca\/cheste-senyalitza-els-seus-punts-dinteres-turistic\/","title":{"rendered":"Cheste senyalitza els seus punts d&#8217;inter\u00e9s tur\u00edstic"},"content":{"rendered":"\n<h4 class=\"wp-block-heading\"><strong>La iniciativa sorgix del pla Director de Turisme que s&#8217;est\u00e0 desenrotllant des de la Mancomunitat<\/strong><\/h4>\n\n\n\n<p class=\"wp-block-paragraph\">La mancomunitat Foia de Bunyol-Xiva est\u00e0 desenvolupant, en tots els seus municipis, la primera fase d&#8217;el programa Pla Director de Turisme, en la qual s&#8217;estan senyalitzant els recursos tur\u00edstics de cada poblaci\u00f3.<\/p>\n\n\n\n<p class=\"wp-block-paragraph\">Aquesta iniciativa, emmarcada dins de el Pla de Dinamitzaci\u00f3 i Governan\u00e7a Tur\u00edstica de la Generalitat Valenciana, pret\u00e9n fer una an\u00e0lisi de mercat tur\u00edstic dels municipis per planificar les accions que es duran a terme fins que finalitzi 2020, amb la finalitat d&#8217;atreure visites.<\/p>\n\n\n\n<p class=\"wp-block-paragraph\">En Xest l&#8217;acci\u00f3 ha estat coordinada des de la regidoria de Turisme i s&#8217;han col\u00b7locat dos t\u00f2tem, o senyals intel\u00b7ligents, una a la casa Valterra i una altra al Circuit; quatre senyals d&#8217;arribada, ubicades al Mercat municipal, el parc de la Lomiquia, l&#8217;estaci\u00f3 de tren i la pla\u00e7a II Rep\u00fablica; i dotze senyals de direcci\u00f3 en la ruta del Pe\u00f1arroya.<\/p>\n\n\n\n<p class=\"wp-block-paragraph\">&#8220;L&#8217;objectiu d&#8217;aquests senyals \u00e9s revaloritzar i fer la informaci\u00f3 accessible als i les visitants en els punts de major aflu\u00e8ncia&#8221;, ha explicat la regidora de Comer\u00e7, Brenda Jim\u00e9nez. &#8220;Per al desenvolupament de les seg\u00fcents fases de el pla es treballar\u00e0 de forma integrada amb tots els municipis&#8221;.<\/p>\n","protected":false},"excerpt":{"rendered":"<div class=\"mh-excerpt\">La iniciativa sorgix del pla Director de Turisme que s&#8217;est\u00e0 desenrotllant des de la Mancomunitat La mancomunitat Foia de Bunyol-Xiva est\u00e0 desenvolupant, en tots els seus municipis, la primera fase d&#8217;el programa Pla Director de <a class=\"mh-excerpt-more\" href=\"https:\/\/tucomarca.whitekongsoftware.com\/ca\/cheste-senyalitza-els-seus-punts-dinteres-turistic\/\" title=\"Cheste senyalitza els seus punts d&#8217;inter\u00e9s tur\u00edstic\">[+] <\/a><\/div>\n","protected":false},"author":12,"featured_media":117931,"comment_status":"open","ping_status":"open","sticky":false,"template":"","format":"standard","meta":{"footnotes":""},"categories":[10948,10894,10912,10903,10896,10974],"tags":[11071,5952,11513],"class_list":["post-117932","post","type-post","status-publish","format-standard","has-post-thumbnail","category-infraestructuras-ca","category-la-comarca-ca","category-la-hoya-ca","category-medio-ambiente-la-comarca-ca","category-seccion-ca","category-cheste-ca","tag-cheste","tag-la-hoya-de-bunol-chiva","tag-mancomunidad-de-la-hoya-de-bunol-chiva"],"_links":{"self":[{"href":"https:\/\/tucomarca.whitekongsoftware.com\/ca\/wp-json\/wp\/v2\/posts\/117932","targetHints":{"allow":["GET"]}}],"collection":[{"href":"https:\/\/tucomarca.whitekongsoftware.com\/ca\/wp-json\/wp\/v2\/posts"}],"about":[{"href":"https:\/\/tucomarca.whitekongsoftware.com\/ca\/wp-json\/wp\/v2\/types\/post"}],"author":[{"embeddable":true,"href":"https:\/\/tucomarca.whitekongsoftware.com\/ca\/wp-json\/wp\/v2\/users\/12"}],"replies":[{"embeddable":true,"href":"https:\/\/tucomarca.whitekongsoftware.com\/ca\/wp-json\/wp\/v2\/comments?post=117932"}],"version-history":[{"count":0,"href":"https:\/\/tucomarca.whitekongsoftware.com\/ca\/wp-json\/wp\/v2\/posts\/117932\/revisions"}],"wp:featuredmedia":[{"embeddable":true,"href":"https:\/\/tucomarca.whitekongsoftware.com\/ca\/wp-json\/wp\/v2\/media\/117931"}],"wp:attachment":[{"href":"https:\/\/tucomarca.whitekongsoftware.com\/ca\/wp-json\/wp\/v2\/media?parent=117932"}],"wp:term":[{"taxonomy":"category","embeddable":true,"href":"https:\/\/tucomarca.whitekongsoftware.com\/ca\/wp-json\/wp\/v2\/categories?post=117932"},{"taxonomy":"post_tag","embeddable":true,"href":"https:\/\/tucomarca.whitekongsoftware.com\/ca\/wp-json\/wp\/v2\/tags?post=117932"}],"curies":[{"name":"wp","href":"https:\/\/api.w.org\/{rel}","templated":true}]}}