{"id":117924,"date":"2020-11-01T09:00:48","date_gmt":"2020-11-01T08:00:48","guid":{"rendered":"http:\/\/www.tucomarca.com\/wordpress\/segunda\/?p=117924"},"modified":"2020-11-01T13:16:21","modified_gmt":"2020-11-01T12:16:21","slug":"lajuntament-assumeix-les-competencies-per-a-ampliar-el-ceip-el-garbi","status":"publish","type":"post","link":"https:\/\/tucomarca.whitekongsoftware.com\/ca\/lajuntament-assumeix-les-competencies-per-a-ampliar-el-ceip-el-garbi\/","title":{"rendered":"L&#8217;Ajuntament assumeix les compet\u00e8ncies per a ampliar el CEIP El Garb\u00ed"},"content":{"rendered":"\n<h4 class=\"wp-block-heading\"><strong>Les obres de millora del centre p\u00fablic estan dotades amb un pressupost de quasi 5,2 milions d&#8217;euros de la Generalitat Valenciana.<\/strong><\/h4>\n\n\n\n<p class=\"wp-block-paragraph\">El Ple de l&#8217;Ajuntament de l&#8217;Eliana ha acceptat hui la delegaci\u00f3 de compet\u00e8ncies en mat\u00e8ria d&#8217;infraestructures educatives, incloses en el programa Edificant de la Generalitat Valenciana, per a l&#8217;adequaci\u00f3 i ampliaci\u00f3 del CEIP El Garb\u00ed. Per a realitzar aquesta actuaci\u00f3 el consistori comptar\u00e0 amb un total de 5.187.512 euros, finan\u00e7ats per la Conselleria d&#8217;Educaci\u00f3, Cultura i Esport. &nbsp;<\/p>\n\n\n\n<p class=\"wp-block-paragraph\">Tot aix\u00f2 amb l&#8217;objectiu que les instal\u00b7lacions del centre p\u00fablic de la localitat permeten un adequat acompliment de la labor educativa. El pla s&#8217;executar\u00e0 en tres exercicis, d&#8217;aquesta manera en 2020 s&#8217;invertiran 149.876 euros, 1.332.359 euros l&#8217;any vinent i 3.705.275 euros en 2022. Amb aquests imports l&#8217;entitat local finan\u00e7ar\u00e0 els procediments de contractaci\u00f3 administrativa d&#8217;obres com ara les actuacions preparat\u00f2ries, la licitaci\u00f3, adjudicaci\u00f3 contracte o l&#8217;execuci\u00f3 de l&#8217;obra, l&#8217;inici de la qual est\u00e0 previst en 2021, aix\u00ed com l&#8217;assist\u00e8ncia t\u00e8cnica necess\u00e0ria.<\/p>\n\n\n\n<p class=\"wp-block-paragraph\">Tal com ha explicat l&#8217;edil d&#8217;Educaci\u00f3, Eva Santaf\u00e9, la comunitat educativa de l&#8217;Eliana porta anys demanant l&#8217;eliminaci\u00f3 dels m\u00f2duls prefabricats instal\u00b7lats des de 2005. \u201c<em>Aquesta obra \u00e9s fonamental per a normalitzar la realitat del centre i redundar\u00e0 en la qualitat educativa de l&#8217;alumnat, per aix\u00f2 no vull deixar passar l&#8217;oportunitat d&#8217;agrair a totes les persones implicades en aquest projecte en el qual treballem des de fa anys perqu\u00e8 siga una realitat molt prompte<\/em>\u201d, ha destacat.<br><\/p>\n","protected":false},"excerpt":{"rendered":"<div class=\"mh-excerpt\">Les obres de millora del centre p\u00fablic estan dotades amb un pressupost de quasi 5,2 milions d&#8217;euros de la Generalitat Valenciana. El Ple de l&#8217;Ajuntament de l&#8217;Eliana ha acceptat hui la delegaci\u00f3 de compet\u00e8ncies en <a class=\"mh-excerpt-more\" href=\"https:\/\/tucomarca.whitekongsoftware.com\/ca\/lajuntament-assumeix-les-competencies-per-a-ampliar-el-ceip-el-garbi\/\" title=\"L&#8217;Ajuntament assumeix les compet\u00e8ncies per a ampliar el CEIP El Garb\u00ed\">[+] <\/a><\/div>\n","protected":false},"author":12,"featured_media":117923,"comment_status":"open","ping_status":"open","sticky":false,"template":"","format":"standard","meta":{"footnotes":""},"categories":[10892,10948,10894,10893,10947,10896],"tags":[10395,12930,10433],"class_list":["post-117924","post","type-post","status-publish","format-standard","has-post-thumbnail","category-camp-de-turia-ca","category-infraestructuras-ca","category-la-comarca-ca","category-leliana-ca","category-politica","category-seccion-ca","tag-camp-de-turia","tag-ceip-el-garbi","tag-leliana"],"_links":{"self":[{"href":"https:\/\/tucomarca.whitekongsoftware.com\/ca\/wp-json\/wp\/v2\/posts\/117924","targetHints":{"allow":["GET"]}}],"collection":[{"href":"https:\/\/tucomarca.whitekongsoftware.com\/ca\/wp-json\/wp\/v2\/posts"}],"about":[{"href":"https:\/\/tucomarca.whitekongsoftware.com\/ca\/wp-json\/wp\/v2\/types\/post"}],"author":[{"embeddable":true,"href":"https:\/\/tucomarca.whitekongsoftware.com\/ca\/wp-json\/wp\/v2\/users\/12"}],"replies":[{"embeddable":true,"href":"https:\/\/tucomarca.whitekongsoftware.com\/ca\/wp-json\/wp\/v2\/comments?post=117924"}],"version-history":[{"count":0,"href":"https:\/\/tucomarca.whitekongsoftware.com\/ca\/wp-json\/wp\/v2\/posts\/117924\/revisions"}],"wp:featuredmedia":[{"embeddable":true,"href":"https:\/\/tucomarca.whitekongsoftware.com\/ca\/wp-json\/wp\/v2\/media\/117923"}],"wp:attachment":[{"href":"https:\/\/tucomarca.whitekongsoftware.com\/ca\/wp-json\/wp\/v2\/media?parent=117924"}],"wp:term":[{"taxonomy":"category","embeddable":true,"href":"https:\/\/tucomarca.whitekongsoftware.com\/ca\/wp-json\/wp\/v2\/categories?post=117924"},{"taxonomy":"post_tag","embeddable":true,"href":"https:\/\/tucomarca.whitekongsoftware.com\/ca\/wp-json\/wp\/v2\/tags?post=117924"}],"curies":[{"name":"wp","href":"https:\/\/api.w.org\/{rel}","templated":true}]}}