{"id":117907,"date":"2020-10-30T17:45:28","date_gmt":"2020-10-30T16:45:28","guid":{"rendered":"http:\/\/www.tucomarca.com\/wordpress\/segunda\/?p=117907"},"modified":"2020-10-30T20:53:10","modified_gmt":"2020-10-30T19:53:10","slug":"inspeccio-de-treball-llanca-una-ofensiva-criminalitzadora-a-el-sector-citricola-pel-covid-19-segons-ava-asaja","status":"publish","type":"post","link":"https:\/\/tucomarca.whitekongsoftware.com\/ca\/inspeccio-de-treball-llanca-una-ofensiva-criminalitzadora-a-el-sector-citricola-pel-covid-19-segons-ava-asaja\/","title":{"rendered":"Inspecci\u00f3 de Treball llan\u00e7a una &#8220;ofensiva criminalitzadora&#8221; a el sector citr\u00edcola pel Covid-19, segons AVA-Asaja"},"content":{"rendered":"\n<h4 class=\"wp-block-heading\">El sindicat denuncia que el &#8220;Govern se suma a la Generalitat a l&#8217;eludir les seves responsabilitats i traslladar sobrecostos i c\u00e0rrega burocr\u00e0tica als agricultors&#8221;<\/h4>\n\n\n\n<p class=\"wp-block-paragraph\">L&#8217;Associaci\u00f3 Valenciana d&#8217;Agricultors (AVA-ASAJA) critica durament l &#8216; &#8220;ofensiva criminalitzadora&#8221; que acaba de posar en marxa el Govern central, a trav\u00e9s de la Inspecci\u00f3 de Treball, que consisteix en una campanya de requeriments d&#8217;ofici dirigida als agricultors i operadors de l&#8217; sector citr\u00edcola perqu\u00e8 prenguin, de manera immediata, mesures obligat\u00f2ries de prevenci\u00f3, higiene, informaci\u00f3, allotjaments i organitzaci\u00f3 de treballadors establertes en la legislaci\u00f3 relativa a l&#8217;Covid-19.<\/p>\n\n\n\n<p class=\"wp-block-paragraph\">El president d&#8217;AVA-Asaja, Crist\u00f3bal Aguado, denuncia que &#8220;el Ministeri de Treball se suma d&#8217;aquesta manera tan hostil a la vergonyosa conducta que ve exhibint la Generalitat Valenciana, a l&#8217;eludir tamb\u00e9 les seves responsabilitats en la lluita contra la pand\u00e8mia a peu de camp i traslladar els corresponents sobrecostos econ\u00f2mics i la c\u00e0rrega burocr\u00e0tica als agricultors i ramaders &#8220;.&#8221; a el menys-afegeix- els governs haurien de tenir la dec\u00e8ncia d&#8217;acompanyar aquestes exig\u00e8ncies amb un paquet d&#8217;ajudes o incentius que facilitessin la seva aplicaci\u00f3 en un col\u00b7lectiu ja de per si castigat per la falta de rendibilitat &#8220;.<\/p>\n\n\n\n<p class=\"wp-block-paragraph\">Aigualit no ent\u00e9n que, en el cas de la citricultura, &#8220;els inspectors de Treball posin als productors individuals en el seu punt de mira, com si es tract\u00e9s de delinq\u00fcents, ja que tot el proc\u00e9s de cultiu s&#8217;ha desenvolupat sense m\u00e9s problemes de contagis i quan l&#8217;actual fase de recol\u00b7lecci\u00f3 va a c\u00e0rrec de les cooperatives i els comer\u00e7os privats &#8220;.<\/p>\n\n\n\n<p class=\"wp-block-paragraph\"><strong>Sense probes PCR<\/strong><\/p>\n\n\n\n<p class=\"wp-block-paragraph\">Pel que fa a l&#8217;di\u00e0leg amb les administracions, el president d&#8217;AVA-ASAJA retreu que &#8220;les administracions no han volgut consensuar pautes amb les organitzacions agr\u00e0ries ni abans de les campanyes agr\u00edcoles ni durant les mateixes. A difer\u00e8ncia d&#8217;altres comunitats com La Rioja o Castella i Lle\u00f3, el Consell no ha at\u00e8s la nostra reivindicaci\u00f3 de fer proves PCR als temporers que arriben d&#8217;altres regions per treballar en les explotacions agr\u00e0ries &#8220;.&#8221; L&#8217;\u00fanic que vam rebre -explica el dirigent agrari -s\u00f3n m\u00e9s despeses, m\u00e9s burocr\u00e0cia i m\u00e9s incomprensi\u00f3, com si la responsabilitat que Espanya lideri l&#8217;afecci\u00f3 de la pand\u00e8mia no recaigu\u00e9s sobre els pol\u00edtics per la seva nefasta i ca\u00f2tica gesti\u00f3 &#8220;.<\/p>\n\n\n\n<p class=\"wp-block-paragraph\">Per facilitar als citricultors el compliment de totes les obligacions exigides per la Inspecci\u00f3 de Treball, AVA-ASAJA ofereix el seu servei de prevenci\u00f3 de riscos laborals, el primer mancomunat en el sector agrari valenci\u00e0. Entre les mesures recollides en el requeriment d&#8217;ofici que est\u00e0 arribant a milers de productors citr\u00edcoles destaquen l&#8217;avaluaci\u00f3 de riscos en funci\u00f3 de les activitats agr\u00e0ries; l&#8217;elaboraci\u00f3 d&#8217;un pla de conting\u00e8ncia espec\u00edfic; la informaci\u00f3 i formaci\u00f3 actualitzada sobre les mesures organitzatives, d&#8217;higiene i t\u00e8cniques implantades en el centre de treball; l&#8217;\u00fas de cartells i senyalitzaci\u00f3; un protocol de neteja, desinfecci\u00f3 i ventilaci\u00f3; ordenaci\u00f3 dels llocs de treball i organitzaci\u00f3 de torns; limitacions en el transport i en les quadrilles de treballadors; mesures en allotjaments; i avaluaci\u00f3 de temporers especialment sensibles a la malaltia. Informa, <strong>Luis Ib\u00e1\u00f1ez<\/strong>.<\/p>\n","protected":false},"excerpt":{"rendered":"<div class=\"mh-excerpt\">El sindicat denuncia que el &#8220;Govern se suma a la Generalitat a l&#8217;eludir les seves responsabilitats i traslladar sobrecostos i c\u00e0rrega burocr\u00e0tica als agricultors&#8221; L&#8217;Associaci\u00f3 Valenciana d&#8217;Agricultors (AVA-ASAJA) critica durament l &#8216; &#8220;ofensiva criminalitzadora&#8221; que <a class=\"mh-excerpt-more\" href=\"https:\/\/tucomarca.whitekongsoftware.com\/ca\/inspeccio-de-treball-llanca-una-ofensiva-criminalitzadora-a-el-sector-citricola-pel-covid-19-segons-ava-asaja\/\" title=\"Inspecci\u00f3 de Treball llan\u00e7a una &#8220;ofensiva criminalitzadora&#8221; a el sector citr\u00edcola pel Covid-19, segons AVA-Asaja\">[+] <\/a><\/div>\n","protected":false},"author":1,"featured_media":102670,"comment_status":"open","ping_status":"open","sticky":false,"template":"","format":"standard","meta":{"footnotes":""},"categories":[10890,10905,10951,10892,12202,11046,10898,10948,10963,10894,10904,10912,10902,10947,10909,10896,10897],"tags":[11309,11924,11939,11940],"class_list":["post-117907","post","type-post","status-publish","format-standard","has-post-thumbnail","category-ademus","category-agricultura-la-comarca-ca","category-ayora-cofrentes-ca","category-camp-de-turia-ca","category-covid-19-ca","category-los-serranos-ca","category-ventana-ca","category-infraestructuras-ca","category-la-canal-de-navarres-ca","category-la-comarca-ca","category-sin-categorizar-ca","category-la-hoya-ca","category-la-ribera-ca","category-politica","category-requena-utiel-ca","category-seccion-ca","category-sucesos-la-comarca-ca","tag-agricultura-ca","tag-ava-asaja-ca","tag-coronavirus-ca","tag-covid-19-ca"],"_links":{"self":[{"href":"https:\/\/tucomarca.whitekongsoftware.com\/ca\/wp-json\/wp\/v2\/posts\/117907","targetHints":{"allow":["GET"]}}],"collection":[{"href":"https:\/\/tucomarca.whitekongsoftware.com\/ca\/wp-json\/wp\/v2\/posts"}],"about":[{"href":"https:\/\/tucomarca.whitekongsoftware.com\/ca\/wp-json\/wp\/v2\/types\/post"}],"author":[{"embeddable":true,"href":"https:\/\/tucomarca.whitekongsoftware.com\/ca\/wp-json\/wp\/v2\/users\/1"}],"replies":[{"embeddable":true,"href":"https:\/\/tucomarca.whitekongsoftware.com\/ca\/wp-json\/wp\/v2\/comments?post=117907"}],"version-history":[{"count":0,"href":"https:\/\/tucomarca.whitekongsoftware.com\/ca\/wp-json\/wp\/v2\/posts\/117907\/revisions"}],"wp:featuredmedia":[{"embeddable":true,"href":"https:\/\/tucomarca.whitekongsoftware.com\/ca\/wp-json\/wp\/v2\/media\/102670"}],"wp:attachment":[{"href":"https:\/\/tucomarca.whitekongsoftware.com\/ca\/wp-json\/wp\/v2\/media?parent=117907"}],"wp:term":[{"taxonomy":"category","embeddable":true,"href":"https:\/\/tucomarca.whitekongsoftware.com\/ca\/wp-json\/wp\/v2\/categories?post=117907"},{"taxonomy":"post_tag","embeddable":true,"href":"https:\/\/tucomarca.whitekongsoftware.com\/ca\/wp-json\/wp\/v2\/tags?post=117907"}],"curies":[{"name":"wp","href":"https:\/\/api.w.org\/{rel}","templated":true}]}}