{"id":117876,"date":"2020-10-30T17:20:27","date_gmt":"2020-10-30T16:20:27","guid":{"rendered":"http:\/\/www.tucomarca.com\/wordpress\/segunda\/?p=117876"},"modified":"2020-10-30T17:28:18","modified_gmt":"2020-10-30T16:28:18","slug":"els-casos-dalzira-10-lliria-9-xiva-4-benaguasil-4-venda-de-lmoro-3-xest-3-i-villagordo-de-lcabriel-3-se-sumen-a-la-comunitat-als-1-517-nous-contagis","status":"publish","type":"post","link":"https:\/\/tucomarca.whitekongsoftware.com\/ca\/els-casos-dalzira-10-lliria-9-xiva-4-benaguasil-4-venda-de-lmoro-3-xest-3-i-villagordo-de-lcabriel-3-se-sumen-a-la-comunitat-als-1-517-nous-contagis\/","title":{"rendered":"Els casos d&#8217;Alzira (10), Ll\u00edria (9), Xiva (4), Benaguasil (4), Venta del Moro (3), Xest (3) i Villagordo del Cabriel (3), se sumen a la comunitat als 1.517 nous contagis"},"content":{"rendered":"\n<p class=\"wp-block-paragraph\">La Comunitat Valenciana ha registrat 1.517 casos confirmats per prova PCR o mitjan\u00e7ant test d&#8217;ant\u00edgens, que situen la xifra total de positius en 61.642 persones. Per prov\u00edncies, la distribuci\u00f3 de nous positius \u00e9s la seg\u00fcent: 417 a Castell\u00f3 (6.762 en total); 492 a Alacant (21.370 en total), i 608 a la prov\u00edncia de Val\u00e8ncia (33.508 en total). <\/p>\n\n\n\n<p class=\"wp-block-paragraph\">A m\u00e9s, el nombre total de pacients sense assignar es mant\u00e9 en 2. Per la seva banda, des de l&#8217;\u00faltima actualitzaci\u00f3 s&#8217;han registrat 807 altes a pacients amb coronavirus, de manera que el total de persones curades des de l&#8217;inici de la pand\u00e8mia se situa en 58.006: 6.566 a Castell\u00f3, 19.556 a Alacant i 31.842 a Val\u00e8ncia. A m\u00e9s, hi ha 1 alta no assignada, de manera que el total d&#8217;altes sense assignaci\u00f3 \u00e9s de 42. <\/p>\n\n\n\n<p class=\"wp-block-paragraph\">D&#8217;aquesta manera, a hores d&#8217;ara hi ha actius 11.853 casos, el que suposa un 16,54% de l&#8217;total de positius. Els hospitals valencians tenen, actualment, 1.149 persones ingressades: 107 a la prov\u00edncia de Castell\u00f3, amb 19 pacients en UCI; 396 a la prov\u00edncia d&#8217;Alacant, 73 d&#8217;ells a l&#8217;UCI; i 646 a la prov\u00edncia de Val\u00e8ncia, 80 d&#8217;ells a UCI. D&#8217;altra banda, s&#8217;han registrat 9 morts per coronavirus des de l&#8217;\u00faltima actualitzaci\u00f3, de manera que el total de defuncions \u00e9s de 1.824 persones: 264 a la prov\u00edncia de Castell\u00f3, 626 a la d&#8217;Alacant i 934 a la de Val\u00e8ncia. <\/p>\n\n\n\n<p class=\"wp-block-paragraph\">El nombre total de proves dutes a terme per a la detecci\u00f3 de l&#8217;coronavirus ascendeix a 1.386.076, de les quals 1.229.347 han estat a trav\u00e9s de PCR i 156.729 mitjan\u00e7ant test r\u00e0pid. Actualitzaci\u00f3 de la situaci\u00f3 en resid\u00e8ncies D&#8217;altra banda, hi ha casos positius en 48 resid\u00e8ncies de majors (5 a la prov\u00edncia de Castell\u00f3, 15 a la prov\u00edncia d&#8217;Alacant i 28 a la prov\u00edncia de Val\u00e8ncia) i 8 centres de diversitat funcional (2 a la prov\u00edncia de Castell\u00f3, 2 a la prov\u00edncia d&#8217;Alacant i 4 a la prov\u00edncia de Val\u00e8ncia). <\/p>\n\n\n\n<p class=\"wp-block-paragraph\">&#8211; Residents nous positius: 14 <\/p>\n\n\n\n<p class=\"wp-block-paragraph\">&#8211; Treballadors i treballadores nous positius: 4 <\/p>\n\n\n\n<p class=\"wp-block-paragraph\">&#8211; Residents que han mort: 1 Actualment, es troben sota vigil\u00e0ncia activa de control sanitari juliol resid\u00e8ncies a la Comunitat Valenciana: 1 a la prov\u00edncia de Castell\u00f3, 1 a la prov\u00edncia d&#8217;Alacant i 5 a la prov\u00edncia de Val\u00e8ncia. <\/p>\n\n\n\n<p class=\"wp-block-paragraph\"><strong>Actualitzaci\u00f3 brots de coronavirus <\/strong><\/p>\n\n\n\n<p class=\"wp-block-paragraph\">Nous brots: 88 \u00b7 La Pobla de Farnals: 10 casos. origen social \u00b7 Bigastro: 6 casos. origen social \u00b7 Ontinyent: 8 casos. origen social \u00b7 Alboraya: casos. origen \u00b7 Ll\u00edria: 9 casos. origen social \u00b7 Petrer: 5 casos. \u00e0mbit educatiu \u00b7 Pen\u00edscola: 3 casos. origen social \u00b7 Santa Pola: 6 casos. \u00e0mbit educatiu \u00b7 Vinar\u00f2s: 5 casos. origen social \u00b7 Castell\u00f3 de la Plana: 6 casos. \u00e0mbit educatiu \u00b7 La Vall d&#8217;Uix\u00f3: 8 casos. origen social \u00b7 Sagunt: 7 casos. origen laboral \u00b7 Gandia: 8 casos. origen social \u00b7 Alcal\u00e0 de Xivert: 3 casos. origen social \u00b7 Almoines: 3 casos. origen social \u00b7 La Salzadella: 5 casos. origen social \u00b7 Castell\u00f3 de la Plana: 3 casos. origen social \u00b7 Xeraco: 5 casos. origen social \u00b7 Almorad\u00ed: 3 casos. origen laboral \u00b7 Almorad\u00ed: 5 casos. origen social \u00b7 Val\u00e8ncia: 6 casos. origen social \u00b7 Val\u00e8ncia: 7 casos. origen social \u00b7 Val\u00e8ncia: 3 casos. \u00e0mbit educatiu \u00b7 Val\u00e8ncia: 3 casos. origen social \u00b7 Val\u00e8ncia: 5 casos. origen social \u00b7 Val\u00e8ncia: 3 casos. \u00e0mbit educatiu \u00b7 Val\u00e8ncia: 4 casos. origen social \u00b7 Val\u00e8ncia: 3 casos. origen laboral \u00b7 Val\u00e8ncia: 4 casos. origen laboral \u00b7 Val\u00e8ncia: 5 casos. origen social \u00b7 Gandia: 6 casos. origen social \u00b7 Benij\u00f3far: 4 casos. origen social \u00b7 Granja de Rocamora: 3 casos. origen social \u00b7 Borriana: 10 casos. origen social \u00b7 Benij\u00f3far: 5 casos. origen social \u00b7 Val\u00e8ncia: 12 casos. origen laboral \u00b7 Reial de Gandia: 4 casos. origen laboral \u00b7 Castell\u00f3 de la Plana: 7 casos. origen social \u00b7 Callosa de Segura: 5 casos. origen social \u00b7 Castell\u00f3 de la Plana: 4 casos. origen social \u00b7 Gandia: 5 casos. origen social \u00b7 Sedav\u00ed: 18 casos. \u00e0mbit educatiu \u00b7 Castell\u00f3 de la Plana: 3 casos. origen social \u00b7 Benij\u00f3far: 4 casos. origen social \u00b7 Xeraco: 3 casos. origen social \u00b7 Almassora: 9 casos. origen social \u00b7 Xeraco: 9 casos. origen social \u00b7 Cox: 5 casos. origen social \u00b7 Borriana: 5 casos. origen social \u00b7 Torrevella: 4 casos. origen social \u00b7 Oriola: 4 casos. origen social \u00b7 Venda d&#8217;el Moro: 3 casos. origen social \u00b7 Gandia: 8 casos. origen social \u00b7 Castell\u00f3 de la Plana: 5 casos. origen social \u00b7 Xest: 3 casos. \u00e0mbit educatiu \u00b7 Aspe: 3 casos. origen laboral \u00b7 Castell\u00f3 de la Plana: 6 casos. \u00e0mbit educatiu \u00b7 Castell\u00f3 de la Plana: 5 casos. origen social \u00b7 Chiva: 4 casos. \u00e0mbit educatiu \u00b7 La Vall d&#8217;Uix\u00f3: 7 casos. \u00e0mbit educatiu \u00b7 Almoines: 7 casos. \u00e0mbit educatiu \u00b7 Oriola: 5 casos. origen social \u00b7 Oriola: 3 casos. origen social \u00b7 Benicarl\u00f3: 3 casos. origen social \u00b7 Castell\u00f3 de la Plana: 3 casos. origen social \u00b7 Tavernes de la Valldigna. 5 casos. origen social \u00b7 Elx: 4 casos. origen social \u00b7 Alzira: 10 casos. origen social \u00b7 La Vall d&#8217;Uix\u00f3: 4 casos. \u00c1mbito educativo. Pu\u00e7ol: 4 casos. Origen social. Villagordo del Cabriel: 4 casos. Origen laboral. Castell\u00f3 de la Plana: 7 casos. Origen social<\/p>\n\n\n\n<p class=\"wp-block-paragraph\">\u00b7 Sagunto: 5 casos. Origen social<\/p>\n\n\n\n<p class=\"wp-block-paragraph\">\u00b7 L&#8217;Alcora: 3 casos. Origen social<\/p>\n\n\n\n<p class=\"wp-block-paragraph\">\u00b7 Castell\u00f3 de la Plana: 3 casos. Origen social<\/p>\n\n\n\n<p class=\"wp-block-paragraph\">\u00b7 Tavernes de la Valldigna: 4 casos. Origen social<\/p>\n\n\n\n<p class=\"wp-block-paragraph\">\u00b7 Almassora: 3 casos. Origen social<\/p>\n\n\n\n<p class=\"wp-block-paragraph\">\u00b7 Gandia: 6 casos. Origen social<\/p>\n\n\n\n<p class=\"wp-block-paragraph\">\u00b7 Xirivella: 8 casos. Origen social<\/p>\n\n\n\n<p class=\"wp-block-paragraph\">\u00b7 Alaqu\u00e0s: 6 casos. Origen social<\/p>\n\n\n\n<p class=\"wp-block-paragraph\">\u00b7 Monforte del Cid: 10 casos. Origen social<\/p>\n\n\n\n<p class=\"wp-block-paragraph\">\u00b7 Crevillent: 3 casos. Origen social<\/p>\n\n\n\n<p class=\"wp-block-paragraph\">\u00b7 Daim\u00fas: 6 casos. Origen social<\/p>\n\n\n\n<p class=\"wp-block-paragraph\">\u00b7 Xirivella: 5 casos. Origen laboral<\/p>\n\n\n\n<p class=\"wp-block-paragraph\">\u00b7 Benaguasil: 4 casos. Origen social<\/p>\n\n\n\n<p class=\"wp-block-paragraph\">\u00b7 Moncada: 4 casos. Origen social<\/p>\n\n\n\n<p class=\"wp-block-paragraph\">\u00b7 Paterna: 5 caos. Origen social<\/p>\n\n\n\n<p class=\"wp-block-paragraph\">\u00b7 Elche: 5 casos. Origen laboral<\/p>\n","protected":false},"excerpt":{"rendered":"<div class=\"mh-excerpt\">La Comunitat Valenciana ha registrat 1.517 casos confirmats per prova PCR o mitjan\u00e7ant test d&#8217;ant\u00edgens, que situen la xifra total de positius en 61.642 persones. Per prov\u00edncies, la distribuci\u00f3 de nous positius \u00e9s la seg\u00fcent: <a class=\"mh-excerpt-more\" href=\"https:\/\/tucomarca.whitekongsoftware.com\/ca\/els-casos-dalzira-10-lliria-9-xiva-4-benaguasil-4-venda-de-lmoro-3-xest-3-i-villagordo-de-lcabriel-3-se-sumen-a-la-comunitat-als-1-517-nous-contagis\/\" title=\"Els casos d&#8217;Alzira (10), Ll\u00edria (9), Xiva (4), Benaguasil (4), Venta del Moro (3), Xest (3) i Villagordo del Cabriel (3), se sumen a la comunitat als 1.517 nous contagis\">[+] <\/a><\/div>\n","protected":false},"author":1,"featured_media":81446,"comment_status":"open","ping_status":"open","sticky":false,"template":"","format":"standard","meta":{"footnotes":""},"categories":[10889,10952,10892,11010,12202,10898,10948,10894,10904,10912,10902,10928,10903,10947,10909,10896,10897,11060,11061,10974,10975],"tags":[11939,11940,11952,10914,11077,10910],"class_list":["post-117876","post","type-post","status-publish","format-standard","has-post-thumbnail","category-alzira-cat","category-benaguasil-ca","category-camp-de-turia-ca","category-canal-salud","category-covid-19-ca","category-ventana-ca","category-infraestructuras-ca","category-la-comarca-ca","category-sin-categorizar-ca","category-la-hoya-ca","category-la-ribera-ca","category-lliria-ca","category-medio-ambiente-la-comarca-ca","category-politica","category-requena-utiel-ca","category-seccion-ca","category-sucesos-la-comarca-ca","category-venta-del-moro-ca","category-villargordo-del-cabriel-ca","category-cheste-ca","category-chiva-ca","tag-coronavirus-ca","tag-covid-19-ca","tag-covid2019-ca","tag-la-hoya-de-bunol-chiva-ca","tag-la-ribera-alta-ca","tag-requena-utiel-ca"],"_links":{"self":[{"href":"https:\/\/tucomarca.whitekongsoftware.com\/ca\/wp-json\/wp\/v2\/posts\/117876","targetHints":{"allow":["GET"]}}],"collection":[{"href":"https:\/\/tucomarca.whitekongsoftware.com\/ca\/wp-json\/wp\/v2\/posts"}],"about":[{"href":"https:\/\/tucomarca.whitekongsoftware.com\/ca\/wp-json\/wp\/v2\/types\/post"}],"author":[{"embeddable":true,"href":"https:\/\/tucomarca.whitekongsoftware.com\/ca\/wp-json\/wp\/v2\/users\/1"}],"replies":[{"embeddable":true,"href":"https:\/\/tucomarca.whitekongsoftware.com\/ca\/wp-json\/wp\/v2\/comments?post=117876"}],"version-history":[{"count":0,"href":"https:\/\/tucomarca.whitekongsoftware.com\/ca\/wp-json\/wp\/v2\/posts\/117876\/revisions"}],"wp:featuredmedia":[{"embeddable":true,"href":"https:\/\/tucomarca.whitekongsoftware.com\/ca\/wp-json\/wp\/v2\/media\/81446"}],"wp:attachment":[{"href":"https:\/\/tucomarca.whitekongsoftware.com\/ca\/wp-json\/wp\/v2\/media?parent=117876"}],"wp:term":[{"taxonomy":"category","embeddable":true,"href":"https:\/\/tucomarca.whitekongsoftware.com\/ca\/wp-json\/wp\/v2\/categories?post=117876"},{"taxonomy":"post_tag","embeddable":true,"href":"https:\/\/tucomarca.whitekongsoftware.com\/ca\/wp-json\/wp\/v2\/tags?post=117876"}],"curies":[{"name":"wp","href":"https:\/\/api.w.org\/{rel}","templated":true}]}}