{"id":117842,"date":"2020-10-30T09:05:55","date_gmt":"2020-10-30T08:05:55","guid":{"rendered":"http:\/\/www.tucomarca.com\/wordpress\/segunda\/?p=117842"},"modified":"2020-10-30T12:03:29","modified_gmt":"2020-10-30T11:03:29","slug":"video-arrenca-la-xvi-edicio-de-5-segles-de-musica-a-leliana-amb-madame-butterfly","status":"publish","type":"post","link":"https:\/\/tucomarca.whitekongsoftware.com\/ca\/video-arrenca-la-xvi-edicio-de-5-segles-de-musica-a-leliana-amb-madame-butterfly\/","title":{"rendered":"V\u00eddeo: Arrenca la XVI edici\u00f3 de 5 Segles de M\u00fasica a l&#8217;Eliana amb &#8220;Madame Butterfly&#8221;"},"content":{"rendered":"\n<figure class=\"wp-block-embed-youtube wp-block-embed is-type-video is-provider-youtube wp-embed-aspect-16-9 wp-has-aspect-ratio\"><div class=\"wp-block-embed__wrapper\">\n<iframe loading=\"lazy\" title=\"XVI Edici\u00f3 5 Segles de M\u00fasica\" width=\"500\" height=\"281\" src=\"https:\/\/www.youtube.com\/embed\/1BtObKi_VjI?feature=oembed\" frameborder=\"0\" allow=\"accelerometer; autoplay; clipboard-write; encrypted-media; gyroscope; picture-in-picture; web-share\" referrerpolicy=\"strict-origin-when-cross-origin\" allowfullscreen><\/iframe>\n<\/div><\/figure>\n\n\n\n<p class=\"wp-block-paragraph\">El festival Cinc Segles de M\u00fasica a l&#8217;Eliana es disposa a inaugurar la<br>seua setzena edici\u00f3 aquest divendres 30 a l&#8217;Auditori Municipal amb la<br>representaci\u00f3 oper\u00edstica de \u201cMadama Butterfly\u201d, una de les obres m\u00e9s<br>conegudes de Giacomo Puccini. La Camerata L\u00edrica d&#8217;Espanya, al costat de<br>l&#8217;Orquestra Filharm\u00f2nica de La Manxa, seran les formacions que<br>s&#8217;encarregaran d&#8217;executar aquesta primera funci\u00f3 d&#8217;\u00f2pera que es presentar\u00e0<br>al p\u00fablic de l&#8217;Eliana.<\/p>\n\n\n\n<p class=\"wp-block-paragraph\">El director art\u00edstic del festival, Vicente Roncero, ha donat a con\u00e9ixer la<br>programaci\u00f3 que s&#8217;estendr\u00e0 fins al 26 de juny i que inclour\u00e0 un total de<br>huit cites, totes elles a l&#8217;Auditori excepte el concert de clausura que<br>tindr\u00e0 lloc a la Torre del Virrei.<\/p>\n\n\n\n<p class=\"wp-block-paragraph\">El 28 de novembre ser\u00e0 el segon concert, de t\u00edtol \u201cSublime\u201d, amb un<br>instrument com a protagonista, el clavec\u00edn Ro\u00efal, i l&#8217;int\u00e8rpret Pablo<br>G\u00f3mez \u00c1balos amb un repertori de Carl Philipp Emanuel Bach, Chsritian<br>Podbielski i Ludwig Van Beethoven. Al desembre, com \u00e9s habitual, no hi<br>haur\u00e0 concert i el 30 de gener el p\u00fablic podr\u00e0 gaudir amb una selecci\u00f3 de<br>peces de diversos compositors, titulada \u201cSpanish Travelling Virtuosi\u201d<br>interpretada per La Guirlande.<\/p>\n\n\n\n<p class=\"wp-block-paragraph\">El 27 de febrer ser\u00e0 el torn d&#8217;un quartet de corda, Ensemble Scherzo de<br>Val\u00e8ncia, que interpretar\u00e0 a tres grans compositors com Beethoven,<br>Stravinski i Borodin. I ja al mar\u00e7, el dia 27, les dones tornen a adquirir<br>el protagonisme merescut amb un quartet femen\u00ed anomenat Piacere dei<br>Traversi i un repertori escrit o relatiu a dones.<\/p>\n\n\n\n<p class=\"wp-block-paragraph\">A l&#8217;abril, el dia 24, un trio de trompeta, tromb\u00f3 i piano faran un<br>repertori de m\u00fasica contempor\u00e0nia titulat \u201cSin\u00e8rgies\u201d, per a donar pas el<br>29 de maig a Harmonie Ensemble, formaci\u00f3 que ja ha passat pel festival,<br>amb la Segona Simfonia de Brahms. El concert de clausura ser\u00e0 el 26 de<br>juny a la Torre del Virrei amb altres assidus al festival, el genial<br>quintet Spanish Brass en aquesta ocasi\u00f3 amb el cantautor Carles D\u00e9nia i un<br>repertori de can\u00e7ons populars que inclou peces de Serrat, Raimon o La<br>Gossa Sorda.<\/p>\n\n\n\n<p class=\"wp-block-paragraph\">Aquesta temporada tots els concerts s\u00f3n de pagament, havent-se d&#8217;adquirir<br>les entrades en la web municipal&nbsp;<a href=\"http:\/\/www.elientrada.es\/\">www.elientrada.es<\/a>. Els aforaments seran<br>redu\u00efts i es guardaran totes les mesures de seguretat davant el Covid-19,<br>com \u00e9s preceptiu.<\/p>\n\n\n\n<p class=\"wp-block-paragraph\">La regidora de Cultura Eva Santaf\u00e9 ha manifestat la seua satisfacci\u00f3 per<br>poder oferir des de la seua \u00e0rea, malgrat totes les dificultats producte<br>de la pand\u00e8mia, aquest cicle de concerts \u201cque ja compta amb la solera<br>suficient com per a ser un dels principals pilars de la programaci\u00f3<br>cultural del municipi\u201d.<\/p>\n","protected":false},"excerpt":{"rendered":"<div class=\"mh-excerpt\">El festival Cinc Segles de M\u00fasica a l&#8217;Eliana es disposa a inaugurar laseua setzena edici\u00f3 aquest divendres 30 a l&#8217;Auditori Municipal amb larepresentaci\u00f3 oper\u00edstica de \u201cMadama Butterfly\u201d, una de les obres m\u00e9sconegudes de Giacomo Puccini. <a class=\"mh-excerpt-more\" href=\"https:\/\/tucomarca.whitekongsoftware.com\/ca\/video-arrenca-la-xvi-edicio-de-5-segles-de-musica-a-leliana-amb-madame-butterfly\/\" title=\"V\u00eddeo: Arrenca la XVI edici\u00f3 de 5 Segles de M\u00fasica a l&#8217;Eliana amb &#8220;Madame Butterfly&#8221;\">[+] <\/a><\/div>\n","protected":false},"author":1,"featured_media":117840,"comment_status":"open","ping_status":"open","sticky":false,"template":"","format":"video","meta":{"footnotes":""},"categories":[11019,10892,11005,10894,10893,11007,10896,11062],"tags":[10395,10899,456,12194,11172,10433],"class_list":["post-117842","post","type-post","status-publish","format-video","has-post-thumbnail","category-agenda-ca","category-camp-de-turia-ca","category-canal-musica","category-la-comarca-ca","category-leliana-ca","category-ocio-y-cultura-ca","category-seccion-ca","category-videos","tag-camp-de-turia","tag-camp-de-turia-ca","tag-cultura","tag-cultura-ca","tag-leliana-ca-2","tag-leliana","post_format-post-format-video"],"_links":{"self":[{"href":"https:\/\/tucomarca.whitekongsoftware.com\/ca\/wp-json\/wp\/v2\/posts\/117842","targetHints":{"allow":["GET"]}}],"collection":[{"href":"https:\/\/tucomarca.whitekongsoftware.com\/ca\/wp-json\/wp\/v2\/posts"}],"about":[{"href":"https:\/\/tucomarca.whitekongsoftware.com\/ca\/wp-json\/wp\/v2\/types\/post"}],"author":[{"embeddable":true,"href":"https:\/\/tucomarca.whitekongsoftware.com\/ca\/wp-json\/wp\/v2\/users\/1"}],"replies":[{"embeddable":true,"href":"https:\/\/tucomarca.whitekongsoftware.com\/ca\/wp-json\/wp\/v2\/comments?post=117842"}],"version-history":[{"count":0,"href":"https:\/\/tucomarca.whitekongsoftware.com\/ca\/wp-json\/wp\/v2\/posts\/117842\/revisions"}],"wp:featuredmedia":[{"embeddable":true,"href":"https:\/\/tucomarca.whitekongsoftware.com\/ca\/wp-json\/wp\/v2\/media\/117840"}],"wp:attachment":[{"href":"https:\/\/tucomarca.whitekongsoftware.com\/ca\/wp-json\/wp\/v2\/media?parent=117842"}],"wp:term":[{"taxonomy":"category","embeddable":true,"href":"https:\/\/tucomarca.whitekongsoftware.com\/ca\/wp-json\/wp\/v2\/categories?post=117842"},{"taxonomy":"post_tag","embeddable":true,"href":"https:\/\/tucomarca.whitekongsoftware.com\/ca\/wp-json\/wp\/v2\/tags?post=117842"}],"curies":[{"name":"wp","href":"https:\/\/api.w.org\/{rel}","templated":true}]}}