{"id":117816,"date":"2020-10-30T09:00:48","date_gmt":"2020-10-30T08:00:48","guid":{"rendered":"http:\/\/www.tucomarca.com\/wordpress\/segunda\/?p=117816"},"modified":"2020-10-30T10:17:21","modified_gmt":"2020-10-30T09:17:21","slug":"el-cd-bunyol-mante-tota-la-illusio-tot-i-haver-li-tocat-laparellament-mes-desfavorable-de-la-fase-previa-de-la-copa-del-rei","status":"publish","type":"post","link":"https:\/\/tucomarca.whitekongsoftware.com\/ca\/el-cd-bunyol-mante-tota-la-illusio-tot-i-haver-li-tocat-laparellament-mes-desfavorable-de-la-fase-previa-de-la-copa-del-rei\/","title":{"rendered":"El CD Bunyol mant\u00e9 &#8220;tota la il\u00b7lusi\u00f3&#8221; tot i haver-li tocat l&#8217;aparellament m\u00e9s desfavorable de la fase pr\u00e8via de la Copa d&#8217;el Rei"},"content":{"rendered":"\n<p class=\"wp-block-paragraph\">El ser el millor equip de les categories m\u00e9s humils i no professionals de el futbol espanyol que jugui aquest any la Copa de Sa Majestat El Rei no li est\u00e0 resultant ni gens f\u00e0cil ni res barat a el Club Esportiu Bunyol.<\/p>\n\n\n\n<p class=\"wp-block-paragraph\">Ja que per poder superar l&#8217;\u00faltim escull abans d&#8217;entrar al bombo per enfrontar-se a un equip de les categories superiors de el futbol del nostre pa\u00eds, el Club Esportiu Bunyol haur\u00e0 de viatjar fins a les illes Can\u00e0ries per jugar contra el conjunt de la Uni\u00f3 Esportiva Guia en el partit \u00fanic de l&#8217;eliminat\u00f2ria pr\u00e8via a la Copa de SM el Rei que es disputar\u00e0 el dimecres 11 de novembre.<\/p>\n\n\n\n<p class=\"wp-block-paragraph\">No obstant aix\u00f2 i malgrat que el sorteig li ha deparat a l&#8217;CD Bunyol l&#8217;aparellament m\u00e9s desfavorable possible (at\u00e8s que juga fora de casa i contra l&#8217;\u00fanic equip insular de l&#8217;bombo), la il\u00b7lusi\u00f3 i les facis per seguir fent hist\u00f2ria a la Copa d&#8217;el Rei no nom\u00e9s no han disminu\u00eft gens ni mica sin\u00f3 que a m\u00e9s semblen haver-li estat esperonades m\u00e9s encara a club. I m\u00e9s en una temporada tan especial per al CD Bunyol en qu\u00e8 celebrar\u00e0 el seu centenari.<\/p>\n\n\n\n<p class=\"wp-block-paragraph\">A el menys aix\u00ed s&#8217;ha expressat el president de l&#8217;CD Bunyol, Paco Zan\u00f3n, que ha confessat que, &#8220;tot i ser la pitjor de les combinacions probables que ens podria oferir el sorteig, a l&#8217;haver de jugar fora de casa i damunt en Can\u00e0ries, al club segueix regnant la il\u00b7lusi\u00f3 per seguir endavant i seguir fent hist\u00f2ria &#8220;.<\/p>\n\n\n\n<p class=\"wp-block-paragraph\">&#8220;Encara que econ\u00f2micament no \u00e9s el mateix jugar en el teu camp, amb l&#8217;ingr\u00e9s de la taquilla, en lloc d&#8217;haver de fer front a el desemborsament d&#8217;un viatge i ni m\u00e9s ni menys que a Can\u00e0ries de tota la plantilla i cos t\u00e8cnic. Per no parlar en el esportiu de la manca de suport dels aficionats que no podran despla\u00e7ar-se. no obstant aix\u00f2, jugadors, entrenador i directius seguim amb tota la il\u00b7lusi\u00f3 de el m\u00f3n &#8220;, com ha recalcat el president.<\/p>\n\n\n\n<p class=\"wp-block-paragraph\">Encara s&#8217;est\u00e0 a l&#8217;espera de con\u00e8ixer les condicions concretes de l&#8217;ajuda econ\u00f2mica per viatjar a les illes que li donar\u00e0 la Federaci\u00f3 de Futbol a un modest club com \u00e9s el Bunyol: &#8220;creiem que probablement ens cobriran el cost de nom\u00e9s 21 bitllets d&#8217;avi\u00f3 , el que no ens cobreix el total de la plantilla i de el cos t\u00e8cnic, de manera que el CD Bunyol s&#8217;haur\u00e0 de fer c\u00e0rrec de totes les despeses de despla\u00e7ament dels jugadors i equip t\u00e8cnic que no ens subvencioni la Federaci\u00f3, aix\u00ed com de les despeses de, al menys, una nit d&#8217;hotel per a tots ells &#8220;.<\/p>\n\n\n\n<p class=\"wp-block-paragraph\">En l&#8217;aspecte esportiu, tamb\u00e9 s&#8217;est\u00e0 a l&#8217;espera de saber amb els jugadors de la plantilla amb qu\u00e8 es podr\u00e0 comptar per viatjar a Can\u00e0ries diversos dies i entre setmana, &#8220;ja que tots els nostres jugadors no s\u00f3n professionals, de manera que tenen els seus treballs i despr\u00e9s es dediquen a jugar a futbol, aix\u00ed que o b\u00e9 hauran de demanar dos o tres dies de festa en els seus treballs per poder viatjar a l&#8217;m\u00ednim un dia abans de el partit a les illes, fer nit all\u00e0 i despr\u00e9s tornar abans de les vuit del mat\u00ed per anar a treballar &#8220;, en paraules de president.<\/p>\n\n\n\n<p class=\"wp-block-paragraph\">En similars termes s&#8217;ha expressat el m\u00edster, Adri\u00e1n Ferrandis, per a qui &#8220;l&#8217;haver de viatjar no ens treu la il\u00b7lusi\u00f3 a l&#8217;equip, sin\u00f3 m\u00e9s aviat tot el contrari. Aquest moment que viurem durant la temporada \u00e9s el pas previ a la grossa que busquem, pel que no tenim una altra cosa en la ment que l&#8217;anar a Can\u00e0ries a guanyar, no de vacances &#8220;.<\/p>\n\n\n\n<p class=\"wp-block-paragraph\"><strong>Fase pr\u00e8via eliminat\u00f2ria<\/strong><\/p>\n\n\n\n<p class=\"wp-block-paragraph\">La sort ha volgut que la bola de el conjunt canari hagi estat la primera a eixir de l&#8217;bombo, per la qual cosa exercir\u00e0 de local; i la de l&#8217;CD Bunyol la segona en el sorteig realitzat aquest mateix mat\u00ed a la Ciutat de l&#8217;Futbol de Las Rozas, a Madrid, per determinar els emparellaments de l&#8217;eliminat\u00f2ria pr\u00e8via de la Copa de Rei.<\/p>\n\n\n\n<p class=\"wp-block-paragraph\">La Uni\u00f3 Esportiva Guia \u00e9s el conjunt del municipi de Santa Maria de Guia, que est\u00e0 situat al nord de l&#8217;illa de Gran Can\u00e0ria. L&#8217;altre aparellament ha estat el de l&#8217;M\u00f3stoles CF que rebr\u00e0 a casa a l&#8217;equip Castell\u00e0 Manchego de l&#8217;CD Marchamalo, municipi situat a la prov\u00edncia de Guadalajara.<\/p>\n\n\n\n<p class=\"wp-block-paragraph\"><strong>Tercera jornada de lliga<\/strong><\/p>\n\n\n\n<p class=\"wp-block-paragraph\">El CD Bunyol juga a m\u00e9s aquest diumenge la seva tercera jornada de l&#8217;campionat de Lliga, en qu\u00e8 ocupa el cap de la taula despr\u00e9s de les seves dues primeres vict\u00f2ries per 2 gols a 1 enfront de l&#8217;SC Requena; i per zero gols a 1 a la Muntanya Si\u00f3, aquest passat diumenge.<\/p>\n\n\n\n<p class=\"wp-block-paragraph\">L&#8217;equip blanc rebr\u00e0 al seu camp la visita de la UD Aldaia a partir de dos quarts de cinc de la tarda; una jornada en la qual, a data d&#8217;avui, est\u00e0 permesa l&#8217;assist\u00e8ncia de p\u00fablic, com han confirmat fonts de la directiva del CD Bunyol.<\/p>\n","protected":false},"excerpt":{"rendered":"<div class=\"mh-excerpt\">El ser el millor equip de les categories m\u00e9s humils i no professionals de el futbol espanyol que jugui aquest any la Copa de Sa Majestat El Rei no li est\u00e0 resultant ni gens f\u00e0cil <a class=\"mh-excerpt-more\" href=\"https:\/\/tucomarca.whitekongsoftware.com\/ca\/el-cd-bunyol-mante-tota-la-illusio-tot-i-haver-li-tocat-laparellament-mes-desfavorable-de-la-fase-previa-de-la-copa-del-rei\/\" title=\"El CD Bunyol mant\u00e9 &#8220;tota la il\u00b7lusi\u00f3&#8221; tot i haver-li tocat l&#8217;aparellament m\u00e9s desfavorable de la fase pr\u00e8via de la Copa d&#8217;el Rei\">[+] <\/a><\/div>\n","protected":false},"author":1,"featured_media":117712,"comment_status":"open","ping_status":"open","sticky":false,"template":"","format":"standard","meta":{"footnotes":""},"categories":[10911,11015,11003,10912,10896],"tags":[537,12728,10379,5952],"class_list":["post-117816","post","type-post","status-publish","format-standard","has-post-thumbnail","category-bunol-ca","category-canal-futbol","category-sports","category-la-hoya-ca","category-seccion-ca","tag-cd-bunol","tag-copa-del-rey","tag-deportes","tag-la-hoya-de-bunol-chiva"],"_links":{"self":[{"href":"https:\/\/tucomarca.whitekongsoftware.com\/ca\/wp-json\/wp\/v2\/posts\/117816","targetHints":{"allow":["GET"]}}],"collection":[{"href":"https:\/\/tucomarca.whitekongsoftware.com\/ca\/wp-json\/wp\/v2\/posts"}],"about":[{"href":"https:\/\/tucomarca.whitekongsoftware.com\/ca\/wp-json\/wp\/v2\/types\/post"}],"author":[{"embeddable":true,"href":"https:\/\/tucomarca.whitekongsoftware.com\/ca\/wp-json\/wp\/v2\/users\/1"}],"replies":[{"embeddable":true,"href":"https:\/\/tucomarca.whitekongsoftware.com\/ca\/wp-json\/wp\/v2\/comments?post=117816"}],"version-history":[{"count":0,"href":"https:\/\/tucomarca.whitekongsoftware.com\/ca\/wp-json\/wp\/v2\/posts\/117816\/revisions"}],"wp:featuredmedia":[{"embeddable":true,"href":"https:\/\/tucomarca.whitekongsoftware.com\/ca\/wp-json\/wp\/v2\/media\/117712"}],"wp:attachment":[{"href":"https:\/\/tucomarca.whitekongsoftware.com\/ca\/wp-json\/wp\/v2\/media?parent=117816"}],"wp:term":[{"taxonomy":"category","embeddable":true,"href":"https:\/\/tucomarca.whitekongsoftware.com\/ca\/wp-json\/wp\/v2\/categories?post=117816"},{"taxonomy":"post_tag","embeddable":true,"href":"https:\/\/tucomarca.whitekongsoftware.com\/ca\/wp-json\/wp\/v2\/tags?post=117816"}],"curies":[{"name":"wp","href":"https:\/\/api.w.org\/{rel}","templated":true}]}}