{"id":117781,"date":"2020-10-29T19:09:40","date_gmt":"2020-10-29T18:09:40","guid":{"rendered":"http:\/\/www.tucomarca.com\/wordpress\/segunda\/?p=117781"},"modified":"2020-10-29T21:17:32","modified_gmt":"2020-10-29T20:17:32","slug":"la-regidoria-dhisenda-de-bunyol-convoca-el-consell-economic-i-social-de-cara-a-laprovacio-del-proxim-pressupost-municipal-de-2021","status":"publish","type":"post","link":"https:\/\/tucomarca.whitekongsoftware.com\/ca\/la-regidoria-dhisenda-de-bunyol-convoca-el-consell-economic-i-social-de-cara-a-laprovacio-del-proxim-pressupost-municipal-de-2021\/","title":{"rendered":"La Regidoria d&#8217;Hisenda de Bunyol convoca el Consell Econ\u00f2mic i Social de cara a l&#8217;aprovaci\u00f3 del pr\u00f2xim Pressupost municipal de 2021"},"content":{"rendered":"\n<h4 class=\"wp-block-heading\"><strong>Els agents pol\u00edtics, econ\u00f2mics i socials presents van aportar idees per a poder configurar un pressupost real i consensuat que pal\u00b7lie la dif\u00edcil situaci\u00f3 que pot travessar el municipi l&#8217;any pr\u00f2xim amb motiu de la pand\u00e8mia.<\/strong><\/h4>\n\n\n\n<p class=\"wp-block-paragraph\">La Regidoria d&#8217;Hisenda de l&#8217;Ajuntament de Bunyol qualifica de constructiu el to mantingut en la vesprada d&#8217;ahir en el Consell Econ\u00f2mic i Social convocat amb motiu del pr\u00f2xim pressupost per a 2021 en la localitat. En ell estaven presents els partits pol\u00edtics amb representaci\u00f3 en el plenari, sindicats, entitats socials i l&#8217;Associaci\u00f3 d&#8217;Empresaris i Aut\u00f2noms de la localitat.<\/p>\n\n\n\n<p class=\"wp-block-paragraph\">Manuel Sierra, edil responsable d&#8217;esta \u00e0rea en el Consistori bunyolense, afirma que el principal objectiu de l&#8217;equip de govern per a l&#8217;any que ve \u00e9s la no pujada d&#8217;impostos ni per als ciutadans ni per a les empreses, a m\u00e9s de continuar oferint les subvencions directes a l&#8217;associacionisme del municipi amb les mateixes quantitats, &#8220;aunque supose una minva en partides de regidories l&#8217;any pr\u00f2xim&#8221;.<\/p>\n\n\n\n<p class=\"wp-block-paragraph\">Sierra destaca que s\u00f3n conscients del retall de 400.000 euros que suposar\u00e0 este pressupost respecte al d&#8217;este any en curs, &#8220;pero entenem que hem de fer un pressupost real, adaptat a les actuals circumst\u00e0ncies de pand\u00e8mia, de necessitat econ\u00f2mica per a empresaris, comer\u00e7os, treballadors i fam\u00edlies, i que per tant en qualsevol moment pensem que alguna partida del pressupost inicial pot veure&#8217;s modificada o retallada en benefici dels bunyolenses&#8221;.<\/p>\n\n\n\n<p class=\"wp-block-paragraph\">El regidor d&#8217;Hisenda valora molt positivament este consell, &#8220;por ser una ferramenta molt v\u00e0lida per a poder arribar a acords s\u00f2lids a Bunyol de cara al pr\u00f2xim a\u00f1o&#8221;. Per aix\u00f2, des d&#8217;alcaldia es van comprometre a celebrar dos consells m\u00e9s al novembre, &#8220;para que en el ple ordinari de Desembre podem portar una proposta de Pressupostos a la mesura del municipi, i consensuada per tots els agents socials, pol\u00edtics i econ\u00f2mics. Volem que siga aprovat i no treballar amb uns pressupostos prorrogados&#8221;, va finalitzar Manuel Sierra.<\/p>\n","protected":false},"excerpt":{"rendered":"<div class=\"mh-excerpt\">Els agents pol\u00edtics, econ\u00f2mics i socials presents van aportar idees per a poder configurar un pressupost real i consensuat que pal\u00b7lie la dif\u00edcil situaci\u00f3 que pot travessar el municipi l&#8217;any pr\u00f2xim amb motiu de la <a class=\"mh-excerpt-more\" href=\"https:\/\/tucomarca.whitekongsoftware.com\/ca\/la-regidoria-dhisenda-de-bunyol-convoca-el-consell-economic-i-social-de-cara-a-laprovacio-del-proxim-pressupost-municipal-de-2021\/\" title=\"La Regidoria d&#8217;Hisenda de Bunyol convoca el Consell Econ\u00f2mic i Social de cara a l&#8217;aprovaci\u00f3 del pr\u00f2xim Pressupost municipal de 2021\">[+] <\/a><\/div>\n","protected":false},"author":12,"featured_media":105460,"comment_status":"open","ping_status":"open","sticky":false,"template":"","format":"standard","meta":{"footnotes":""},"categories":[10911,10894,10912,10947,10896],"tags":[10385,5952,12918],"class_list":["post-117781","post","type-post","status-publish","format-standard","has-post-thumbnail","category-bunol-ca","category-la-comarca-ca","category-la-hoya-ca","category-politica","category-seccion-ca","tag-bunol","tag-la-hoya-de-bunol-chiva","tag-presupuestos-2021"],"_links":{"self":[{"href":"https:\/\/tucomarca.whitekongsoftware.com\/ca\/wp-json\/wp\/v2\/posts\/117781","targetHints":{"allow":["GET"]}}],"collection":[{"href":"https:\/\/tucomarca.whitekongsoftware.com\/ca\/wp-json\/wp\/v2\/posts"}],"about":[{"href":"https:\/\/tucomarca.whitekongsoftware.com\/ca\/wp-json\/wp\/v2\/types\/post"}],"author":[{"embeddable":true,"href":"https:\/\/tucomarca.whitekongsoftware.com\/ca\/wp-json\/wp\/v2\/users\/12"}],"replies":[{"embeddable":true,"href":"https:\/\/tucomarca.whitekongsoftware.com\/ca\/wp-json\/wp\/v2\/comments?post=117781"}],"version-history":[{"count":0,"href":"https:\/\/tucomarca.whitekongsoftware.com\/ca\/wp-json\/wp\/v2\/posts\/117781\/revisions"}],"wp:featuredmedia":[{"embeddable":true,"href":"https:\/\/tucomarca.whitekongsoftware.com\/ca\/wp-json\/wp\/v2\/media\/105460"}],"wp:attachment":[{"href":"https:\/\/tucomarca.whitekongsoftware.com\/ca\/wp-json\/wp\/v2\/media?parent=117781"}],"wp:term":[{"taxonomy":"category","embeddable":true,"href":"https:\/\/tucomarca.whitekongsoftware.com\/ca\/wp-json\/wp\/v2\/categories?post=117781"},{"taxonomy":"post_tag","embeddable":true,"href":"https:\/\/tucomarca.whitekongsoftware.com\/ca\/wp-json\/wp\/v2\/tags?post=117781"}],"curies":[{"name":"wp","href":"https:\/\/api.w.org\/{rel}","templated":true}]}}