{"id":117777,"date":"2020-10-29T20:00:24","date_gmt":"2020-10-29T19:00:24","guid":{"rendered":"http:\/\/www.tucomarca.com\/wordpress\/segunda\/?p=117777"},"modified":"2020-10-29T20:16:32","modified_gmt":"2020-10-29T19:16:32","slug":"lliria-benifaio-alzira-i-la-pobla-de-vallbona-aporten-7-5-4-i-3-casos-respectivament-als-ultims-1-529-nous-contagis-de-coronavirus-a-la-comunitat","status":"publish","type":"post","link":"https:\/\/tucomarca.whitekongsoftware.com\/ca\/lliria-benifaio-alzira-i-la-pobla-de-vallbona-aporten-7-5-4-i-3-casos-respectivament-als-ultims-1-529-nous-contagis-de-coronavirus-a-la-comunitat\/","title":{"rendered":"Ll\u00edria, Benifai\u00f3, Alzira i la Pobla de Vallbona aporten 7, 5, 4 i 3 casos, respectivament, als \u00faltims 1.529 nous contagis de coronavirus a la Comunitat"},"content":{"rendered":"\n<p class=\"wp-block-paragraph\">La Comunitat Valenciana ha registrat en l&#8217;\u00faltima jornada 1.529 casos confirmats per prova PCR o mitjan\u00e7ant test d&#8217;ant\u00edgens, que situen la xifra total de positius en 60.125 persones. <\/p>\n\n\n\n<p class=\"wp-block-paragraph\">Per prov\u00edncies, la distribuci\u00f3 de nous positius \u00e9s la seg\u00fcent: 161 a Castell\u00f3 (6.345 en total); 642 a Alacant (20.878 en total), i 726 a la prov\u00edncia de Val\u00e8ncia (32.900 en total). S&#8217;han reassignat 2 casos a la prov\u00edncia de Val\u00e8ncia, per la qual cosa el nombre total de pacients sense assignar \u00e9s de 2. <\/p>\n\n\n\n<p class=\"wp-block-paragraph\">Per la seua banda, des de l&#8217;\u00faltima actualitzaci\u00f3 s&#8217;han registrat 856 altes a pacients amb coronavirus, de manera que el total de persones curades des de l&#8217;inici de la pand\u00e8mia se situa en 57.199: 6.483 a Castell\u00f3, 19.241 a Alacant i 31.434 a Val\u00e8ncia. A m\u00e9s, el total d&#8217;altes sense assignaci\u00f3 \u00e9s de 41. D&#8217;aquesta manera, a hores d&#8217;ara hi ha actius 11.125 casos, el que suposa un 15,86% de l&#8217;total de positius. <\/p>\n\n\n\n<p class=\"wp-block-paragraph\">Els hospitals valencians tenen, actualment, 1.112 persones ingressades: 105 a la prov\u00edncia de Castell\u00f3, amb 16 pacients en UCI; 371 a la prov\u00edncia d&#8217;Alacant, 70 d&#8217;ells a l&#8217;UCI; i 636 a la prov\u00edncia de Val\u00e8ncia, 77 d&#8217;ells en UCI. D&#8217;altra banda, s&#8217;han registrat 14 morts per coronavirus des de l&#8217;\u00faltima actualitzaci\u00f3, de manera que el total de defuncions \u00e9s de 1.815 persones: 264 a la prov\u00edncia de Castell\u00f3, 625 a la d&#8217;Alacant i 926 a la de Val\u00e8ncia. El nombre total de proves dutes a terme per a la detecci\u00f3 de l&#8217;coronavirus ascendeix a 1.372.022, de les quals 1.215.587 han estat a trav\u00e9s de PCR i 156.435 mitjan\u00e7ant test r\u00e0pid. <\/p>\n\n\n\n<p class=\"wp-block-paragraph\"><strong>Actualitzaci\u00f3 de la situaci\u00f3 en resid\u00e8ncies <\/strong><\/p>\n\n\n\n<p class=\"wp-block-paragraph\">La Comunitat t\u00e9 en l&#8217;actualitat 49 casos positius en resid\u00e8ncies de gent gran (5 a la prov\u00edncia de Castell\u00f3, 15 a la prov\u00edncia d&#8217;Alacant i 29 a la prov\u00edncia de Val\u00e8ncia) i 8 centres de diversitat funcional (2 a la prov\u00edncia de Castell\u00f3, 2 a la prov\u00edncia d&#8217;Alacant i 4 a la prov\u00edncia de Val\u00e8ncia). <\/p>\n\n\n\n<p class=\"wp-block-paragraph\">&#8211; Residents nous positius: 21 &#8211; Treballadors nous positius: 12 &#8211; Residents morts: 1 Actualment, es troben sota vigil\u00e0ncia activa de control sanitari juliol resid\u00e8ncies a la Comunitat Valenciana: 1 a la prov\u00edncia de Castell\u00f3, 1 a la prov\u00edncia d&#8217;Alacant i 5 a la prov\u00edncia de Val\u00e8ncia. <\/p>\n\n\n\n<p class=\"wp-block-paragraph\"><strong>Actualitzaci\u00f3 brots de coronavirus <\/strong><\/p>\n\n\n\n<p class=\"wp-block-paragraph\">Nous brots: 57 \u00b7 Elda: 6 casos. origen laboral \u00b7 Ontinyent: 5 casos. origen laboral \u00b7 Castell\u00f3 de la Plana: 7 casos. \u00e0mbit educatiu \u00b7 Val\u00e8ncia: 6 casos. origen laboral \u00b7 Calp: 6 casos. origen social \u00b7 Val\u00e8ncia: 7 casos. origen social \u00b7 Moncada: 6 casos. origen social \u00b7 Guadass\u00e9quies: 6 casos. origen social \u00b7 Paterna: 3 casos. \u00e0mbit educatiu \u00b7 Castalla: 5 casos. origen social \u00b7 Godella: 3 casos. \u00e0mbit educatiu \u00b7 Val\u00e8ncia: 3 casos. \u00e0mbit educatiu \u00b7 Vinar\u00f2s: 3 casos. origen social \u00b7 Alginet: 3 casos. origen social \u00b7 Val\u00e8ncia: 6 casos. origen social \u00b7 Alzira: 4 casos. origen social \u00b7 Ontinyent: 7 casos. origen social \u00b7 Ontinyent: 4 casos. origen social \u00b7 X\u00e0bia: 4 casos. origen laboral \u00b7 Manises: 6 casos. origen social \u00b7 Val\u00e8ncia: 3 casos. origen social \u00b7 Val\u00e8ncia: 6 casos. origen social \u00b7 La Pobla de Vallbona: 3 casos. origen social \u00b7 Vinar\u00f2s: 3 casos. origen social \u00b7 Viver: 3 casos. origen social \u00b7 Benilloba: 7 casos. origen social \u00b7 Val\u00e8ncia: 7 casos. origen social \u00b7 Nules: 4 casos. origen social \u00b7 Vinar\u00f2s: 3 casos. origen social \u00b7 Guardamar de Segura: 4 casos. origen social \u00b7 Val\u00e8ncia: 10 casos. origen social \u00b7 Elx: 3 casos. origen social \u00b7 Benifai\u00f3: 5 casos. \u00e0mbit educatiu \u00b7 Vinar\u00f2s: 8 casos. origen social \u00b7 L&#8217;Olleria: 3 casos. origen social \u00b7 Elx: 3 casos. origen social \u00b7 Pu\u00e7ol: 3 casos. origen laboral \u00b7 Val\u00e8ncia: 5 casos. origen social \u00b7 Val\u00e8ncia: 4 casos. origen laboral \u00b7 Elx: 4 casos. origen social \u00b7 Elx: 5 casos. origen social \u00b7 Mislata: 3 casos. origen social \u00b7 Onil: 3. \u00c0mbit educatiu \u00b7 Val\u00e8ncia: 3 casos. origen social \u00b7 Elx: 3 casos. origen social \u00b7 Val\u00e8ncia: 5 casos. origen social \u00b7 Crevillent: 6 casos. origen laboral \u00b7 Sant Joan d&#8217;Alacant: 5 casos. \u00e0mbit educatiu \u00b7 Santa Pola: 6 casos. origen social \u00b7 Pu\u00e7ol: 3 casos. \u00e0mbit educatiu \u00b7 Alacant: 5 casos. origen laboral \u00b7 Val\u00e8ncia: 4 casos. origen laboral \u00b7 Ll\u00edria: 4 casos. origen social \u00b7 Paterna: 6 casos. origen social \u00b7 Val\u00e8ncia: 5 casos. origen social \u00b7 Picassent: 3 casos. origen laboral \u00b7 Ll\u00edria: 3 casos. origen social<\/p>\n","protected":false},"excerpt":{"rendered":"<div class=\"mh-excerpt\">La Comunitat Valenciana ha registrat en l&#8217;\u00faltima jornada 1.529 casos confirmats per prova PCR o mitjan\u00e7ant test d&#8217;ant\u00edgens, que situen la xifra total de positius en 60.125 persones. Per prov\u00edncies, la distribuci\u00f3 de nous positius <a class=\"mh-excerpt-more\" href=\"https:\/\/tucomarca.whitekongsoftware.com\/ca\/lliria-benifaio-alzira-i-la-pobla-de-vallbona-aporten-7-5-4-i-3-casos-respectivament-als-ultims-1-529-nous-contagis-de-coronavirus-a-la-comunitat\/\" title=\"Ll\u00edria, Benifai\u00f3, Alzira i la Pobla de Vallbona aporten 7, 5, 4 i 3 casos, respectivament, als \u00faltims 1.529 nous contagis de coronavirus a la Comunitat\">[+] <\/a><\/div>\n","protected":false},"author":1,"featured_media":114196,"comment_status":"open","ping_status":"open","sticky":false,"template":"","format":"standard","meta":{"footnotes":""},"categories":[10889,10987,10892,11010,12202,10898,10948,10894,10904,10902,10928,10903,10947,10896,10897],"tags":[11192,12046,10899,11939,11940,11077,11070],"class_list":["post-117777","post","type-post","status-publish","format-standard","has-post-thumbnail","category-alzira-cat","category-benifaio-ca","category-camp-de-turia-ca","category-canal-salud","category-covid-19-ca","category-ventana-ca","category-infraestructuras-ca","category-la-comarca-ca","category-sin-categorizar-ca","category-la-ribera-ca","category-lliria-ca","category-medio-ambiente-la-comarca-ca","category-politica","category-seccion-ca","category-sucesos-la-comarca-ca","tag-alzira-ca","tag-benifaio-ca","tag-camp-de-turia-ca","tag-coronavirus-ca","tag-covid-19-ca","tag-la-ribera-alta-ca","tag-lliria-ca"],"_links":{"self":[{"href":"https:\/\/tucomarca.whitekongsoftware.com\/ca\/wp-json\/wp\/v2\/posts\/117777","targetHints":{"allow":["GET"]}}],"collection":[{"href":"https:\/\/tucomarca.whitekongsoftware.com\/ca\/wp-json\/wp\/v2\/posts"}],"about":[{"href":"https:\/\/tucomarca.whitekongsoftware.com\/ca\/wp-json\/wp\/v2\/types\/post"}],"author":[{"embeddable":true,"href":"https:\/\/tucomarca.whitekongsoftware.com\/ca\/wp-json\/wp\/v2\/users\/1"}],"replies":[{"embeddable":true,"href":"https:\/\/tucomarca.whitekongsoftware.com\/ca\/wp-json\/wp\/v2\/comments?post=117777"}],"version-history":[{"count":0,"href":"https:\/\/tucomarca.whitekongsoftware.com\/ca\/wp-json\/wp\/v2\/posts\/117777\/revisions"}],"wp:featuredmedia":[{"embeddable":true,"href":"https:\/\/tucomarca.whitekongsoftware.com\/ca\/wp-json\/wp\/v2\/media\/114196"}],"wp:attachment":[{"href":"https:\/\/tucomarca.whitekongsoftware.com\/ca\/wp-json\/wp\/v2\/media?parent=117777"}],"wp:term":[{"taxonomy":"category","embeddable":true,"href":"https:\/\/tucomarca.whitekongsoftware.com\/ca\/wp-json\/wp\/v2\/categories?post=117777"},{"taxonomy":"post_tag","embeddable":true,"href":"https:\/\/tucomarca.whitekongsoftware.com\/ca\/wp-json\/wp\/v2\/tags?post=117777"}],"curies":[{"name":"wp","href":"https:\/\/api.w.org\/{rel}","templated":true}]}}