{"id":117752,"date":"2020-10-30T08:45:46","date_gmt":"2020-10-30T07:45:46","guid":{"rendered":"http:\/\/www.tucomarca.com\/wordpress\/segunda\/?p=117752"},"modified":"2020-10-30T10:43:42","modified_gmt":"2020-10-30T09:43:42","slug":"la-regidoria-digualtat-de-bunyol-presenta-el-i-pla-doportunitats-entre-homens-i-dones-intern-de-lajuntament","status":"publish","type":"post","link":"https:\/\/tucomarca.whitekongsoftware.com\/ca\/la-regidoria-digualtat-de-bunyol-presenta-el-i-pla-doportunitats-entre-homens-i-dones-intern-de-lajuntament\/","title":{"rendered":"La Regidoria d&#8217;Igualtat de Bunyol presenta el I Pla d&#8217;Oportunitats entre h\u00f2mens i dones intern de l&#8217;Ajuntament"},"content":{"rendered":"\n<p class=\"wp-block-paragraph\">La Regidoria d&#8217;Igualtat de l&#8217;Ajuntament de Bunyol ha aprovat en mesa de negociaci\u00f3 de treballadors el I Pla d&#8217;Igualtat d&#8217;Oportunitats entre h\u00f2mens i dones intern del Consistori.<\/p>\n\n\n\n<p class=\"wp-block-paragraph\">Tania Carrascosa, regidora d&#8217;Igualtat, es mostra &#8220;molt satisfeta per poder implantar este pla, que busca la igualtat d&#8217;oportunitats entre h\u00f2mens i dones treballadors de l&#8217;Ajuntament de Bunyol. Este pla est\u00e0 subvencionat per la Diputaci\u00f2 de Val\u00e8ncia, i organitzat per esta regidoria bunyolense&#8221;, serons la regidora.<\/p>\n","protected":false},"excerpt":{"rendered":"<div class=\"mh-excerpt\">La Regidoria d&#8217;Igualtat de l&#8217;Ajuntament de Bunyol ha aprovat en mesa de negociaci\u00f3 de treballadors el I Pla d&#8217;Igualtat d&#8217;Oportunitats entre h\u00f2mens i dones intern del Consistori. Tania Carrascosa, regidora d&#8217;Igualtat, es mostra &#8220;molt satisfeta <a class=\"mh-excerpt-more\" href=\"https:\/\/tucomarca.whitekongsoftware.com\/ca\/la-regidoria-digualtat-de-bunyol-presenta-el-i-pla-doportunitats-entre-homens-i-dones-intern-de-lajuntament\/\" title=\"La Regidoria d&#8217;Igualtat de Bunyol presenta el I Pla d&#8217;Oportunitats entre h\u00f2mens i dones intern de l&#8217;Ajuntament\">[+] <\/a><\/div>\n","protected":false},"author":12,"featured_media":104478,"comment_status":"open","ping_status":"open","sticky":false,"template":"","format":"standard","meta":{"footnotes":""},"categories":[10911,10948,10894,10912,10947,10896],"tags":[10385,5952],"class_list":["post-117752","post","type-post","status-publish","format-standard","has-post-thumbnail","category-bunol-ca","category-infraestructuras-ca","category-la-comarca-ca","category-la-hoya-ca","category-politica","category-seccion-ca","tag-bunol","tag-la-hoya-de-bunol-chiva"],"_links":{"self":[{"href":"https:\/\/tucomarca.whitekongsoftware.com\/ca\/wp-json\/wp\/v2\/posts\/117752","targetHints":{"allow":["GET"]}}],"collection":[{"href":"https:\/\/tucomarca.whitekongsoftware.com\/ca\/wp-json\/wp\/v2\/posts"}],"about":[{"href":"https:\/\/tucomarca.whitekongsoftware.com\/ca\/wp-json\/wp\/v2\/types\/post"}],"author":[{"embeddable":true,"href":"https:\/\/tucomarca.whitekongsoftware.com\/ca\/wp-json\/wp\/v2\/users\/12"}],"replies":[{"embeddable":true,"href":"https:\/\/tucomarca.whitekongsoftware.com\/ca\/wp-json\/wp\/v2\/comments?post=117752"}],"version-history":[{"count":0,"href":"https:\/\/tucomarca.whitekongsoftware.com\/ca\/wp-json\/wp\/v2\/posts\/117752\/revisions"}],"wp:featuredmedia":[{"embeddable":true,"href":"https:\/\/tucomarca.whitekongsoftware.com\/ca\/wp-json\/wp\/v2\/media\/104478"}],"wp:attachment":[{"href":"https:\/\/tucomarca.whitekongsoftware.com\/ca\/wp-json\/wp\/v2\/media?parent=117752"}],"wp:term":[{"taxonomy":"category","embeddable":true,"href":"https:\/\/tucomarca.whitekongsoftware.com\/ca\/wp-json\/wp\/v2\/categories?post=117752"},{"taxonomy":"post_tag","embeddable":true,"href":"https:\/\/tucomarca.whitekongsoftware.com\/ca\/wp-json\/wp\/v2\/tags?post=117752"}],"curies":[{"name":"wp","href":"https:\/\/api.w.org\/{rel}","templated":true}]}}