{"id":117738,"date":"2020-10-29T19:05:55","date_gmt":"2020-10-29T18:05:55","guid":{"rendered":"http:\/\/www.tucomarca.com\/wordpress\/segunda\/?p=117738"},"modified":"2020-10-29T21:11:38","modified_gmt":"2020-10-29T20:11:38","slug":"riba-roja-va-realitzar-1-757-contractes-en-el-mes-de-setembre-i-va-crear-29-llocs-de-treball","status":"publish","type":"post","link":"https:\/\/tucomarca.whitekongsoftware.com\/ca\/riba-roja-va-realitzar-1-757-contractes-en-el-mes-de-setembre-i-va-crear-29-llocs-de-treball\/","title":{"rendered":"Riba-roja va realitzar 1.757 contractes en el mes de setembre i va crear 29 llocs de treball"},"content":{"rendered":"\n<h4 class=\"wp-block-heading\"><strong>El municipi va incrementar la contractaci\u00f3 en un 28% entre agost i setembre<\/strong><\/h4>\n\n\n\n<p class=\"wp-block-paragraph\">El Servei Valenci\u00e0 d&#8217;Ocupaci\u00f3 i Formaci\u00f3 (Labora), dependent de la Conselleria d&#8217;Economia Sostenibles, sectors productius, Comer\u00e7 i Treball, ha constatat que durant el mes de setembre es van formalitzar un total de 1.757 contractes a Riba-roja de T\u00faria, \u00e9s a dir, un 28% m\u00e9s respecte del mes anterior, agost, en qu\u00e8 es van dur a terme un total de 1.368 contractes.<\/p>\n\n\n\n<p class=\"wp-block-paragraph\">La taxa d&#8217;atur es va reduir en 29 persones en el mateix per\u00edode de temps, segons les dades de Laboratori, en qu\u00e8 es va passar de 1.766 persones a l&#8217;agost a les 1.737 de l&#8217;passat mes de setembre, \u00e9s a dir, un 1&#8217;65% de disminuci\u00f3. De les 1.737 persones sense feina actualment a Riba-roja de T\u00faria hi ha 1.031 que s\u00f3n dones mentre que els restants 706 corresponen a homes.<\/p>\n\n\n\n<p class=\"wp-block-paragraph\">Les xifres de contractaci\u00f3 a Riba-roja de T\u00faria constaten que la localitat lidera aquest \u00e0mbit a la comarca de Camp de T\u00faria amb els referits 1.757 contractes, molt per sobre d&#8217;altres localitats amb una poblaci\u00f3 superior als 20.000 habitants com B\u00e9tera on es van formalitzar 444 contractes al setembre, la Pobla de Vallbona amb altres 603 contractes o Ll\u00edria, capital comarcal, amb 1.108 contractacions.<\/p>\n\n\n\n<p class=\"wp-block-paragraph\">Dels 1.757 contractes formalitzats en el mes de setembre, cal destacar que el sector dels serveis \u00e9s un dels que m\u00e9s beneficiats per aquesta tend\u00e8ncia amb un total de 1.159 contractacions, altres 515 contractes formalitzats en l&#8217;\u00e0mbit de la ind\u00fastria, mentre que a el sector de la construcci\u00f3 es van dur a terme un total de 63 i, finalment, altres 20 en l&#8217;agricultura de Riba-roja de T\u00faria. Aquesta mateixa tend\u00e8ncia es mant\u00e9 en els restants municipis majors de 20.000 habitants de la comarca.<\/p>\n\n\n\n<p class=\"wp-block-paragraph\">L&#8217;an\u00e0lisi de Labora detalla per segments d&#8217;edat dels nous contractes tasques de setembre, dels quals 630 es van realitzar a homes d&#8217;entre 25 i 40 anys d&#8217;edat, altres 404 a dones d&#8217;entre 25 i 44 anys, seguits dels 305 contractes a homes majors de 44 anys, les 202 contractacions, tamb\u00e9, a homes menors de 25 anys, els 144 a dones majors de 44 anys o els 72 a dones menors de 25 anys.<\/p>\n\n\n\n<p class=\"wp-block-paragraph\">Quant als sectors d&#8217;activitat, a Riba-roja de T\u00faria es van realitzar 1.159 contractes laborals en el sector dels serveis, altres 515 en la ind\u00fastria, 63 en el sector econ\u00f2mic de la construcci\u00f3 i, finalment, altres 20 en l&#8217;agricultura. Sobre el total d&#8217;aquestes contractacions, 951 pertanyen a ocupacions elementals, altres 300 s\u00f3n operadors d&#8217;instal\u00b7lacions i maquin\u00e0ria, 139 s\u00f3n artesans i treballadors qualificats d&#8217;ind\u00fastries manufactureres i de la construcci\u00f3. Finalment, cal destacar els 132 que corresponen a treballadors dels serveis de restauraci\u00f3, personals, protecci\u00f3 i venedors en aquesta localitat.<\/p>\n\n\n\n<p class=\"wp-block-paragraph\">Labora tamb\u00e9 analitza, de forma detallada, el tipus de contracte que es va formalitzar a Riba-roja de T\u00faria al llarg de l&#8217;esmentat per\u00edode de temps, de manera que dels 1.592 nous contractes de setembre hi ha un total de 1.592 que corresponen a les contractacions de tipus temporal mentre que els altres restants 165 noves contractacions s\u00f3n els de tipus indefinit.<\/p>\n\n\n\n<p class=\"wp-block-paragraph\">Pel que fa a les xifres de l&#8217;atur cal afegir que les 1.737 persones registrades al setembre a la comarca de Camp de T\u00faria \u00e9s de les millors enfront de les 1.554 sense feina a la localitat de B\u00e9tera, els 2.287 de Ll\u00edria o, finalment, les 1.881 persones en atur de la Pobla de Vallbona. En tots els casos, el nivell d&#8217;aturats \u00e9s m\u00e9s gran entre les dones que entre els homes.<\/p>\n\n\n\n<p class=\"wp-block-paragraph\">L&#8217;alcalde de Riba-roja de T\u00faria, Robert Raga, ha destacat que les xifres sobre el nivell d&#8217;atur registrat al setembre i els nous contractes formalitzats en el mateix per\u00edode de temps &#8220;s\u00f3n positius i permeten una certa confian\u00e7a de cara a el futur, encara que cal esperar que es confirmin en els propers mesos tenint en compte la situaci\u00f3 sanit\u00e0ria i econ\u00f2mica que travessem actualment&#8221;.<\/p>\n","protected":false},"excerpt":{"rendered":"<div class=\"mh-excerpt\">El municipi va incrementar la contractaci\u00f3 en un 28% entre agost i setembre El Servei Valenci\u00e0 d&#8217;Ocupaci\u00f3 i Formaci\u00f3 (Labora), dependent de la Conselleria d&#8217;Economia Sostenibles, sectors productius, Comer\u00e7 i Treball, ha constatat que durant <a class=\"mh-excerpt-more\" href=\"https:\/\/tucomarca.whitekongsoftware.com\/ca\/riba-roja-va-realitzar-1-757-contractes-en-el-mes-de-setembre-i-va-crear-29-llocs-de-treball\/\" title=\"Riba-roja va realitzar 1.757 contractes en el mes de setembre i va crear 29 llocs de treball\">[+] <\/a><\/div>\n","protected":false},"author":12,"featured_media":106520,"comment_status":"open","ping_status":"open","sticky":false,"template":"","format":"standard","meta":{"footnotes":""},"categories":[10892,10948,10894,10947,10906,10896],"tags":[10395,11484,8900],"class_list":["post-117738","post","type-post","status-publish","format-standard","has-post-thumbnail","category-camp-de-turia-ca","category-infraestructuras-ca","category-la-comarca-ca","category-politica","category-riba-roja-ca","category-seccion-ca","tag-camp-de-turia","tag-labora","tag-riba-roja-del-turia"],"_links":{"self":[{"href":"https:\/\/tucomarca.whitekongsoftware.com\/ca\/wp-json\/wp\/v2\/posts\/117738","targetHints":{"allow":["GET"]}}],"collection":[{"href":"https:\/\/tucomarca.whitekongsoftware.com\/ca\/wp-json\/wp\/v2\/posts"}],"about":[{"href":"https:\/\/tucomarca.whitekongsoftware.com\/ca\/wp-json\/wp\/v2\/types\/post"}],"author":[{"embeddable":true,"href":"https:\/\/tucomarca.whitekongsoftware.com\/ca\/wp-json\/wp\/v2\/users\/12"}],"replies":[{"embeddable":true,"href":"https:\/\/tucomarca.whitekongsoftware.com\/ca\/wp-json\/wp\/v2\/comments?post=117738"}],"version-history":[{"count":0,"href":"https:\/\/tucomarca.whitekongsoftware.com\/ca\/wp-json\/wp\/v2\/posts\/117738\/revisions"}],"wp:featuredmedia":[{"embeddable":true,"href":"https:\/\/tucomarca.whitekongsoftware.com\/ca\/wp-json\/wp\/v2\/media\/106520"}],"wp:attachment":[{"href":"https:\/\/tucomarca.whitekongsoftware.com\/ca\/wp-json\/wp\/v2\/media?parent=117738"}],"wp:term":[{"taxonomy":"category","embeddable":true,"href":"https:\/\/tucomarca.whitekongsoftware.com\/ca\/wp-json\/wp\/v2\/categories?post=117738"},{"taxonomy":"post_tag","embeddable":true,"href":"https:\/\/tucomarca.whitekongsoftware.com\/ca\/wp-json\/wp\/v2\/tags?post=117738"}],"curies":[{"name":"wp","href":"https:\/\/api.w.org\/{rel}","templated":true}]}}