{"id":117591,"date":"2020-10-30T07:55:32","date_gmt":"2020-10-30T06:55:32","guid":{"rendered":"http:\/\/www.tucomarca.com\/wordpress\/segunda\/?p=117591"},"modified":"2020-10-30T11:16:50","modified_gmt":"2020-10-30T10:16:50","slug":"continua-el-cicle-cultural-per-a-public-familiar-en-el-parc-de-la-lomiquia-de-xest","status":"publish","type":"post","link":"https:\/\/tucomarca.whitekongsoftware.com\/ca\/continua-el-cicle-cultural-per-a-public-familiar-en-el-parc-de-la-lomiquia-de-xest\/","title":{"rendered":"Continua el cicle cultural per a p\u00fablic familiar en el Parc de La Lomiquia de Xest"},"content":{"rendered":"\n<h4 class=\"wp-block-heading\">El diumenge, 1 de novembre, tindr\u00e0 lloc l&#8217;espectacle &#8220;El Son de Julio Verne&#8221;, a les 12 hores en l&#8217;\u00e0gora del parc.<\/h4>\n\n\n\n<p class=\"wp-block-paragraph\">El cicle &#8220;Cultura en La Lomiquia&#8221;, organitzat des de les regidories de Cultura i Parcs i Jardins, continuar\u00e0 durant tot el mes de novembre, cada diumenge a les 12 hores en l&#8217;\u00e0gora del Parc de La Lomiquia.<\/p>\n\n\n\n<p class=\"wp-block-paragraph\">Aix\u00ed, durant els pr\u00f2xims dies se n&#8217;aniran anunciant les activitats programades en les xarxes socials municipals, en el canal de Telegram &#8220;Xest cultural&#8221; i en l&#8217;App d&#8217;informaci\u00f3 municipal bandos.es; aix\u00ed com a trav\u00e9s de carteler\u00eda en els punts d&#8217;informaci\u00f3 habituals. &#8220;Una vegada confirmat que l&#8217;estat d&#8217;alarma no prohibix els espectacles culturals, ni en interiors ni en exteriors, hem decidit continuar amb este cicle que tan bona resposta est\u00e0 tenint per part de les familias&#8221;, ha destacat la regidora de Cultura, M\u00aa \u00c1ngeles Llorente.<\/p>\n\n\n\n<p class=\"wp-block-paragraph\">El cicle continuar\u00e0 oferint una programaci\u00f3 destinada a p\u00fablic familiar en un espai adequat a la normativa sanit\u00e0ria. &#8220;Como venim fent en tots els espectacles culturals, continuarem apostant per la seguretat de les persones; l&#8217;espai de l&#8217;\u00e0gora estar\u00e0 net i desinfectat i hi haur\u00e0 control d&#8217;aforament, neteja de mans i presa de temperatura a l&#8217;entrar al recinte, i es guardaran les dist\u00e0ncies de seguretat interpersonal&#8221;, ha explicat Llorente.<\/p>\n\n\n\n<p class=\"wp-block-paragraph\">La pr\u00f2xima representaci\u00f3 ser\u00e0 el diumenge, 1 de novembre, a c\u00e0rrec de JM Gesti\u00f3 Teatral, amb el seu espectacle El son de Jules Verne.<\/p>\n","protected":false},"excerpt":{"rendered":"<div class=\"mh-excerpt\">El diumenge, 1 de novembre, tindr\u00e0 lloc l&#8217;espectacle &#8220;El Son de Julio Verne&#8221;, a les 12 hores en l&#8217;\u00e0gora del parc. El cicle &#8220;Cultura en La Lomiquia&#8221;, organitzat des de les regidories de Cultura i <a class=\"mh-excerpt-more\" href=\"https:\/\/tucomarca.whitekongsoftware.com\/ca\/continua-el-cicle-cultural-per-a-public-familiar-en-el-parc-de-la-lomiquia-de-xest\/\" title=\"Continua el cicle cultural per a p\u00fablic familiar en el Parc de La Lomiquia de Xest\">[+] <\/a><\/div>\n","protected":false},"author":12,"featured_media":117590,"comment_status":"open","ping_status":"open","sticky":false,"template":"","format":"standard","meta":{"footnotes":""},"categories":[11019,10912,11007,10896,10974],"tags":[11071,5952],"class_list":["post-117591","post","type-post","status-publish","format-standard","has-post-thumbnail","category-agenda-ca","category-la-hoya-ca","category-ocio-y-cultura-ca","category-seccion-ca","category-cheste-ca","tag-cheste","tag-la-hoya-de-bunol-chiva"],"_links":{"self":[{"href":"https:\/\/tucomarca.whitekongsoftware.com\/ca\/wp-json\/wp\/v2\/posts\/117591","targetHints":{"allow":["GET"]}}],"collection":[{"href":"https:\/\/tucomarca.whitekongsoftware.com\/ca\/wp-json\/wp\/v2\/posts"}],"about":[{"href":"https:\/\/tucomarca.whitekongsoftware.com\/ca\/wp-json\/wp\/v2\/types\/post"}],"author":[{"embeddable":true,"href":"https:\/\/tucomarca.whitekongsoftware.com\/ca\/wp-json\/wp\/v2\/users\/12"}],"replies":[{"embeddable":true,"href":"https:\/\/tucomarca.whitekongsoftware.com\/ca\/wp-json\/wp\/v2\/comments?post=117591"}],"version-history":[{"count":0,"href":"https:\/\/tucomarca.whitekongsoftware.com\/ca\/wp-json\/wp\/v2\/posts\/117591\/revisions"}],"wp:featuredmedia":[{"embeddable":true,"href":"https:\/\/tucomarca.whitekongsoftware.com\/ca\/wp-json\/wp\/v2\/media\/117590"}],"wp:attachment":[{"href":"https:\/\/tucomarca.whitekongsoftware.com\/ca\/wp-json\/wp\/v2\/media?parent=117591"}],"wp:term":[{"taxonomy":"category","embeddable":true,"href":"https:\/\/tucomarca.whitekongsoftware.com\/ca\/wp-json\/wp\/v2\/categories?post=117591"},{"taxonomy":"post_tag","embeddable":true,"href":"https:\/\/tucomarca.whitekongsoftware.com\/ca\/wp-json\/wp\/v2\/tags?post=117591"}],"curies":[{"name":"wp","href":"https:\/\/api.w.org\/{rel}","templated":true}]}}