{"id":117454,"date":"2020-10-28T18:48:25","date_gmt":"2020-10-28T17:48:25","guid":{"rendered":"http:\/\/www.tucomarca.com\/wordpress\/segunda\/?p=117454"},"modified":"2020-10-28T20:08:43","modified_gmt":"2020-10-28T19:08:43","slug":"obres-publiques-te-a-la-ribera-alta-projectes-i-actuacions-en-marxa-en-infraestructures-i-mobilitat-per-valor-de-37-milions-deuros","status":"publish","type":"post","link":"https:\/\/tucomarca.whitekongsoftware.com\/ca\/obres-publiques-te-a-la-ribera-alta-projectes-i-actuacions-en-marxa-en-infraestructures-i-mobilitat-per-valor-de-37-milions-deuros\/","title":{"rendered":"Obres P\u00fabliques t\u00e9 a la Ribera Alta projectes i actuacions en marxa en infraestructures i mobilitat per valor de 37 milions d&#8217;euros"},"content":{"rendered":"\n<p class=\"wp-block-paragraph\">El conseller de Pol\u00edtica Territorial, Obres P\u00fabliques i Mobilitat, Arcadi Espanya, ha informat als alcaldes i alcaldesses de la Ribera Alta que el seu departament t\u00e9 entre projecte i actuacions en marxa en mat\u00e8ria de mobilitat i infraestructures, inversions a la comarca per valor de 37 milions d&#8217;euros.\n\nAcompanyat per la directora general d&#8217;Obres P\u00fabliques, Transport i Mobilitat Sostenible, Roser Obrer, el conseller s&#8217;ha reunit telem\u00e0ticament amb responsables muncipals de la Ribera Alta &#8220;per compartir el full de ruta de la Generalitat Valenciana per a la comarca pel que fa a actuacions de la Conselleria &#8220;.\n\nSegons ha explicat Arcadi Espanya, l&#8217;objectiu principal d&#8217;aquestes actuacions de la Conselleria &#8220;\u00e9s potenciar la mobilitat sostenible i millorar els eixos vertebradors de la comarca&#8221;.\n\nAmb aquesta finalitat, el conseller ha subratllat que es vol potenciar els modes no motoritzats ja que per l&#8217;estructura territorial de la comarca es registren freq\u00fcents despla\u00e7aments de curta dist\u00e0ncia i t\u00e9 una topografia i climatologia favorable a aquesta mobilitat.\n\nEn aquest sentit, s&#8217;enquadra l&#8217;actuaci\u00f3 en les vies verdes Carcaixent-X\u00e0tiva, i la futura via Ribera-Costera. Al costat d&#8217;aquestes grans actuacions s&#8217;han planificat andanes ciclopeatones de millora de la connectivitat a pols importants de despla\u00e7ament: \u00e0rea industrial sud d&#8217;Alzira, estaci\u00f3 de metro de Massalav\u00e9s o millora Alzira-Algemes\u00ed.\n\nA aquest objectiu es dirigeixen tamb\u00e9 les actuacions de millora d&#8217;integraci\u00f3 urbana de les travesseres de Real, Montroi i Massalav\u00e9s, o La Barraca. Aix\u00ed mateix, tamb\u00e9 destaca la redacci\u00f3 de el Pla de Mobilitat de la Ribera, instrument integral per a la formulaci\u00f3 i consens al voltant de la mobilitat.\n\nEntre la millora dels eixos vertebradors de la comarca s&#8217;inclouen actuacions com el nou acc\u00e9s Nord a Carcaixent de l&#8217;A-7, la ronda Oest de Carlet, la millora de la Ronda de l&#8217;Alc\u00fadia, la rehabilitaci\u00f3 prevista a les carreteres Almussafes- Benifai\u00f3, o la variant de Guadassuar i d&#8217;Alzira.\n\nA m\u00e9s, s&#8217;han programat dues pantalles ac\u00fastiques a Alzira dins de les actuacions de modernitzaci\u00f3 vi\u00e0ria que la Generalitat est\u00e0 executant dirigides a mitigar els impactes ac\u00fastics de la xarxa de carreteres d&#8217;acord amb els est\u00e0ndards europeus en aquesta mat\u00e8ria.\n\nFinalment, el conseller ha qualificat de molt important aquesta primera reuni\u00f3 que mant\u00e9 amb els alcaldes de tota una comarca &#8220;per compartir la planificaci\u00f3 de la Conselleria a la zona i poder tenir la col\u00b7laboraci\u00f3 dels m\u00e0xims representants municipals per dur-la a terme de la forma m\u00e9s efica\u00e7 i productiva per als ve\u00efns i ve\u00efnes de la comarca &#8220;.<\/p>\n","protected":false},"excerpt":{"rendered":"<div class=\"mh-excerpt\">El conseller de Pol\u00edtica Territorial, Obres P\u00fabliques i Mobilitat, Arcadi Espanya, ha informat als alcaldes i alcaldesses de la Ribera Alta que el seu departament t\u00e9 entre projecte i actuacions en marxa en mat\u00e8ria de <a class=\"mh-excerpt-more\" href=\"https:\/\/tucomarca.whitekongsoftware.com\/ca\/obres-publiques-te-a-la-ribera-alta-projectes-i-actuacions-en-marxa-en-infraestructures-i-mobilitat-per-valor-de-37-milions-deuros\/\" title=\"Obres P\u00fabliques t\u00e9 a la Ribera Alta projectes i actuacions en marxa en infraestructures i mobilitat per valor de 37 milions d&#8217;euros\">[+] <\/a><\/div>\n","protected":false},"author":1,"featured_media":112270,"comment_status":"open","ping_status":"open","sticky":false,"template":"","format":"standard","meta":{"footnotes":""},"categories":[10983,10889,10987,10990,10898,10994,10948,10894,10904,10902,10999,10947,11051,10896],"tags":[11192,10402,12683,2163,3640,11077],"class_list":["post-117454","post","type-post","status-publish","format-standard","has-post-thumbnail","category-algemesi-ca","category-alzira-cat","category-benifaio-ca","category-carlet-ca","category-ventana-ca","category-guadassuar-ca","category-infraestructuras-ca","category-la-comarca-ca","category-sin-categorizar-ca","category-la-ribera-ca","category-masalaves-ca","category-politica","category-real-de-montroi-ca","category-seccion-ca","tag-alzira-ca","tag-alzira","tag-consell-ca","tag-consell","tag-la-ribera-alta","tag-la-ribera-alta-ca"],"_links":{"self":[{"href":"https:\/\/tucomarca.whitekongsoftware.com\/ca\/wp-json\/wp\/v2\/posts\/117454","targetHints":{"allow":["GET"]}}],"collection":[{"href":"https:\/\/tucomarca.whitekongsoftware.com\/ca\/wp-json\/wp\/v2\/posts"}],"about":[{"href":"https:\/\/tucomarca.whitekongsoftware.com\/ca\/wp-json\/wp\/v2\/types\/post"}],"author":[{"embeddable":true,"href":"https:\/\/tucomarca.whitekongsoftware.com\/ca\/wp-json\/wp\/v2\/users\/1"}],"replies":[{"embeddable":true,"href":"https:\/\/tucomarca.whitekongsoftware.com\/ca\/wp-json\/wp\/v2\/comments?post=117454"}],"version-history":[{"count":0,"href":"https:\/\/tucomarca.whitekongsoftware.com\/ca\/wp-json\/wp\/v2\/posts\/117454\/revisions"}],"wp:featuredmedia":[{"embeddable":true,"href":"https:\/\/tucomarca.whitekongsoftware.com\/ca\/wp-json\/wp\/v2\/media\/112270"}],"wp:attachment":[{"href":"https:\/\/tucomarca.whitekongsoftware.com\/ca\/wp-json\/wp\/v2\/media?parent=117454"}],"wp:term":[{"taxonomy":"category","embeddable":true,"href":"https:\/\/tucomarca.whitekongsoftware.com\/ca\/wp-json\/wp\/v2\/categories?post=117454"},{"taxonomy":"post_tag","embeddable":true,"href":"https:\/\/tucomarca.whitekongsoftware.com\/ca\/wp-json\/wp\/v2\/tags?post=117454"}],"curies":[{"name":"wp","href":"https:\/\/api.w.org\/{rel}","templated":true}]}}