{"id":117428,"date":"2020-10-28T23:59:41","date_gmt":"2020-10-28T22:59:41","guid":{"rendered":"http:\/\/www.tucomarca.com\/wordpress\/segunda\/?p=117428"},"modified":"2020-10-29T10:50:59","modified_gmt":"2020-10-29T09:50:59","slug":"lespectacle-de-canta-canalla-revolucions-per-menuts-posa-a-ballar-a-les-families-de-xest","status":"publish","type":"post","link":"https:\/\/tucomarca.whitekongsoftware.com\/ca\/lespectacle-de-canta-canalla-revolucions-per-menuts-posa-a-ballar-a-les-families-de-xest\/","title":{"rendered":"L&#8217;espectacle de Canta Canalla, Revolucions per menuts, posa a ballar a les fam\u00edlies de Xest"},"content":{"rendered":"\n<p class=\"wp-block-paragraph\">El cicle &#8220;Cultura en La Lomiquia&#8221; va despedir el mes d&#8217;octubre amb el concert del grup Canta Canalla, amb el t\u00edtol Revolucions per menuts, una actuaci\u00f3 finan\u00e7ada al 100% pel Circuit Sonora de l&#8217;Institut Valenci\u00e0 de Cultura (IVC) .<\/p>\n\n\n\n<ul class=\"wp-block-gallery columns-2 is-cropped wp-block-gallery-1 is-layout-flex wp-block-gallery-is-layout-flex\"><li class=\"blocks-gallery-item\"><figure><img loading=\"lazy\" decoding=\"async\" width=\"787\" height=\"525\" src=\"http:\/\/www.tucomarca.com\/wordpress\/segunda\/wp-content\/uploads\/2020\/10\/1_CantaCanalla.jpg\" alt=\"\" data-id=\"117420\" data-link=\"http:\/\/www.tucomarca.com\/wordpress\/segunda\/?attachment_id=117420\" class=\"wp-image-117420\" srcset=\"https:\/\/tucomarca.whitekongsoftware.com\/wp-content\/uploads\/2020\/10\/1_CantaCanalla.jpg 787w, https:\/\/tucomarca.whitekongsoftware.com\/wp-content\/uploads\/2020\/10\/1_CantaCanalla-300x200.jpg 300w, https:\/\/tucomarca.whitekongsoftware.com\/wp-content\/uploads\/2020\/10\/1_CantaCanalla-768x512.jpg 768w\" sizes=\"auto, (max-width: 787px) 100vw, 787px\" \/><\/figure><\/li><li class=\"blocks-gallery-item\"><figure><img loading=\"lazy\" decoding=\"async\" width=\"787\" height=\"525\" src=\"http:\/\/www.tucomarca.com\/wordpress\/segunda\/wp-content\/uploads\/2020\/10\/6_CantaCanalla.jpg\" alt=\"\" data-id=\"117422\" data-link=\"http:\/\/www.tucomarca.com\/wordpress\/segunda\/?attachment_id=117422\" class=\"wp-image-117422\" srcset=\"https:\/\/tucomarca.whitekongsoftware.com\/wp-content\/uploads\/2020\/10\/6_CantaCanalla.jpg 787w, https:\/\/tucomarca.whitekongsoftware.com\/wp-content\/uploads\/2020\/10\/6_CantaCanalla-300x200.jpg 300w, https:\/\/tucomarca.whitekongsoftware.com\/wp-content\/uploads\/2020\/10\/6_CantaCanalla-768x512.jpg 768w\" sizes=\"auto, (max-width: 787px) 100vw, 787px\" \/><\/figure><\/li><li class=\"blocks-gallery-item\"><figure><img loading=\"lazy\" decoding=\"async\" width=\"787\" height=\"525\" src=\"http:\/\/www.tucomarca.com\/wordpress\/segunda\/wp-content\/uploads\/2020\/10\/13_CantaCanalla.jpg\" alt=\"\" data-id=\"117424\" data-link=\"http:\/\/www.tucomarca.com\/wordpress\/segunda\/?attachment_id=117424\" class=\"wp-image-117424\" srcset=\"https:\/\/tucomarca.whitekongsoftware.com\/wp-content\/uploads\/2020\/10\/13_CantaCanalla.jpg 787w, https:\/\/tucomarca.whitekongsoftware.com\/wp-content\/uploads\/2020\/10\/13_CantaCanalla-300x200.jpg 300w, https:\/\/tucomarca.whitekongsoftware.com\/wp-content\/uploads\/2020\/10\/13_CantaCanalla-768x512.jpg 768w\" sizes=\"auto, (max-width: 787px) 100vw, 787px\" \/><\/figure><\/li><\/ul>\n\n\n\n<p class=\"wp-block-paragraph\">&#8220;L&#8217;Ajuntament ha assumit la despesa del servei t\u00e8cnic, per\u00f2 la totalitat de l&#8217;espectacle l&#8217;el finan\u00e7a el Circuit Sonora i des de les regidories de Cultura i Parcs i Jardins volem agrair que ho hagin portat fins Xest&#8221;, declarava la regidora de Cultura, M\u00aa \u00c1ngeles Llorente, abans que comenc\u00e9s el concert.<\/p>\n\n\n\n<p class=\"wp-block-paragraph\">Llorente tamb\u00e9 es va dirigir a el p\u00fablic per agrair la bona acollida que ha tingut el cicle cultural que porta realitzant-se des de finals de setembre, cada diumenge, a l&#8217;\u00e0gora de el parc de la Lomiquia, amb l&#8217;aforament sempre a el complet; i per complir amb les mesures sanit\u00e0ries establertes, demostrant que la cultura \u00e9s segura. &#8220;A causa de la situaci\u00f3 general de pand\u00e8mia, \u00e9s probable que aquesta setmana hi hagi una nova normativa o fins i tot que es decreti l&#8217;estat d&#8217;alarma; per aix\u00f2 no hem publicitat esdeveniments posteriors a data d&#8217;avui, encara que la nostra idea \u00e9s seguir programant activitats culturals per a tota la fam\u00edlia en aquest espai. Creiem que els nens es mereixen el que s&#8217;ha generat aquests diumenges aqu\u00ed: un lloc que desfoga de la tensi\u00f3 i el mal rotllo que vivim \u00faltimament&#8221;, exposava. &#8220;Si no \u00e9s possible programar per al proper cap de setmana, ho comunicarem, i intentarem que sigue a el seg\u00fcent&#8221;.<\/p>\n\n\n\n<p class=\"wp-block-paragraph\">Despr\u00e9s de les paraules de la regidora, va arrencar el concert de el grup Canta Canalla, un quintet de m\u00fasica per a p\u00fablic familiar fundat el 2017, que va captivar als \/ les assistents amb el seu segon treball, Revolucions per menuts. En el concert, l&#8217;agrupaci\u00f3 va oferir un repertori de can\u00e7ons amb melodies de el folk americ\u00e0, c\u00fambia, twist i rock que van aixecar els i les assistents de les seues cadires en m\u00e9s d&#8217;una ocasi\u00f3.<\/p>\n\n\n\n<p class=\"wp-block-paragraph\"><strong>El circuit Sonora<\/strong><\/p>\n\n\n\n<p class=\"wp-block-paragraph\">El circuit Sonora \u00e9s una iniciativa de l&#8217;IVC que t\u00e9 com a objectiu crear una plataforma estable i regular perqu\u00e8 els int\u00e8rprets valencians puguen mostrar els seus treballs en sales p\u00fabliques i privades. D&#8217;aquesta manera, grups i solistes tenen la possibilitat d&#8217;actuar en diferents punts del territori fora de la temporada estival.<\/p>\n","protected":false},"excerpt":{"rendered":"<div class=\"mh-excerpt\">El cicle &#8220;Cultura en La Lomiquia&#8221; va despedir el mes d&#8217;octubre amb el concert del grup Canta Canalla, amb el t\u00edtol Revolucions per menuts, una actuaci\u00f3 finan\u00e7ada al 100% pel Circuit Sonora de l&#8217;Institut Valenci\u00e0 <a class=\"mh-excerpt-more\" href=\"https:\/\/tucomarca.whitekongsoftware.com\/ca\/lespectacle-de-canta-canalla-revolucions-per-menuts-posa-a-ballar-a-les-families-de-xest\/\" title=\"L&#8217;espectacle de Canta Canalla, Revolucions per menuts, posa a ballar a les fam\u00edlies de Xest\">[+] <\/a><\/div>\n","protected":false},"author":12,"featured_media":117419,"comment_status":"open","ping_status":"open","sticky":false,"template":"","format":"gallery","meta":{"footnotes":""},"categories":[11005,10894,10912,11007,10896,10974],"tags":[11071,5952],"class_list":["post-117428","post","type-post","status-publish","format-gallery","has-post-thumbnail","category-canal-musica","category-la-comarca-ca","category-la-hoya-ca","category-ocio-y-cultura-ca","category-seccion-ca","category-cheste-ca","tag-cheste","tag-la-hoya-de-bunol-chiva","post_format-post-format-gallery"],"_links":{"self":[{"href":"https:\/\/tucomarca.whitekongsoftware.com\/ca\/wp-json\/wp\/v2\/posts\/117428","targetHints":{"allow":["GET"]}}],"collection":[{"href":"https:\/\/tucomarca.whitekongsoftware.com\/ca\/wp-json\/wp\/v2\/posts"}],"about":[{"href":"https:\/\/tucomarca.whitekongsoftware.com\/ca\/wp-json\/wp\/v2\/types\/post"}],"author":[{"embeddable":true,"href":"https:\/\/tucomarca.whitekongsoftware.com\/ca\/wp-json\/wp\/v2\/users\/12"}],"replies":[{"embeddable":true,"href":"https:\/\/tucomarca.whitekongsoftware.com\/ca\/wp-json\/wp\/v2\/comments?post=117428"}],"version-history":[{"count":0,"href":"https:\/\/tucomarca.whitekongsoftware.com\/ca\/wp-json\/wp\/v2\/posts\/117428\/revisions"}],"wp:featuredmedia":[{"embeddable":true,"href":"https:\/\/tucomarca.whitekongsoftware.com\/ca\/wp-json\/wp\/v2\/media\/117419"}],"wp:attachment":[{"href":"https:\/\/tucomarca.whitekongsoftware.com\/ca\/wp-json\/wp\/v2\/media?parent=117428"}],"wp:term":[{"taxonomy":"category","embeddable":true,"href":"https:\/\/tucomarca.whitekongsoftware.com\/ca\/wp-json\/wp\/v2\/categories?post=117428"},{"taxonomy":"post_tag","embeddable":true,"href":"https:\/\/tucomarca.whitekongsoftware.com\/ca\/wp-json\/wp\/v2\/tags?post=117428"}],"curies":[{"name":"wp","href":"https:\/\/api.w.org\/{rel}","templated":true}]}}