{"id":117276,"date":"2020-10-28T09:00:42","date_gmt":"2020-10-28T08:00:42","guid":{"rendered":"http:\/\/www.tucomarca.com\/wordpress\/segunda\/?p=117276"},"modified":"2020-10-28T13:57:49","modified_gmt":"2020-10-28T12:57:49","slug":"la-diputacio-de-valencia-invertira-mes-de-54-milions-deuros-en-88-projectes-a-la-comarca-de-requena-utiel","status":"publish","type":"post","link":"https:\/\/tucomarca.whitekongsoftware.com\/ca\/la-diputacio-de-valencia-invertira-mes-de-54-milions-deuros-en-88-projectes-a-la-comarca-de-requena-utiel\/","title":{"rendered":"La Diputaci\u00f3 de Val\u00e8ncia invertir\u00e0 m\u00e9s de 5,4 milions d&#8217;euros en 88 projectes a la comarca de Requena-Utiel"},"content":{"rendered":"\n<p class=\"wp-block-paragraph\">Els municipis de la comarca Requena-Utiel poden executar i als projectes de millora d&#8217;infraestructures i serveis inclosos en el Pla d&#8217;Inversions 2020-21 de la Diputaci\u00f3 de Val\u00e8ncia, que deixar\u00e0 a la comarca 5.439.088 euros. La corporaci\u00f3 provincial ha donat llum verda a 88 projectes sol\u00b7licitats pels ajuntaments que, amb l&#8217;objectiu de millorar la qualitat de vida de les ve\u00efnes i ve\u00efns de la comarca Requena-Utiel, seran una realitat en els pr\u00f2xims mesos.<\/p>\n\n\n\n<p class=\"wp-block-paragraph\">Entre les sol\u00b7licituds dels municipis de la comarca destaquen els 12 projectes per a la creaci\u00f3 o manteniment de zones verdes; les 11 obres de sanejament i xarxes d&#8217;aigua potable; les 9 actuacions per millorar l&#8217;accessibilitat en espais p\u00fablics; i les 8 intervencions aprovades per a la construcci\u00f3, ampliaci\u00f3, equipament o renovaci\u00f3 d&#8217;espais esportius.<\/p>\n\n\n\n<p class=\"wp-block-paragraph\">Els 9 municipis de la comarca Requena-Utiel tamb\u00e9 han apostat per les actuacions per asfaltar, condicionar i millorar camins i vials (7 projectes); la millora d&#8217;instal\u00b7lacions i equipaments municipals; l&#8217;adquisici\u00f3, subministrament i renovaci\u00f3 d&#8217;equipaments urbans i urbanitzaci\u00f3 de carrers, i diferents obres d&#8217;efici\u00e8ncia energ\u00e8tica en enllumenat i instal\u00b7lacions municipals. En total, 45 actuacions que compleixen alguns dels Objectius de Desenvolupament Sostenible (ODS) incentivats per la Diputaci\u00f3, la meitat dels projectes a executar, i que se sumen a altres obres en equipaments culturals i educatius i projectes relacionats amb la mobilitat i la conservaci\u00f3 de patrimoni.<\/p>\n\n\n\n<p class=\"wp-block-paragraph\"><strong>Projectes destacats<\/strong><\/p>\n\n\n\n<p class=\"wp-block-paragraph\">Entre les actuacions projectades pels ajuntaments de la comarca Requena-Utiel destaquen la renovaci\u00f3 de voreres i asfaltat per millorar l&#8217;accessibilitat a Requena i set dels seus llogarets, amb un pressupost de 350.000 euros; l&#8217;habilitaci\u00f3 d&#8217;una planta baixa per a local de serveis socials al carrer Olivereta d&#8217;Utiel (220.000 euros); la construcci\u00f3 de l&#8217;edifici musical a Sinarcas (160.000); la remodelaci\u00f3 de la zona infantil i els jardins de la pla\u00e7a de parc de Villargordo de l&#8217;Cabriel (150.000); i l&#8217;ampliaci\u00f3 de l&#8217;aforament de el centre cultural de Camporrobles (100.000).<\/p>\n\n\n\n<p class=\"wp-block-paragraph\">A aquests projectes se sumen, entre d&#8217;altres, la renovaci\u00f3 de l&#8217;Parc de la vega de Fuenterrobles, amb una inversi\u00f3 de 160.000 euros; les millores de l&#8217;accessibilitat en diversos carrers d&#8217;Utiel i el camp de futbol del llogaret de Les Coves, a m\u00e9s d&#8217;un nou col\u00b7lector per a aig\u00fces residuals (280.000); la rehabilitaci\u00f3 integral per a la posada en \u00fas de la pla\u00e7a de toros de Venda de l&#8217;Moro (175.000); i la construcci\u00f3 d&#8217;un roc\u00f2drom en el poliesportiu de Requena (115.000). Informa, <strong>Luis Ib\u00e1\u00f1ez<\/strong>.<\/p>\n","protected":false},"excerpt":{"rendered":"<div class=\"mh-excerpt\">Els municipis de la comarca Requena-Utiel poden executar i als projectes de millora d&#8217;infraestructures i serveis inclosos en el Pla d&#8217;Inversions 2020-21 de la Diputaci\u00f3 de Val\u00e8ncia, que deixar\u00e0 a la comarca 5.439.088 euros. La <a class=\"mh-excerpt-more\" href=\"https:\/\/tucomarca.whitekongsoftware.com\/ca\/la-diputacio-de-valencia-invertira-mes-de-54-milions-deuros-en-88-projectes-a-la-comarca-de-requena-utiel\/\" title=\"La Diputaci\u00f3 de Val\u00e8ncia invertir\u00e0 m\u00e9s de 5,4 milions d&#8217;euros en 88 projectes a la comarca de Requena-Utiel\">[+] <\/a><\/div>\n","protected":false},"author":1,"featured_media":117274,"comment_status":"open","ping_status":"open","sticky":false,"template":"","format":"standard","meta":{"footnotes":""},"categories":[10905,11030,11031,11032,11054,10898,11055,10948,10894,10904,11056,10903,10947,10908,10909,11057,10896,11058,11059,11060,11061],"tags":[3677,11246,12904,2126,10387,10910],"class_list":["post-117276","post","type-post","status-publish","format-standard","has-post-thumbnail","category-agricultura-la-comarca-ca","category-campo-arcis-ca","category-camporrobles-ca","category-caudete-ca","category-chera-ca","category-ventana-ca","category-fuenterrobles-ca","category-infraestructuras-ca","category-la-comarca-ca","category-sin-categorizar-ca","category-las-cuevas-ca","category-medio-ambiente-la-comarca-ca","category-politica","category-requena-ca","category-requena-utiel-ca","category-san-antonio-ca","category-seccion-ca","category-sinarcas-ca","category-utiel-ca","category-venta-del-moro-ca","category-villargordo-del-cabriel-ca","tag-diputacio-de-valencia","tag-diputacio-de-valencia-ca","tag-inversiones-ca","tag-inversiones","tag-requena-utiel","tag-requena-utiel-ca"],"_links":{"self":[{"href":"https:\/\/tucomarca.whitekongsoftware.com\/ca\/wp-json\/wp\/v2\/posts\/117276","targetHints":{"allow":["GET"]}}],"collection":[{"href":"https:\/\/tucomarca.whitekongsoftware.com\/ca\/wp-json\/wp\/v2\/posts"}],"about":[{"href":"https:\/\/tucomarca.whitekongsoftware.com\/ca\/wp-json\/wp\/v2\/types\/post"}],"author":[{"embeddable":true,"href":"https:\/\/tucomarca.whitekongsoftware.com\/ca\/wp-json\/wp\/v2\/users\/1"}],"replies":[{"embeddable":true,"href":"https:\/\/tucomarca.whitekongsoftware.com\/ca\/wp-json\/wp\/v2\/comments?post=117276"}],"version-history":[{"count":0,"href":"https:\/\/tucomarca.whitekongsoftware.com\/ca\/wp-json\/wp\/v2\/posts\/117276\/revisions"}],"wp:featuredmedia":[{"embeddable":true,"href":"https:\/\/tucomarca.whitekongsoftware.com\/ca\/wp-json\/wp\/v2\/media\/117274"}],"wp:attachment":[{"href":"https:\/\/tucomarca.whitekongsoftware.com\/ca\/wp-json\/wp\/v2\/media?parent=117276"}],"wp:term":[{"taxonomy":"category","embeddable":true,"href":"https:\/\/tucomarca.whitekongsoftware.com\/ca\/wp-json\/wp\/v2\/categories?post=117276"},{"taxonomy":"post_tag","embeddable":true,"href":"https:\/\/tucomarca.whitekongsoftware.com\/ca\/wp-json\/wp\/v2\/tags?post=117276"}],"curies":[{"name":"wp","href":"https:\/\/api.w.org\/{rel}","templated":true}]}}