{"id":117187,"date":"2020-10-26T11:20:39","date_gmt":"2020-10-26T10:20:39","guid":{"rendered":"http:\/\/www.tucomarca.com\/wordpress\/segunda\/?p=117187"},"modified":"2020-10-26T21:35:18","modified_gmt":"2020-10-26T20:35:18","slug":"ava-asaja-realca-el-treball-de-consens-denrique-belles-al-capdavant-dinterintercitrus-i-oferix-la-seua-collaboracio-al-nou-president-ramon-espinosa","status":"publish","type":"post","link":"https:\/\/tucomarca.whitekongsoftware.com\/ca\/ava-asaja-realca-el-treball-de-consens-denrique-belles-al-capdavant-dinterintercitrus-i-oferix-la-seua-collaboracio-al-nou-president-ramon-espinosa\/","title":{"rendered":"AVA-Asaja real\u00e7a el treball de consens d&#8217;Enrique Bell\u00e9s al capdavant d&#8217;InterIntercitrus i oferix la seua col\u00b7laboraci\u00f3 al nou president Ram\u00f3n Espinosa"},"content":{"rendered":"\n<p class=\"wp-block-paragraph\">El president d&#8217;AVA-ASAJA, Crist\u00f3bal Aguado, posa en valor &#8220;el excel\u00b7lent treball realitzat per Enrique Bell\u00e9s i el suport demostrat per tot el sector cooperatiu durant este \u00faltim any al capdavant d&#8217;Intercitrus&#8221;. &#8220;Es de just\u00edcia -a\u00f1ade- real\u00e7ar el comportament de Bell\u00e9s per a tractar d&#8217;incentivar al m\u00e0xim la coordinaci\u00f3 i la busca d&#8217;acords en benefici del sector citr\u00edcola valenci\u00e0 i espa\u00f1ol&#8221;. &#8220;Ha sigut -diu Aguado- una persona de consens, posant en tot moment el b\u00e9 com\u00fa per damunt d&#8217;interessos individuals. Si no hi ha hagut avan\u00e7os significatius en el si de la interprofessional, no ha sigut perqu\u00e8 no haja posat inter\u00e9s i dedicaci\u00f3. Tant de bo InterIntercitrus puga continuar recorrent eixe cam\u00ed de di\u00e0leg i torne a ocupar el lloc que li corresponde&#8221;.<\/p>\n\n\n\n<p class=\"wp-block-paragraph\">En eixe sentit, i davant de la designaci\u00f3 del representant d&#8217;ASAJA, Ram\u00f3n Espinosa, com nou president d&#8217;InterIntercitrus, Crist\u00f3bal Aguado li desitja els seus &#8220;mejores desitjos en este nou cam\u00ed, \u00e9s una persona nostra que coneixem b\u00e9 i que sabem que pot aportar molt al futur de la interprofessional. Compta amb la nostra col\u00b7laboraci\u00f3 per a emprendre totes aquelles iniciatives que contribu\u00efsquen a millorar la situaci\u00f3 dels citricultors i del conjunt del sector citr\u00edcola&#8221;. Informa, <strong>Luis Ib\u00e1\u00f1ez<\/strong>.<br> <\/p>\n","protected":false},"excerpt":{"rendered":"<div class=\"mh-excerpt\">El president d&#8217;AVA-ASAJA, Crist\u00f3bal Aguado, posa en valor &#8220;el excel\u00b7lent treball realitzat per Enrique Bell\u00e9s i el suport demostrat per tot el sector cooperatiu durant este \u00faltim any al capdavant d&#8217;Intercitrus&#8221;. &#8220;Es de just\u00edcia -a\u00f1ade- <a class=\"mh-excerpt-more\" href=\"https:\/\/tucomarca.whitekongsoftware.com\/ca\/ava-asaja-realca-el-treball-de-consens-denrique-belles-al-capdavant-dinterintercitrus-i-oferix-la-seua-collaboracio-al-nou-president-ramon-espinosa\/\" title=\"AVA-Asaja real\u00e7a el treball de consens d&#8217;Enrique Bell\u00e9s al capdavant d&#8217;InterIntercitrus i oferix la seua col\u00b7laboraci\u00f3 al nou president Ram\u00f3n Espinosa\">[+] <\/a><\/div>\n","protected":false},"author":12,"featured_media":117186,"comment_status":"open","ping_status":"open","sticky":false,"template":"","format":"standard","meta":{"footnotes":""},"categories":[10905,10894,10904,10909,10896],"tags":[328,12899],"class_list":["post-117187","post","type-post","status-publish","format-standard","has-post-thumbnail","category-agricultura-la-comarca-ca","category-la-comarca-ca","category-sin-categorizar-ca","category-requena-utiel-ca","category-seccion-ca","tag-ava-asaja","tag-intercitrus"],"_links":{"self":[{"href":"https:\/\/tucomarca.whitekongsoftware.com\/ca\/wp-json\/wp\/v2\/posts\/117187","targetHints":{"allow":["GET"]}}],"collection":[{"href":"https:\/\/tucomarca.whitekongsoftware.com\/ca\/wp-json\/wp\/v2\/posts"}],"about":[{"href":"https:\/\/tucomarca.whitekongsoftware.com\/ca\/wp-json\/wp\/v2\/types\/post"}],"author":[{"embeddable":true,"href":"https:\/\/tucomarca.whitekongsoftware.com\/ca\/wp-json\/wp\/v2\/users\/12"}],"replies":[{"embeddable":true,"href":"https:\/\/tucomarca.whitekongsoftware.com\/ca\/wp-json\/wp\/v2\/comments?post=117187"}],"version-history":[{"count":0,"href":"https:\/\/tucomarca.whitekongsoftware.com\/ca\/wp-json\/wp\/v2\/posts\/117187\/revisions"}],"wp:featuredmedia":[{"embeddable":true,"href":"https:\/\/tucomarca.whitekongsoftware.com\/ca\/wp-json\/wp\/v2\/media\/117186"}],"wp:attachment":[{"href":"https:\/\/tucomarca.whitekongsoftware.com\/ca\/wp-json\/wp\/v2\/media?parent=117187"}],"wp:term":[{"taxonomy":"category","embeddable":true,"href":"https:\/\/tucomarca.whitekongsoftware.com\/ca\/wp-json\/wp\/v2\/categories?post=117187"},{"taxonomy":"post_tag","embeddable":true,"href":"https:\/\/tucomarca.whitekongsoftware.com\/ca\/wp-json\/wp\/v2\/tags?post=117187"}],"curies":[{"name":"wp","href":"https:\/\/api.w.org\/{rel}","templated":true}]}}