{"id":117132,"date":"2020-10-25T17:00:20","date_gmt":"2020-10-25T15:00:20","guid":{"rendered":"http:\/\/www.tucomarca.com\/wordpress\/segunda\/?p=117132"},"modified":"2020-10-26T14:54:12","modified_gmt":"2020-10-26T12:54:12","slug":"godelleta-aporta-6-casos-de-lambit-educatiu-i-requena-i-castello-altres-4-i-4-dorigen-social-als-ultims-contagis-de-coronavirus-a-linterior-de-la-comunitat","status":"publish","type":"post","link":"https:\/\/tucomarca.whitekongsoftware.com\/ca\/godelleta-aporta-6-casos-de-lambit-educatiu-i-requena-i-castello-altres-4-i-4-dorigen-social-als-ultims-contagis-de-coronavirus-a-linterior-de-la-comunitat\/","title":{"rendered":"Godelleta aporta 6 casos de l&#8217;\u00e0mbit educatiu i Requena i Castell\u00f3 altres 4 i 4 d&#8217;origen social als \u00faltims contagis de coronavirus a l&#8217;interior de la Comunitat"},"content":{"rendered":"\n<p class=\"wp-block-paragraph\">Per prov\u00edncies, s&#8217;han detectat 133 nous casos a Castell\u00f3, 639 a Alacant i 911 a Val\u00e8ncia. a m\u00e9s de 7 sense assignar<\/p>\n\n\n\n<p class=\"wp-block-paragraph\">La Conselleria de Sanitat Universal i Salut P\u00fablic ha registrat 1.690 nous contagis de coronavirus confirmats per prova PCR o prova d&#8217;ant\u00edgens a la Comunitat Valenciana, que situen la xifra total de positius en 55.568 persones. Per prov\u00edncies, la distribuci\u00f3 \u00e9s la seg\u00fcent: 133 a Castell\u00f3 (5.890 en total); 639 a Alacant (19.048 en total), i 911 a la prov\u00edncia de Val\u00e8ncia (30.616 en total). A m\u00e9s, s&#8217;han registrat 7 casos sense assignar, de manera que el nombre total ascendeix a 14.<\/p>\n\n\n\n<p class=\"wp-block-paragraph\">D&#8217;altra banda, els hospitals valencians compten en aquests moments amb 838 persones ingressades: 89 a la prov\u00edncia de Castell\u00f3, amb 11 pacients en UCI; 276 persones en la d&#8217;Alacant, amb 59 a UCI; i 473 a la prov\u00edncia de Val\u00e8ncia, dels quals 53 es troben a la UCI.<\/p>\n\n\n\n<p class=\"wp-block-paragraph\">Actualitzaci\u00f3 brots de coronavirus<\/p>\n\n\n\n<p class=\"wp-block-paragraph\">Nous brots:<\/p>\n\n\n\n<p class=\"wp-block-paragraph\">\u00b7 Onda: 5 casos. origen social<\/p>\n\n\n\n<p class=\"wp-block-paragraph\">\u00b7 Beniarbeig: 5 casos. origen social<\/p>\n\n\n\n<p class=\"wp-block-paragraph\">\u00b7 Oriola: 6 casos. origen social<\/p>\n\n\n\n<p class=\"wp-block-paragraph\">\u00b7 Oriola: 5 casos. origen social<\/p>\n\n\n\n<p class=\"wp-block-paragraph\">\u00b7 Benic\u00e0ssim: 5 casos. origen social<\/p>\n\n\n\n<p class=\"wp-block-paragraph\">\u00b7 Elda: 5 casos. origen laboral<\/p>\n\n\n\n<p class=\"wp-block-paragraph\">\u00b7 Val\u00e8ncia: 5 casos. \u00e0mbit educatiu<\/p>\n\n\n\n<p class=\"wp-block-paragraph\">\u00b7 Godelleta: 6 casos. \u00e0mbit educatiu<\/p>\n\n\n\n<p class=\"wp-block-paragraph\">\u00b7 Novelda: 6 casos. \u00e0mbit educatiu<\/p>\n\n\n\n<p class=\"wp-block-paragraph\">\u00b7 X\u00e0bia: 3 casos. origen laboral<\/p>\n\n\n\n<p class=\"wp-block-paragraph\">\u00b7 Val\u00e8ncia. 4 casos. origen social<\/p>\n\n\n\n<p class=\"wp-block-paragraph\">\u00b7 Alcoi: 5 casos. origen laboral<\/p>\n\n\n\n<p class=\"wp-block-paragraph\">\u00b7 Cox: 4 casos. origen laboral<\/p>\n\n\n\n<p class=\"wp-block-paragraph\">\u00b7 Ontinyent: 5 casos. origen laboral<\/p>\n\n\n\n<p class=\"wp-block-paragraph\">\u00b7 Val\u00e8ncia: 3 casos. origen laboral<\/p>\n\n\n\n<p class=\"wp-block-paragraph\">\u00b7 Val\u00e8ncia: 3 casos. origen social<\/p>\n\n\n\n<p class=\"wp-block-paragraph\">\u00b7 Oriola: 3 casos. \u00e0mbit educatiu<\/p>\n\n\n\n<p class=\"wp-block-paragraph\">\u00b7 Ontinyent: 5 casos. origen social<\/p>\n\n\n\n<p class=\"wp-block-paragraph\">\u00b7 Elx: 4 casos. origen social<\/p>\n\n\n\n<p class=\"wp-block-paragraph\">\u00b7 Val\u00e8ncia: 3 casos. origen social<\/p>\n\n\n\n<p class=\"wp-block-paragraph\">\u00b7 Calp: 5 casos. \u00e0mbit educatiu<\/p>\n\n\n\n<p class=\"wp-block-paragraph\">\u00b7 X\u00e0tiva: 4 casos. origen social<\/p>\n\n\n\n<p class=\"wp-block-paragraph\">\u00b7 Val\u00e8ncia: 4 casos. origen social<\/p>\n\n\n\n<p class=\"wp-block-paragraph\">\u00b7 Val\u00e8ncia: 7 casos. origen social<\/p>\n\n\n\n<p class=\"wp-block-paragraph\">\u00b7 Val\u00e8ncia: 3 casos. origen laboral<\/p>\n\n\n\n<p class=\"wp-block-paragraph\">\u00b7 Castell\u00f3 (abans Castell\u00f3 de la Ribera): 4 casos. origen social<\/p>\n\n\n\n<p class=\"wp-block-paragraph\">\u00b7 Requena: 4 casos. origen social<\/p>\n\n\n\n<p class=\"wp-block-paragraph\">\u00b7 L&#8217;Alf\u00e0s del Pi: 4 casos. origen social<\/p>\n\n\n\n<p class=\"wp-block-paragraph\">\u00b7 Quart de Poblet: 4 casos. origen laboral<\/p>\n","protected":false},"excerpt":{"rendered":"<div class=\"mh-excerpt\">Per prov\u00edncies, s&#8217;han detectat 133 nous casos a Castell\u00f3, 639 a Alacant i 911 a Val\u00e8ncia. a m\u00e9s de 7 sense assignar La Conselleria de Sanitat Universal i Salut P\u00fablic ha registrat 1.690 nous contagis <a class=\"mh-excerpt-more\" href=\"https:\/\/tucomarca.whitekongsoftware.com\/ca\/godelleta-aporta-6-casos-de-lambit-educatiu-i-requena-i-castello-altres-4-i-4-dorigen-social-als-ultims-contagis-de-coronavirus-a-linterior-de-la-comunitat\/\" title=\"Godelleta aporta 6 casos de l&#8217;\u00e0mbit educatiu i Requena i Castell\u00f3 altres 4 i 4 d&#8217;origen social als \u00faltims contagis de coronavirus a l&#8217;interior de la Comunitat\">[+] <\/a><\/div>\n","protected":false},"author":1,"featured_media":117121,"comment_status":"open","ping_status":"open","sticky":false,"template":"","format":"standard","meta":{"footnotes":""},"categories":[11010,12202,10898,10977,10948,10894,10912,10902,10903,10947,10909,10896,10897,11052],"tags":[11939,11940,11952,11087,10914,11077,12417],"class_list":["post-117132","post","type-post","status-publish","format-standard","has-post-thumbnail","category-canal-salud","category-covid-19-ca","category-ventana-ca","category-godelleta-ca","category-infraestructuras-ca","category-la-comarca-ca","category-la-hoya-ca","category-la-ribera-ca","category-medio-ambiente-la-comarca-ca","category-politica","category-requena-utiel-ca","category-seccion-ca","category-sucesos-la-comarca-ca","category-villanueva-de-castellon-ca","tag-coronavirus-ca","tag-covid-19-ca","tag-covid2019-ca","tag-godelleta-ca","tag-la-hoya-de-bunol-chiva-ca","tag-la-ribera-alta-ca","tag-villanueva-de-castellon-ca"],"_links":{"self":[{"href":"https:\/\/tucomarca.whitekongsoftware.com\/ca\/wp-json\/wp\/v2\/posts\/117132","targetHints":{"allow":["GET"]}}],"collection":[{"href":"https:\/\/tucomarca.whitekongsoftware.com\/ca\/wp-json\/wp\/v2\/posts"}],"about":[{"href":"https:\/\/tucomarca.whitekongsoftware.com\/ca\/wp-json\/wp\/v2\/types\/post"}],"author":[{"embeddable":true,"href":"https:\/\/tucomarca.whitekongsoftware.com\/ca\/wp-json\/wp\/v2\/users\/1"}],"replies":[{"embeddable":true,"href":"https:\/\/tucomarca.whitekongsoftware.com\/ca\/wp-json\/wp\/v2\/comments?post=117132"}],"version-history":[{"count":0,"href":"https:\/\/tucomarca.whitekongsoftware.com\/ca\/wp-json\/wp\/v2\/posts\/117132\/revisions"}],"wp:featuredmedia":[{"embeddable":true,"href":"https:\/\/tucomarca.whitekongsoftware.com\/ca\/wp-json\/wp\/v2\/media\/117121"}],"wp:attachment":[{"href":"https:\/\/tucomarca.whitekongsoftware.com\/ca\/wp-json\/wp\/v2\/media?parent=117132"}],"wp:term":[{"taxonomy":"category","embeddable":true,"href":"https:\/\/tucomarca.whitekongsoftware.com\/ca\/wp-json\/wp\/v2\/categories?post=117132"},{"taxonomy":"post_tag","embeddable":true,"href":"https:\/\/tucomarca.whitekongsoftware.com\/ca\/wp-json\/wp\/v2\/tags?post=117132"}],"curies":[{"name":"wp","href":"https:\/\/api.w.org\/{rel}","templated":true}]}}