{"id":117085,"date":"2020-10-25T09:00:38","date_gmt":"2020-10-25T07:00:38","guid":{"rendered":"http:\/\/www.tucomarca.com\/wordpress\/segunda\/?p=117085"},"modified":"2020-10-26T12:05:20","modified_gmt":"2020-10-26T10:05:20","slug":"lajuntament-de-millars-anuncia-la-licitacio-del-seu-alberg-municipal","status":"publish","type":"post","link":"https:\/\/tucomarca.whitekongsoftware.com\/ca\/lajuntament-de-millars-anuncia-la-licitacio-del-seu-alberg-municipal\/","title":{"rendered":"L&#8217;Ajuntament de Millars anuncia la licitaci\u00f3 del seu alberg municipal"},"content":{"rendered":"\n<p class=\"wp-block-paragraph\">Tal com ha fet constar l&#8217;ajuntament del municipi, en una primera fase i fins al 9 de novembre de 2020 a les 14:00 hores, totes les personas\/empresas interessades en la licitaci\u00f3 han de presentar la documentaci\u00f3 de l&#8217;arxiu electr\u00f2nic A (documentaci\u00f3 administrativa). \u00c9s a dir, han de presentar la declaraci\u00f3 responsable per mitj\u00e0 d&#8217;annex que s&#8217;adjunta al plec i la documentaci\u00f3 acreditativa de tindre capacitat per a contractar i solv\u00e8ncia (segons la cl\u00e0usula 7a del Plec de Cl\u00e0usules Administratives Particulars).<\/p>\n\n\n\n<p class=\"wp-block-paragraph\">En termes generals (per a casos particulars llegir detingudament la cl\u00e0usula 7a), han de presentar:<\/p>\n\n\n\n<ol class=\"wp-block-list\"><li>Declaraci\u00f3 responsable, segons model.<\/li><li>DNI i alta en l&#8217;IAE les persones f\u00edsiques i escriptura de constituci\u00f3 inscrita en registre les persones jur\u00eddiques.<\/li><li>Acreditaci\u00f3 de volum anual de negocis superior a 15.000 euros en els \u00faltims tres exercicis, mitjan\u00e7ant comptes anuals aprovats i dipositats en el Registre Mercantil, si la persona empres\u00e0ria est\u00e0 inscrita en el registre, llibres d&#8217;inventaris i comptes anuals legalitzats pel Registre Mercantil.<\/li><li>Una relaci\u00f3 dels principals serveis o treballs realitzats d&#8217;igual o similar naturalesa que els que constituixen l&#8217;objecte de el contracte en el curs de com a m\u00e0xim els tres \u00faltims anys.<\/li><li>T\u00edtols acad\u00e8mics i professionals de la persona empres\u00e0ria i de les persones directives de l&#8217;empresa i, en particular, de les responsables de l&#8217;execuci\u00f3 de l&#8217;contracte.<\/li><li>Declaraci\u00f3 indicant la maquin\u00e0ria, material i equip t\u00e8cnic de qu\u00e8 es disposar\u00e0 per a l&#8217;execuci\u00f3 dels treballs o prestacions.<\/li><li>Indicaci\u00f3 de la part del contracte que la persona empres\u00e0ria t\u00e9 eventualment el prop\u00f2sit de subcontractar, si \u00e9s el cas.<\/li><\/ol>\n\n\n\n<p class=\"wp-block-paragraph\">Per a m\u00e9s informaci\u00f3 cridar al tel\u00e8fon de l&#8217;ajuntament 962519000 o sol\u00b7licitar-la al correu: millaresayuntamiento@gmail.com<\/p>\n","protected":false},"excerpt":{"rendered":"<div class=\"mh-excerpt\">Tal com ha fet constar l&#8217;ajuntament del municipi, en una primera fase i fins al 9 de novembre de 2020 a les 14:00 hores, totes les personas\/empresas interessades en la licitaci\u00f3 han de presentar la <a class=\"mh-excerpt-more\" href=\"https:\/\/tucomarca.whitekongsoftware.com\/ca\/lajuntament-de-millars-anuncia-la-licitacio-del-seu-alberg-municipal\/\" title=\"L&#8217;Ajuntament de Millars anuncia la licitaci\u00f3 del seu alberg municipal\">[+] <\/a><\/div>\n","protected":false},"author":12,"featured_media":117084,"comment_status":"open","ping_status":"open","sticky":false,"template":"","format":"standard","meta":{"footnotes":""},"categories":[10948,10963,10894,10970,10947,10896],"tags":[12894,11939,11186],"class_list":["post-117085","post","type-post","status-publish","format-standard","has-post-thumbnail","category-infraestructuras-ca","category-la-canal-de-navarres-ca","category-la-comarca-ca","category-millares-ca","category-politica","category-seccion-ca","tag-albergue-de-millares-ca","tag-coronavirus-ca","tag-millares-ca"],"_links":{"self":[{"href":"https:\/\/tucomarca.whitekongsoftware.com\/ca\/wp-json\/wp\/v2\/posts\/117085","targetHints":{"allow":["GET"]}}],"collection":[{"href":"https:\/\/tucomarca.whitekongsoftware.com\/ca\/wp-json\/wp\/v2\/posts"}],"about":[{"href":"https:\/\/tucomarca.whitekongsoftware.com\/ca\/wp-json\/wp\/v2\/types\/post"}],"author":[{"embeddable":true,"href":"https:\/\/tucomarca.whitekongsoftware.com\/ca\/wp-json\/wp\/v2\/users\/12"}],"replies":[{"embeddable":true,"href":"https:\/\/tucomarca.whitekongsoftware.com\/ca\/wp-json\/wp\/v2\/comments?post=117085"}],"version-history":[{"count":0,"href":"https:\/\/tucomarca.whitekongsoftware.com\/ca\/wp-json\/wp\/v2\/posts\/117085\/revisions"}],"wp:featuredmedia":[{"embeddable":true,"href":"https:\/\/tucomarca.whitekongsoftware.com\/ca\/wp-json\/wp\/v2\/media\/117084"}],"wp:attachment":[{"href":"https:\/\/tucomarca.whitekongsoftware.com\/ca\/wp-json\/wp\/v2\/media?parent=117085"}],"wp:term":[{"taxonomy":"category","embeddable":true,"href":"https:\/\/tucomarca.whitekongsoftware.com\/ca\/wp-json\/wp\/v2\/categories?post=117085"},{"taxonomy":"post_tag","embeddable":true,"href":"https:\/\/tucomarca.whitekongsoftware.com\/ca\/wp-json\/wp\/v2\/tags?post=117085"}],"curies":[{"name":"wp","href":"https:\/\/api.w.org\/{rel}","templated":true}]}}