{"id":117020,"date":"2020-10-24T08:30:51","date_gmt":"2020-10-24T06:30:51","guid":{"rendered":"http:\/\/www.tucomarca.com\/wordpress\/segunda\/?p=117020"},"modified":"2020-10-24T14:23:03","modified_gmt":"2020-10-24T12:23:03","slug":"lafargeholcim-apadrina-el-volca-de-agras-i-dos-espais-de-les-hoces-de-lcabriel-per-afavorir-la-seva-conservacio-i-divulgacio","status":"publish","type":"post","link":"https:\/\/tucomarca.whitekongsoftware.com\/ca\/lafargeholcim-apadrina-el-volca-de-agras-i-dos-espais-de-les-hoces-de-lcabriel-per-afavorir-la-seva-conservacio-i-divulgacio\/","title":{"rendered":"LafargeHolcim apadrina el Volc\u00e0 de Agr\u00e1s i dos espais de les Hoces de l&#8217;Cabriel per afavorir la seua conservaci\u00f3 i divulgaci\u00f3"},"content":{"rendered":"\n<p class=\"wp-block-paragraph\">En el marc de la seva aposta per la difusi\u00f3 i conservaci\u00f3 de el patrimoni geol\u00f2gic dels entorns miners en qu\u00e8 opera, LafargeHolcim ha decidit apadrinar -mitjan\u00e7ant el programa de voluntariat &#8220;Apadrina una roca&#8221; de l&#8217;Institut Geol\u00f2gic i Miner d&#8217;Espanya (IGME) &#8211; 2 &#8220;Llocs d&#8217;Inter\u00e8s Geol\u00f2gic (LIG)&#8221; ubicats a la Comunitat Valenciana com s\u00f3n el Volc\u00e0 de Agr\u00e1s, a Cofrentes, i les Hoces de l&#8217;Cabriel.<\/p>\n\n\n\n<p class=\"wp-block-paragraph\">La companyia se suma aix\u00ed a aquesta iniciativa amb la finalitat d&#8217;afavorir la conservaci\u00f3 i divulgaci\u00f3 de tots dos espais. En concret, el Volc\u00e0 de Agr\u00e1s \u00e9s propietat de LafargeHolcim i constitueix un dels afloraments volc\u00e0nics recents a la Comunitat Valenciana, mentre que, en les Hoces de l&#8217;Cabriel, est\u00e0 finalitzant la restauraci\u00f3 de dues pedreres: Santa B\u00e0rbara, a la qual s&#8217;ha creat un aiguamoll i El Voltor, en qu\u00e8 s&#8217;ha instal\u00b7lat un punt d&#8217;alimentaci\u00f3 complement\u00e0ria per a grans \u00e0guiles.<\/p>\n\n\n\n<p class=\"wp-block-paragraph\">Al costat d&#8217;aquests dos LIG, destaquen altres espais a tot el territori nacional com la Platja dels Morts (Almeria), el Volc\u00e0 de el Tur\u00f3 Gros (Ciutat Real), la Llacuna de Medina (Cadis) o el Mass\u00eds de Garraf (Barcelona), escollits per LafargeHolcim b\u00e9 per la vinculaci\u00f3 a la seva activitat o per tractar-se de concessions d&#8217;explotaci\u00f3, propietats o per la proximitat a les seves instal\u00b7lacions.<\/p>\n\n\n\n<p class=\"wp-block-paragraph\">Amb aquesta col\u00b7laboraci\u00f3, la companyia contribueix a la vigil\u00e0ncia dels Llocs d&#8217;Inter\u00e8s Geol\u00f2gic de rellev\u00e0ncia nacional i internacional de pa\u00eds que, pel seu valor cient\u00edfic, did\u00e0ctic, divulgatiu o tur\u00edstic, cal protegir i conservar. A m\u00e9s, es compromet a realitzar un informe anual en qu\u00e8 es reflecteixi qualsevol anomalia o amena\u00e7a a la conservaci\u00f3 dels espais apadrinats, i a incorporar en els projectes d&#8217;explotaci\u00f3 i rehabilitaci\u00f3 elements did\u00e0ctics que donin suport a la divulgaci\u00f3 de l&#8217;inter\u00e8s geol\u00f2gic del seu entorn.<\/p>\n\n\n\n<p class=\"wp-block-paragraph\">Pilar Geg\u00fandez, directora de Medi Ambient i Sostenibilitat dels Recursos de LafargeHolcim Espanya, assenyala que &#8220;els principals recursos naturals dels quals depenem per al desenvolupament de la nostra activitat s\u00f3n mat\u00e8ries primeres minerals procedents de pedreres i, en el nostre cas, moltes d&#8217;elles estan relacionades amb LIG, de manera que ofereixen interessants oportunitats per posar en valor el patrimoni geol\u00f2gic i contribuir al seu coneixement i conservaci\u00f3. I afegeix que &#8220;sota aquest criteri, la pr\u00f2pia Uni\u00f3 Internacional per a la Conservaci\u00f3 de la Naturalesa (UICN), a trav\u00e9s d&#8217;una moci\u00f3, ha demanat als estats membres que conservin els entorns miners amb un valor rellevant pel seu patrimoni natural, ja sigui geol\u00f2gic o biol\u00f2gic &#8220;.<\/p>\n\n\n\n<p class=\"wp-block-paragraph\">Joana Vegas i Ana Cabrera, coordinadores del programa de l&#8217;Institut Geol\u00f2gic i Miner d&#8217;Espanya, afirmen que &#8220;gr\u00e0cies a la implicaci\u00f3 per part de particulars, col\u00b7lectius i empreses, com LafargeHolcim,&#8221; Apadrina una roca &#8220;compta ja amb el suport de 1.765 persones que s&#8217;han realitzat 2.451 apadrinaments i ara, aquesta companyia amb el seu comprom\u00eds \u00e9s pionera amb la conservaci\u00f3 i divulgaci\u00f3 dels Llocs d&#8217;Inter\u00e8s Geol\u00f2gic a Espanya. Aquestes xifres de voluntaris continuen creixent dia a dia gr\u00e0cies a la conscienciaci\u00f3 de que tots podem involucrar-nos activament i col\u00b7laborar amb la protecci\u00f3 d&#8217;aquests espais &#8220;.<\/p>\n\n\n\n<p class=\"wp-block-paragraph\"><strong>12 joies de el patrimoni geol\u00f2gic a con\u00e8ixer en diferents regions del territori<\/strong><\/p>\n\n\n\n<p class=\"wp-block-paragraph\">A Andalusia, la companyia apadrina 3 LIG entre els quals es troben els sediments pliocens de la platja dels Morts (Almeria), pr\u00f2xima a la seva f\u00e0brica de Carboneras; la Laguna de Medina (Cadis), aiguamoll que ha estat possible ampliar gr\u00e0cies a la morfologia resultant de l&#8217;activitat minera a la pedrera Alba-Jerez de la qual s&#8217;abasteix la f\u00e0brica de Jerez de la Frontera i la Falla de la Figuera (Purche- Granada), ubicada a la pedrera Sant Nicolau, un espai recentment restaurat per la companyia.<\/p>\n\n\n\n<p class=\"wp-block-paragraph\">Castella-la Manxa amb sis LIG, \u00e9s la comunitat amb major nombre d&#8217;espais apadrinats, entre els quals destaquen: el Volc\u00e0 de el Tur\u00f3 Gros, pedrera i reclam geotur\u00edstic de la comarca del Camp de Calatrava que acull el Volc\u00e0-Museu; el jaciment paleontol\u00f2gic de l&#8217;Mioc\u00e8 superior a Cendejas de la Torre (Guadalajara), pr\u00f2xim a una pedrera i instal\u00b7lacions d&#8217;una antiga f\u00e0brica de ciment; la secci\u00f3 de l&#8217;Plioc\u00e8 a Pont Bruna i les relacions amb els volcans Cabezo Segura i La Torrecilla, a prop de la pedrera de Dolors (Ciudad Real) i el jaciment paleontol\u00f2gic en un farciment c\u00e0rstic de l&#8217;Mioc\u00e8 terminal a Algora (Guadalajara). En Villaluenga de la Sagra (Toledo), destaquen el jaciment paleontol\u00f2gic de l&#8217;Mioc\u00e8 i el tur\u00f3 testimoni mioc\u00e8 de la Muntanya de Mag\u00e1n, propietat de LafargeHolcim i propers a la seva f\u00e0brica de Villaluenga.<\/p>\n\n\n\n<p class=\"wp-block-paragraph\">Finalment, a Catalunya, la companyia apadrina el Mass\u00eds de Garraf (Barcelona), un conjunt de muntanyes baixes, amb altures m\u00e0ximes al voltant dels 600 metres, on se situa el seu planter Les Coves, en un espai molt proper a la seva f\u00e0brica de Montcada i Reixac.<\/p>\n","protected":false},"excerpt":{"rendered":"<div class=\"mh-excerpt\">En el marc de la seva aposta per la difusi\u00f3 i conservaci\u00f3 de el patrimoni geol\u00f2gic dels entorns miners en qu\u00e8 opera, LafargeHolcim ha decidit apadrinar -mitjan\u00e7ant el programa de voluntariat &#8220;Apadrina una roca&#8221; de <a class=\"mh-excerpt-more\" href=\"https:\/\/tucomarca.whitekongsoftware.com\/ca\/lafargeholcim-apadrina-el-volca-de-agras-i-dos-espais-de-les-hoces-de-lcabriel-per-afavorir-la-seva-conservacio-i-divulgacio\/\" title=\"LafargeHolcim apadrina el Volc\u00e0 de Agr\u00e1s i dos espais de les Hoces de l&#8217;Cabriel per afavorir la seua conservaci\u00f3 i divulgaci\u00f3\">[+] <\/a><\/div>\n","protected":false},"author":1,"featured_media":116953,"comment_status":"open","ping_status":"open","sticky":false,"template":"","format":"standard","meta":{"footnotes":""},"categories":[10951,10955,10948,10894,10909,10896],"tags":[10540,11216,10910,10387],"class_list":["post-117020","post","type-post","status-publish","format-standard","has-post-thumbnail","category-ayora-cofrentes-ca","category-cofrentes-ca","category-infraestructuras-ca","category-la-comarca-ca","category-requena-utiel-ca","category-seccion-ca","tag-ayora-cofrentes","tag-ayora-cofrentes-ca","tag-requena-utiel-ca","tag-requena-utiel"],"_links":{"self":[{"href":"https:\/\/tucomarca.whitekongsoftware.com\/ca\/wp-json\/wp\/v2\/posts\/117020","targetHints":{"allow":["GET"]}}],"collection":[{"href":"https:\/\/tucomarca.whitekongsoftware.com\/ca\/wp-json\/wp\/v2\/posts"}],"about":[{"href":"https:\/\/tucomarca.whitekongsoftware.com\/ca\/wp-json\/wp\/v2\/types\/post"}],"author":[{"embeddable":true,"href":"https:\/\/tucomarca.whitekongsoftware.com\/ca\/wp-json\/wp\/v2\/users\/1"}],"replies":[{"embeddable":true,"href":"https:\/\/tucomarca.whitekongsoftware.com\/ca\/wp-json\/wp\/v2\/comments?post=117020"}],"version-history":[{"count":0,"href":"https:\/\/tucomarca.whitekongsoftware.com\/ca\/wp-json\/wp\/v2\/posts\/117020\/revisions"}],"wp:featuredmedia":[{"embeddable":true,"href":"https:\/\/tucomarca.whitekongsoftware.com\/ca\/wp-json\/wp\/v2\/media\/116953"}],"wp:attachment":[{"href":"https:\/\/tucomarca.whitekongsoftware.com\/ca\/wp-json\/wp\/v2\/media?parent=117020"}],"wp:term":[{"taxonomy":"category","embeddable":true,"href":"https:\/\/tucomarca.whitekongsoftware.com\/ca\/wp-json\/wp\/v2\/categories?post=117020"},{"taxonomy":"post_tag","embeddable":true,"href":"https:\/\/tucomarca.whitekongsoftware.com\/ca\/wp-json\/wp\/v2\/tags?post=117020"}],"curies":[{"name":"wp","href":"https:\/\/api.w.org\/{rel}","templated":true}]}}