{"id":116919,"date":"2020-10-24T07:55:07","date_gmt":"2020-10-24T05:55:07","guid":{"rendered":"http:\/\/www.tucomarca.com\/wordpress\/segunda\/?p=116919"},"modified":"2020-10-24T14:46:45","modified_gmt":"2020-10-24T12:46:45","slug":"el-circuit-sonora-porta-la-proposta-familiar-de-canta-canalla-a-xest","status":"publish","type":"post","link":"https:\/\/tucomarca.whitekongsoftware.com\/ca\/el-circuit-sonora-porta-la-proposta-familiar-de-canta-canalla-a-xest\/","title":{"rendered":"El circuit Sonora porta la proposta familiar de Canta Canalla a Xest"},"content":{"rendered":"\n<p class=\"wp-block-paragraph\"><strong>El primer dels concerts de la segona edici\u00f3 del circuit Sonora porta a Cheste el grup de m\u00fasica familiar Canta Canalla, finalistes dels Premis Carles Santos 2019&nbsp;<br>El concert tindr\u00e0 lloc el diumenge 25 d&#8217;octubre a les 12.00 hores a l&#8217;\u00e0gora del parc de la Lomiquia<\/strong><\/p>\n\n\n\n<p class=\"wp-block-paragraph\">L&#8217;Institut Valenci\u00e0 de Cultura presenta aquest cap de setmana el primer dels concerts de Sonora, el circuit de la m\u00fasica valenciana que porta per tot el territori als guanyadors i finalistes dels Premis Carles Santos de la M\u00fasica Valenciana. Diumenge 25 d&#8217;octubre, a les 12,00 hores, l&#8217;\u00e0gora del parc de la Lomiquia acollir\u00e0 el concert del grup de m\u00fasica familiar Canta Canalla.&nbsp;<br><br>Cada can\u00e7\u00f3 de Canta Canalla, que van ser finalistes en els Premis Carles Santos 2019 a la categoria de millor disc de m\u00fasica per a fam\u00edlies, \u00e9s una porta, potser la primera, per la qual una xiqueta o un xiquet s&#8217;apunta al fascinant m\u00f3n de la m\u00fasica. Les hist\u00f2ries i els entranyables personatges que omplin els seus dos discos s\u00f3n la metxa que desperta la imaginaci\u00f3 dels menuts a ritme de &#8216;rock&#8217;, &#8216;folk&#8217;, c\u00fambia o &#8216;twist&#8217;.&nbsp;<br><br>L&#8217;acc\u00e9s al concert \u00e9s lliure, per\u00f2 per les mesures de seguretat i aforament per la COVID, \u00e9s necessari inscriure&#8217;s per a aconseguir les invitacions mitjan\u00e7ant el formulari de la web &#8216;circuitsonora.com&#8217;.&nbsp;<br><br><strong>El circuit Sonora<\/strong>&nbsp;<br><br>Sonora, el circuit de la m\u00fasica valenciana, naix en 2019 amb la intenci\u00f3 de portar als finalistes i guanyadors dels Premis Carles Santos de la M\u00fasica Valenciana en un cicle de concerts per tot el territori valenci\u00e0. Enguany, Sonora s&#8217;allargar\u00e0 des del 25 d&#8217;octubre fins al 13 de mar\u00e7 de 2021.&nbsp;<br><br>En aquesta segona edici\u00f3, Sonora tindr\u00e0 28 concerts de 41 artistes en 28 localitats valencianes, totes aquestes integrades en el Circuit Cultural Valenci\u00e0. El circuit Sonora tindr\u00e0 parada a Cheste, Sueca, Ondara, Sollana, Mon\u00f2ver, Guardamar del Segura, Ontinyent, Gandia, Bellreguard, Manises, Benlloc, Alzira, Canals, Picanya, Villena, D\u00e9nia, Tavernes de la Valldigna, Elx, Almassora, Sagunt, Aielo de Malferit, Silla, Bocairent, Sant Mateu, Carcaixent, Vinar\u00f2s, Ll\u00edria i la Pobla de Vallbona.&nbsp;<br><br>Pel que fa als artistes que participen en aquesta edici\u00f3 de Sonora, s\u00f3n Canta Canalla, Ales Cesarini &amp; Payoh Soul Rebel, Jazzmatiks, Tesa, El Hombre Viento, T\u00f3rtel, Capricornio Uno, Mara Aranda, Verdcel, Valira, Insoma, Spanish Brass i Carles D\u00e9nia, Sole Gim\u00e9nez, \u00c0ngela Furquet, Mireia Vilar, Gem, \u00c8lia Casanova i la Tendresa, Ramonets, La Pop, Rodamons, Viktorija Pilatovic, Andr\u00e9s Belmonte, Mafalda, Prozak Soup, El Diluvi, La Trocamba Matanusca, Miquel Gil, Xavier de B\u00e9tera, Badlands, Ed Bloom, Aljub, Tardor, La F\u00famiga, Fran Yera, Funkiwis, El Tio la Careta, Neus Ferri, Sis Veus, Xavi Sarri\u00e0 i Feliu Ventura.<\/p>\n","protected":false},"excerpt":{"rendered":"<div class=\"mh-excerpt\">El primer dels concerts de la segona edici\u00f3 del circuit Sonora porta a Cheste el grup de m\u00fasica familiar Canta Canalla, finalistes dels Premis Carles Santos 2019&nbsp;El concert tindr\u00e0 lloc el diumenge 25 d&#8217;octubre a <a class=\"mh-excerpt-more\" href=\"https:\/\/tucomarca.whitekongsoftware.com\/ca\/el-circuit-sonora-porta-la-proposta-familiar-de-canta-canalla-a-xest\/\" title=\"El circuit Sonora porta la proposta familiar de Canta Canalla a Xest\">[+] <\/a><\/div>\n","protected":false},"author":12,"featured_media":116918,"comment_status":"open","ping_status":"open","sticky":false,"template":"","format":"standard","meta":{"footnotes":""},"categories":[11019,11005,10894,10912,11007,10896,10974],"tags":[11071,10716,12560,12878],"class_list":["post-116919","post","type-post","status-publish","format-standard","has-post-thumbnail","category-agenda-ca","category-canal-musica","category-la-comarca-ca","category-la-hoya-ca","category-ocio-y-cultura-ca","category-seccion-ca","category-cheste-ca","tag-cheste","tag-generalitat-valenciana","tag-ivac","tag-sonora"],"_links":{"self":[{"href":"https:\/\/tucomarca.whitekongsoftware.com\/ca\/wp-json\/wp\/v2\/posts\/116919","targetHints":{"allow":["GET"]}}],"collection":[{"href":"https:\/\/tucomarca.whitekongsoftware.com\/ca\/wp-json\/wp\/v2\/posts"}],"about":[{"href":"https:\/\/tucomarca.whitekongsoftware.com\/ca\/wp-json\/wp\/v2\/types\/post"}],"author":[{"embeddable":true,"href":"https:\/\/tucomarca.whitekongsoftware.com\/ca\/wp-json\/wp\/v2\/users\/12"}],"replies":[{"embeddable":true,"href":"https:\/\/tucomarca.whitekongsoftware.com\/ca\/wp-json\/wp\/v2\/comments?post=116919"}],"version-history":[{"count":0,"href":"https:\/\/tucomarca.whitekongsoftware.com\/ca\/wp-json\/wp\/v2\/posts\/116919\/revisions"}],"wp:featuredmedia":[{"embeddable":true,"href":"https:\/\/tucomarca.whitekongsoftware.com\/ca\/wp-json\/wp\/v2\/media\/116918"}],"wp:attachment":[{"href":"https:\/\/tucomarca.whitekongsoftware.com\/ca\/wp-json\/wp\/v2\/media?parent=116919"}],"wp:term":[{"taxonomy":"category","embeddable":true,"href":"https:\/\/tucomarca.whitekongsoftware.com\/ca\/wp-json\/wp\/v2\/categories?post=116919"},{"taxonomy":"post_tag","embeddable":true,"href":"https:\/\/tucomarca.whitekongsoftware.com\/ca\/wp-json\/wp\/v2\/tags?post=116919"}],"curies":[{"name":"wp","href":"https:\/\/api.w.org\/{rel}","templated":true}]}}