{"id":116894,"date":"2020-10-19T18:00:52","date_gmt":"2020-10-19T16:00:52","guid":{"rendered":"http:\/\/www.tucomarca.com\/wordpress\/segunda\/?p=116894"},"modified":"2020-10-23T14:51:53","modified_gmt":"2020-10-23T12:51:53","slug":"la-conselleria-dhabitatge-i-els-ajuntaments-de-benaguasil-i-algemesi-analitzen-la-situacio-dels-municipis-en-materia-dhabitatge","status":"publish","type":"post","link":"https:\/\/tucomarca.whitekongsoftware.com\/ca\/la-conselleria-dhabitatge-i-els-ajuntaments-de-benaguasil-i-algemesi-analitzen-la-situacio-dels-municipis-en-materia-dhabitatge\/","title":{"rendered":"La Conselleria d&#8217;Habitatge i els ajuntaments de Benaguasil i Algemes\u00ed analitzen la situaci\u00f3 dels municipis en mat\u00e8ria d&#8217;habitatge"},"content":{"rendered":"\n<p class=\"wp-block-paragraph\">Representants de la Vicepresid\u00e8ncia Segona i Conselleria d&#8217;Habitatge i Arquitectura Bioclim\u00e0tica i dels ajuntaments de Benaguasil i Algemes\u00ed han mantingut les trobades respectives per a analitzar la situaci\u00f3 d&#8217;aquests municipis en mat\u00e8ria d&#8217;habitatge. <\/p>\n\n\n\n<p class=\"wp-block-paragraph\">La subdirectora de l&#8217;Entitat Valenciana d&#8217;Habitatge i S\u00f2l (EVHA), Helena Ferrando, s&#8217;ha reunit amb l&#8217;alcalde de Benaguasil, Joaqu\u00edn Segarra, i amb el regidor de Benestar Social, Carlos Bosch, i els ha anunciat l&#8217;adjudicaci\u00f3 pr\u00f2xima de 13 habitatges que es destinaran a lloguer social a fam\u00edlies amb m\u00e9s necessitats residencials del municipi. <\/p>\n\n\n\n<p class=\"wp-block-paragraph\">Aquesta setmana tindr\u00e0 lloc una altra reuni\u00f3 per a revisar i concretar les assignacions dels immobles i, segons ha explicat Helena Ferrando, &#8220;garantir l&#8217;acompanyament necessari perqu\u00e8 aquestes fam\u00edlies tinguen un proc\u00e9s d&#8217;adaptaci\u00f3 adequat i puguen conviure en els blocs sense problemes&#8221;. <\/p>\n\n\n\n<p class=\"wp-block-paragraph\">La subdirectora d&#8217;EVHA ha destacat que l&#8217;Ajuntament de Benaguasil &#8220;ja ha notificat diverses urg\u00e8ncies de fam\u00edlies que requereixen un habitatge i esperem que amb la col\u00b7laboraci\u00f3 de les dues administracions els puguem donar una soluci\u00f3&#8221;. <\/p>\n\n\n\n<p class=\"wp-block-paragraph\">D&#8217;altra banda, Ferrando ha mantingut una altra reuni\u00f3 amb l&#8217;alcaldessa d&#8217;Algemes\u00ed, Marta Trenzano, i la regidora de Pol\u00edtiques Inclusives, Ana Girbes. En l&#8217;actualitat, la Conselleria treballa en la reparaci\u00f3 de nou habitatges que tamb\u00e9 s&#8217;adjudicaran en lloguer social. <\/p>\n\n\n\n<p class=\"wp-block-paragraph\">Un altre dels temes tractats en la reuni\u00f3 ha sigut el del barri del Raval, ja que s&#8217;estan estudiant diverses opcions per a solucionar la problem\u00e0tica social i de seguretat d&#8217;aquests blocs formats per un centenar d&#8217;habitatges en un estat molt deteriorat.<\/p>\n","protected":false},"excerpt":{"rendered":"<div class=\"mh-excerpt\">Representants de la Vicepresid\u00e8ncia Segona i Conselleria d&#8217;Habitatge i Arquitectura Bioclim\u00e0tica i dels ajuntaments de Benaguasil i Algemes\u00ed han mantingut les trobades respectives per a analitzar la situaci\u00f3 d&#8217;aquests municipis en mat\u00e8ria d&#8217;habitatge. La subdirectora <a class=\"mh-excerpt-more\" href=\"https:\/\/tucomarca.whitekongsoftware.com\/ca\/la-conselleria-dhabitatge-i-els-ajuntaments-de-benaguasil-i-algemesi-analitzen-la-situacio-dels-municipis-en-materia-dhabitatge\/\" title=\"La Conselleria d&#8217;Habitatge i els ajuntaments de Benaguasil i Algemes\u00ed analitzen la situaci\u00f3 dels municipis en mat\u00e8ria d&#8217;habitatge\">[+] <\/a><\/div>\n","protected":false},"author":1,"featured_media":116892,"comment_status":"open","ping_status":"open","sticky":false,"template":"","format":"standard","meta":{"footnotes":""},"categories":[10983,10952,10892,10948,10894,10902,10947,10896],"tags":[10409,11081,10429,11136,10395,10899,11077,3640],"class_list":["post-116894","post","type-post","status-publish","format-standard","has-post-thumbnail","category-algemesi-ca","category-benaguasil-ca","category-camp-de-turia-ca","category-infraestructuras-ca","category-la-comarca-ca","category-la-ribera-ca","category-politica","category-seccion-ca","tag-algemesi","tag-algemesi-ca","tag-benaguasil","tag-benaguasil-ca","tag-camp-de-turia","tag-camp-de-turia-ca","tag-la-ribera-alta-ca","tag-la-ribera-alta"],"_links":{"self":[{"href":"https:\/\/tucomarca.whitekongsoftware.com\/ca\/wp-json\/wp\/v2\/posts\/116894","targetHints":{"allow":["GET"]}}],"collection":[{"href":"https:\/\/tucomarca.whitekongsoftware.com\/ca\/wp-json\/wp\/v2\/posts"}],"about":[{"href":"https:\/\/tucomarca.whitekongsoftware.com\/ca\/wp-json\/wp\/v2\/types\/post"}],"author":[{"embeddable":true,"href":"https:\/\/tucomarca.whitekongsoftware.com\/ca\/wp-json\/wp\/v2\/users\/1"}],"replies":[{"embeddable":true,"href":"https:\/\/tucomarca.whitekongsoftware.com\/ca\/wp-json\/wp\/v2\/comments?post=116894"}],"version-history":[{"count":0,"href":"https:\/\/tucomarca.whitekongsoftware.com\/ca\/wp-json\/wp\/v2\/posts\/116894\/revisions"}],"wp:featuredmedia":[{"embeddable":true,"href":"https:\/\/tucomarca.whitekongsoftware.com\/ca\/wp-json\/wp\/v2\/media\/116892"}],"wp:attachment":[{"href":"https:\/\/tucomarca.whitekongsoftware.com\/ca\/wp-json\/wp\/v2\/media?parent=116894"}],"wp:term":[{"taxonomy":"category","embeddable":true,"href":"https:\/\/tucomarca.whitekongsoftware.com\/ca\/wp-json\/wp\/v2\/categories?post=116894"},{"taxonomy":"post_tag","embeddable":true,"href":"https:\/\/tucomarca.whitekongsoftware.com\/ca\/wp-json\/wp\/v2\/tags?post=116894"}],"curies":[{"name":"wp","href":"https:\/\/api.w.org\/{rel}","templated":true}]}}