{"id":116810,"date":"2020-10-22T18:00:28","date_gmt":"2020-10-22T16:00:28","guid":{"rendered":"http:\/\/www.tucomarca.com\/wordpress\/segunda\/?p=116810"},"modified":"2020-10-23T01:35:53","modified_gmt":"2020-10-22T23:35:53","slug":"guadassuar-algemesi-xiva-aiora-xest-i-anna-aporten-13-9-5-5-3-i-3-casos-respectivament-als-1-060-nous-contagis-de-coronavirus-a-la-comunitat","status":"publish","type":"post","link":"https:\/\/tucomarca.whitekongsoftware.com\/ca\/guadassuar-algemesi-xiva-aiora-xest-i-anna-aporten-13-9-5-5-3-i-3-casos-respectivament-als-1-060-nous-contagis-de-coronavirus-a-la-comunitat\/","title":{"rendered":"Guadassuar, Algemes\u00ed, Xiva, Aiora, Xest i Anna aporten 13, 9, 5, 5, 3 i 3 casos, respectivament, als 1.060 nous contagis de coronavirus a la Comunitat"},"content":{"rendered":"\n<p class=\"wp-block-paragraph\">La Comunitat Valenciana ha registrat 1.060 casos confirmats per prova PCR o mitjan\u00e7ant test d&#8217;ant\u00edgens, que situen la xifra total de positius en 52.676 persones. Per prov\u00edncies, la distribuci\u00f3 \u00e9s la seg\u00fcent: 85 a Castell\u00f3 (5.621 en total); 437 a Alacant (17.939 en total), i 538 a la prov\u00edncia de Val\u00e8ncia (29.109 en total). A m\u00e9s, el nombre total de pacients sense assignar es mant\u00e9 en 7.\n\nPer la seva banda, des de l&#8217;\u00faltima actualitzaci\u00f3 s&#8217;han registrat 679 altes a pacients amb coronavirus, de manera que el total de persones curades des de l&#8217;inici de la pand\u00e8mia se situa en 53.671: 6.117 a Castell\u00f3, 17.973 a Alacant i 29.535 a Val\u00e8ncia. A m\u00e9s, el total d&#8217;altes sense assignaci\u00f3 \u00e9s de 46.\n\nD&#8217;aquesta manera, a hores d&#8217;ara hi ha actius 7.109 casos, fet que suposa un 11,37% del total de positius.\n\nEls hospitals valencians tenen, actualment, 766 persones ingressades: 70 a la prov\u00edncia de Castell\u00f3, amb 10 pacients en UCI; 261 a la prov\u00edncia d&#8217;Alacant, 52 d&#8217;ells a l&#8217;UCI; i 435 a la prov\u00edncia de Val\u00e8ncia, 55 d&#8217;ells en UCI.\n\nD&#8217;altra banda, s&#8217;han registrat 10 defuncions per coronavirus des de l&#8217;\u00faltima actualitzaci\u00f3, de manera que el total de defuncions \u00e9s de 1.753 persones: 256 a la prov\u00edncia de Castell\u00f3, 606 a la d&#8217;Alacant i 891 a la de Val\u00e8ncia.\n\nEl nombre total de proves dutes a terme per a la detecci\u00f3 de l&#8217;coronavirus ascendeix a 1.290.827, de les quals 1.135.620 han estat a trav\u00e9s de PCR i 155.207 mitjan\u00e7ant test r\u00e0pid.\n\nActualitzaci\u00f3 de la situaci\u00f3 en resid\u00e8ncies\n\nA dia d&#8217;avui, hi ha algun cas positiu en 30 resid\u00e8ncies de majors (4 a la prov\u00edncia de Castell\u00f3, 9 a la prov\u00edncia d&#8217;Alacant i 17 a la prov\u00edncia de Val\u00e8ncia), 6 centres de diversitat funcional (2 a la prov\u00edncia de Castell\u00f3 i 4 a la prov\u00edncia de Val\u00e8ncia), i 1 centre de menors (a la prov\u00edncia d&#8217;Alacant).\n\n&#8211; Residents nous positius: 10\n\n&#8211; Treballadors i treballadores nous positius: 17\n\n&#8211; Residents que han mort: 4\n\nActualment, es troben sota vigil\u00e0ncia activa de control sanitari 8 resid\u00e8ncies a la Comunitat Valenciana: 1 a la prov\u00edncia de Castell\u00f3, 1 a la prov\u00edncia d&#8217;Alacant i 6 a la prov\u00edncia de Val\u00e8ncia.\n\nActualitzaci\u00f3 brots de coronavirus\n\nNous brots:\n\n\u00b7 Benic\u00e0ssim: 3 casos. origen social\n\n\u00b7 Castell\u00f3 de la Plana: 4 casos. origen social\n\n\u00b7 Castell\u00f3 de la Plana: 9 casos. origen social\n\n\u00b7 Castell\u00f3 de la Plana: 3 casos. origen social\n\n\u00b7 Castell\u00f3 de la Plana: 7 casos. origen laboral\n\n\u00b7 Vinar\u00f2s: 6 casos. origen social\n\n\u00b7 Guadassuar: 5 casos. origen social\n\n\u00b7 Guadassuar: 3 casos. origen social\n\n\u00b7 Guadassuar: 5 casos. origen laboral\n\n\u00b7 Chiva: 5 casos. origen social\n\n\u00b7 Elx: 4 casos. origen social\n\n\u00b7 Ontinyent: 6 casos. origen social\n\n\u00b7 Crevillent: 3 casos. origen social\n\n\u00b7 Benifai\u00f3: 3 casos. origen social\n\n\u00b7 Algemes\u00ed: 9 casos. origen social\n\n\u00b7 Alaqu\u00e0s: 4 casos. origen social\n\n\u00b7 Torrevella: 3 casos. origen social\n\n\u00b7 Alcalal\u00ed: 4 casos. origen social\n\n\u00b7 Cullera: 4 casos. origen social\n\n\u00b7 Quart de Poblet: 12 casos. origen social\n\n\u00b7 Albal: 4 casos. origen social\n\n\u00b7 Riola: 4 casos. origen social\n\n\u00b7 Xest: 3 casos. Origen centre educatiu\n\n\u00b7 Catarroja: 4 casos. origen social\n\n\u00b7 Santa Pola: 3 casos. origen social\n\n\u00b7 Benej\u00fazar: 3 casos. origen social\n\n\u00b7 Ontinyent: 4 casos. origen social\n\n\u00b7 Anna: 3 casos. origen social\n\n\u00b7 D\u00e9nia: 4 casos. origen laboral\n\n\u00b7 X\u00e0tiva: 4 casos. origen social\n\n\u00b7 Ayora: 5 casos. origen social\n\n\u00b7 Paterna: 3 casos. origen social\n\n\u00b7 Ibi: 3 casos. origen social\n\n\u00b7 Rafelbunyol: 3 casos. origen social\n\n\u00b7 Albuixech: 3 casos. origen social\n\n\u00b7 Benissan\u00f3: 3 casos. origen laboral\n\n\u00b7 Val\u00e8ncia: 6 casos. origen laboral\n\n\u00b7 Val\u00e8ncia: 4 casos. origen social\n\n\u00b7 Val\u00e8ncia: 7 casos. origen laboral\n\n\u00b7 Val\u00e8ncia: 3 casos. origen social\n\n\u00b7 Val\u00e8ncia: 3 casos. origen social\n\n\u00b7 Val\u00e8ncia: 4 casos. origen social\n\n\u00b7 Val\u00e8ncia: 6 casos. origen laboral\n\n\u00b7 Val\u00e8ncia: 4 casos. origen social\n\n\u00b7 Val\u00e8ncia: 3 casos. origen social\n\n\u00b7 Val\u00e8ncia: 4 casos. origen social\n\n\u00b7 Val\u00e8ncia: 3 casos. origen social\n\n\u00b7 Val\u00e8ncia: 9 casos. origen social\n\n\u00b7 Val\u00e8ncia: 4 casos. origen social<\/p>\n","protected":false},"excerpt":{"rendered":"<div class=\"mh-excerpt\">La Comunitat Valenciana ha registrat 1.060 casos confirmats per prova PCR o mitjan\u00e7ant test d&#8217;ant\u00edgens, que situen la xifra total de positius en 52.676 persones. Per prov\u00edncies, la distribuci\u00f3 \u00e9s la seg\u00fcent: 85 a Castell\u00f3 <a class=\"mh-excerpt-more\" href=\"https:\/\/tucomarca.whitekongsoftware.com\/ca\/guadassuar-algemesi-xiva-aiora-xest-i-anna-aporten-13-9-5-5-3-i-3-casos-respectivament-als-1-060-nous-contagis-de-coronavirus-a-la-comunitat\/\" title=\"Guadassuar, Algemes\u00ed, Xiva, Aiora, Xest i Anna aporten 13, 9, 5, 5, 3 i 3 casos, respectivament, als 1.060 nous contagis de coronavirus a la Comunitat\">[+] <\/a><\/div>\n","protected":false},"author":1,"featured_media":116166,"comment_status":"open","ping_status":"open","sticky":false,"template":"","format":"standard","meta":{"footnotes":""},"categories":[10983,10964,10987,10898,10994,10963,10912,10902,10974,10975],"tags":[11216,11071,11939,11940,10914,11077],"class_list":["post-116810","post","type-post","status-publish","format-standard","has-post-thumbnail","category-algemesi-ca","category-anna-ca","category-benifaio-ca","category-ventana-ca","category-guadassuar-ca","category-la-canal-de-navarres-ca","category-la-hoya-ca","category-la-ribera-ca","category-cheste-ca","category-chiva-ca","tag-ayora-cofrentes-ca","tag-cheste","tag-coronavirus-ca","tag-covid-19-ca","tag-la-hoya-de-bunol-chiva-ca","tag-la-ribera-alta-ca"],"_links":{"self":[{"href":"https:\/\/tucomarca.whitekongsoftware.com\/ca\/wp-json\/wp\/v2\/posts\/116810","targetHints":{"allow":["GET"]}}],"collection":[{"href":"https:\/\/tucomarca.whitekongsoftware.com\/ca\/wp-json\/wp\/v2\/posts"}],"about":[{"href":"https:\/\/tucomarca.whitekongsoftware.com\/ca\/wp-json\/wp\/v2\/types\/post"}],"author":[{"embeddable":true,"href":"https:\/\/tucomarca.whitekongsoftware.com\/ca\/wp-json\/wp\/v2\/users\/1"}],"replies":[{"embeddable":true,"href":"https:\/\/tucomarca.whitekongsoftware.com\/ca\/wp-json\/wp\/v2\/comments?post=116810"}],"version-history":[{"count":0,"href":"https:\/\/tucomarca.whitekongsoftware.com\/ca\/wp-json\/wp\/v2\/posts\/116810\/revisions"}],"wp:featuredmedia":[{"embeddable":true,"href":"https:\/\/tucomarca.whitekongsoftware.com\/ca\/wp-json\/wp\/v2\/media\/116166"}],"wp:attachment":[{"href":"https:\/\/tucomarca.whitekongsoftware.com\/ca\/wp-json\/wp\/v2\/media?parent=116810"}],"wp:term":[{"taxonomy":"category","embeddable":true,"href":"https:\/\/tucomarca.whitekongsoftware.com\/ca\/wp-json\/wp\/v2\/categories?post=116810"},{"taxonomy":"post_tag","embeddable":true,"href":"https:\/\/tucomarca.whitekongsoftware.com\/ca\/wp-json\/wp\/v2\/tags?post=116810"}],"curies":[{"name":"wp","href":"https:\/\/api.w.org\/{rel}","templated":true}]}}