{"id":116805,"date":"2020-10-22T23:46:26","date_gmt":"2020-10-22T21:46:26","guid":{"rendered":"http:\/\/www.tucomarca.com\/wordpress\/segunda\/?p=116805"},"modified":"2020-11-03T13:04:21","modified_gmt":"2020-11-03T12:04:21","slug":"video-entrevista-el-president-del-cd-bunyol-paco-zanon-analitza-lestat-del-club-en-larrencada-de-la-temporada-2020-21","status":"publish","type":"post","link":"https:\/\/tucomarca.whitekongsoftware.com\/ca\/video-entrevista-el-president-del-cd-bunyol-paco-zanon-analitza-lestat-del-club-en-larrencada-de-la-temporada-2020-21\/","title":{"rendered":"V\u00eddeo entrevista: el president del CD Bunyol, Paco Zan\u00f3n, analitza l&#8217;estat del club en l&#8217;arrencada de la temporada 2020-21"},"content":{"rendered":"\n<figure class=\"wp-block-embed-youtube wp-block-embed is-type-video is-provider-youtube wp-embed-aspect-16-9 wp-has-aspect-ratio\"><div class=\"wp-block-embed__wrapper\">\n<iframe loading=\"lazy\" title=\"V\u00eddeo entrevista: el presidente del CD Bu\u00f1ol analiza el estado del club en el arranque liguero\" width=\"500\" height=\"281\" src=\"https:\/\/www.youtube.com\/embed\/ZnL-ut6vKdQ?feature=oembed\" frameborder=\"0\" allow=\"accelerometer; autoplay; clipboard-write; encrypted-media; gyroscope; picture-in-picture; web-share\" referrerpolicy=\"strict-origin-when-cross-origin\" allowfullscreen><\/iframe>\n<\/div><\/figure>\n\n\n\n<p class=\"wp-block-paragraph\">V\u00eddeo entrevista: el president de el Club Esportiu Bunyol, Paco Zan\u00f3n, analitza l&#8217;estat de l&#8217;entitat en l&#8217;arrencada de la temporada de lliga 2020-21; repassa els integrants de la plantilla que l&#8217;any passat va aconseguir el campionat i valora les \u00faltimes vict\u00f2ries que han portat a un equip de Regional Preferent com el CD Bunyol a un pas de participar a la Copa de Sa Majestat El Rei 2020-21. Tot aix\u00f2 a l&#8217;espera de l&#8217;arribada d&#8217;un any 2021 en qu\u00e8 el club complir\u00e0 els seus primers cent anys de vida.<\/p>\n","protected":false},"excerpt":{"rendered":"<div class=\"mh-excerpt\">V\u00eddeo entrevista: el president de el Club Esportiu Bunyol, Paco Zan\u00f3n, analitza l&#8217;estat de l&#8217;entitat en l&#8217;arrencada de la temporada de lliga 2020-21; repassa els integrants de la plantilla que l&#8217;any passat va aconseguir el <a class=\"mh-excerpt-more\" href=\"https:\/\/tucomarca.whitekongsoftware.com\/ca\/video-entrevista-el-president-del-cd-bunyol-paco-zanon-analitza-lestat-del-club-en-larrencada-de-la-temporada-2020-21\/\" title=\"V\u00eddeo entrevista: el president del CD Bunyol, Paco Zan\u00f3n, analitza l&#8217;estat del club en l&#8217;arrencada de la temporada 2020-21\">[+] <\/a><\/div>\n","protected":false},"author":1,"featured_media":116802,"comment_status":"open","ping_status":"open","sticky":false,"template":"","format":"video","meta":{"footnotes":""},"categories":[10911,11015,11003,10912,10896,11062],"tags":[11126,537,11264,10661,10914,5952],"class_list":["post-116805","post","type-post","status-publish","format-video","has-post-thumbnail","category-bunol-ca","category-canal-futbol","category-sports","category-la-hoya-ca","category-seccion-ca","category-videos","tag-cd-bunol-ca","tag-cd-bunol","tag-esports-ca","tag-esports","tag-la-hoya-de-bunol-chiva-ca","tag-la-hoya-de-bunol-chiva","post_format-post-format-video"],"_links":{"self":[{"href":"https:\/\/tucomarca.whitekongsoftware.com\/ca\/wp-json\/wp\/v2\/posts\/116805","targetHints":{"allow":["GET"]}}],"collection":[{"href":"https:\/\/tucomarca.whitekongsoftware.com\/ca\/wp-json\/wp\/v2\/posts"}],"about":[{"href":"https:\/\/tucomarca.whitekongsoftware.com\/ca\/wp-json\/wp\/v2\/types\/post"}],"author":[{"embeddable":true,"href":"https:\/\/tucomarca.whitekongsoftware.com\/ca\/wp-json\/wp\/v2\/users\/1"}],"replies":[{"embeddable":true,"href":"https:\/\/tucomarca.whitekongsoftware.com\/ca\/wp-json\/wp\/v2\/comments?post=116805"}],"version-history":[{"count":0,"href":"https:\/\/tucomarca.whitekongsoftware.com\/ca\/wp-json\/wp\/v2\/posts\/116805\/revisions"}],"wp:featuredmedia":[{"embeddable":true,"href":"https:\/\/tucomarca.whitekongsoftware.com\/ca\/wp-json\/wp\/v2\/media\/116802"}],"wp:attachment":[{"href":"https:\/\/tucomarca.whitekongsoftware.com\/ca\/wp-json\/wp\/v2\/media?parent=116805"}],"wp:term":[{"taxonomy":"category","embeddable":true,"href":"https:\/\/tucomarca.whitekongsoftware.com\/ca\/wp-json\/wp\/v2\/categories?post=116805"},{"taxonomy":"post_tag","embeddable":true,"href":"https:\/\/tucomarca.whitekongsoftware.com\/ca\/wp-json\/wp\/v2\/tags?post=116805"}],"curies":[{"name":"wp","href":"https:\/\/api.w.org\/{rel}","templated":true}]}}