{"id":116765,"date":"2020-10-22T10:10:33","date_gmt":"2020-10-22T08:10:33","guid":{"rendered":"http:\/\/www.tucomarca.com\/wordpress\/segunda\/?p=116765"},"modified":"2020-10-22T17:39:49","modified_gmt":"2020-10-22T15:39:49","slug":"la-pobla-de-vallbona-sadherix-al-fons-valencia-per-la-solidaritat","status":"publish","type":"post","link":"https:\/\/tucomarca.whitekongsoftware.com\/ca\/la-pobla-de-vallbona-sadherix-al-fons-valencia-per-la-solidaritat\/","title":{"rendered":"La Pobla de Vallbona s\u2019adherix al Fons Valenci\u00e0 per la Solidaritat"},"content":{"rendered":"\n<h4 class=\"wp-block-heading\">La Pobla \u00e9s el primer municipi de Camp de T\u00faria en adherir-se al Fons de Solidaritat<\/h4>\n\n\n\n<p class=\"wp-block-paragraph\">L\u2019Ajuntament de la Pobla de Vallbona s\u2019ha adherit al Fons Valenci\u00e0 per la Solidaritat, l\u2019entitat municipalista que aglutina els recursos econ\u00f2mics destinats a la cooperaci\u00f3 de les entitats locals de la Comunitat Valenciana. La Pobla es convertix aix\u00ed en el primer municipi de la comarca de Camp de T\u00faria en formar part d\u2019este fons.<\/p>\n\n\n\n<p class=\"wp-block-paragraph\">El municipi del Camp de T\u00faria, amb l\u2019alta com a soci al Fons Valenci\u00e0, manifesta la seua voluntat de contribuir des de l\u2019\u00e0mbit valenci\u00e0 al desenvolupament dels pa\u00efsos del Sud i fer-ho des de l\u2019enfortiment de la cooperaci\u00f3 descentralitzada i del moviment municipalista, sent conscients de la seua transcend\u00e8ncia en la construcci\u00f3 d\u2019una societat m\u00e9s justa i democr\u00e0tica. L\u2019Ajuntament de la Pobla de Vallbona assumeix, per tant, el comprom\u00eds de dotar pressupost\u00e0riament una partida anual per a projectes de cooperaci\u00f3 internacional i d\u2019educaci\u00f3 al desenvolupament a realitzar mitjan\u00e7ant el Fons Valenci\u00e0.<\/p>\n\n\n\n<p class=\"wp-block-paragraph\">Amb la incorporaci\u00f3 del municipi valenci\u00e0 de la Pobla de Vallbona, el Fons Valenci\u00e0 augmenta el nombre de socis a 124, sent d\u2019aquests 115 Ajuntaments i 9 Mancomunitats, i supera com a socis el 20% del total de municipis de la Comunitat Valenciana&nbsp; i el 50% de la poblaci\u00f3<\/p>\n\n\n\n<p class=\"wp-block-paragraph\">La Regidora de Drets Civils i Igualtat de l\u2019Ajuntament de la Pobla de Vallbona, Regina Llavata, ha manifestat que \u201cl\u2019adhesi\u00f3 al Fons Valenci\u00e0 \u00e9s la materialitzaci\u00f3 del car\u00e0cter solidari del municipi i del seu ve\u00efnat, els quals estem profundament compromesos amb la societat i amb els Objectius de Desenvolupament Sostenible\u201d. A m\u00e9s a m\u00e9s afegeix que \u201cformar part del Fons \u00e9s un valor diferencial ja que es posa de manifest l\u2019acci\u00f3 local front a problemes globals\u201d.<\/p>\n","protected":false},"excerpt":{"rendered":"<div class=\"mh-excerpt\">La Pobla \u00e9s el primer municipi de Camp de T\u00faria en adherir-se al Fons de Solidaritat L\u2019Ajuntament de la Pobla de Vallbona s\u2019ha adherit al Fons Valenci\u00e0 per la Solidaritat, l\u2019entitat municipalista que aglutina els <a class=\"mh-excerpt-more\" href=\"https:\/\/tucomarca.whitekongsoftware.com\/ca\/la-pobla-de-vallbona-sadherix-al-fons-valencia-per-la-solidaritat\/\" title=\"La Pobla de Vallbona s\u2019adherix al Fons Valenci\u00e0 per la Solidaritat\">[+] <\/a><\/div>\n","protected":false},"author":12,"featured_media":116761,"comment_status":"open","ping_status":"open","sticky":false,"template":"","format":"standard","meta":{"footnotes":""},"categories":[10892,10948,10894,10915,10947,10896],"tags":[10633,10395,12864],"class_list":["post-116765","post","type-post","status-publish","format-standard","has-post-thumbnail","category-camp-de-turia-ca","category-infraestructuras-ca","category-la-comarca-ca","category-la-pobla-ca","category-politica","category-seccion-ca","tag-ajuntament-de-la-pobla-de-vallbona","tag-camp-de-turia","tag-fondo-valenciano-por-la-solidaridad"],"_links":{"self":[{"href":"https:\/\/tucomarca.whitekongsoftware.com\/ca\/wp-json\/wp\/v2\/posts\/116765","targetHints":{"allow":["GET"]}}],"collection":[{"href":"https:\/\/tucomarca.whitekongsoftware.com\/ca\/wp-json\/wp\/v2\/posts"}],"about":[{"href":"https:\/\/tucomarca.whitekongsoftware.com\/ca\/wp-json\/wp\/v2\/types\/post"}],"author":[{"embeddable":true,"href":"https:\/\/tucomarca.whitekongsoftware.com\/ca\/wp-json\/wp\/v2\/users\/12"}],"replies":[{"embeddable":true,"href":"https:\/\/tucomarca.whitekongsoftware.com\/ca\/wp-json\/wp\/v2\/comments?post=116765"}],"version-history":[{"count":0,"href":"https:\/\/tucomarca.whitekongsoftware.com\/ca\/wp-json\/wp\/v2\/posts\/116765\/revisions"}],"wp:featuredmedia":[{"embeddable":true,"href":"https:\/\/tucomarca.whitekongsoftware.com\/ca\/wp-json\/wp\/v2\/media\/116761"}],"wp:attachment":[{"href":"https:\/\/tucomarca.whitekongsoftware.com\/ca\/wp-json\/wp\/v2\/media?parent=116765"}],"wp:term":[{"taxonomy":"category","embeddable":true,"href":"https:\/\/tucomarca.whitekongsoftware.com\/ca\/wp-json\/wp\/v2\/categories?post=116765"},{"taxonomy":"post_tag","embeddable":true,"href":"https:\/\/tucomarca.whitekongsoftware.com\/ca\/wp-json\/wp\/v2\/tags?post=116765"}],"curies":[{"name":"wp","href":"https:\/\/api.w.org\/{rel}","templated":true}]}}