{"id":116678,"date":"2020-10-21T23:40:18","date_gmt":"2020-10-21T21:40:18","guid":{"rendered":"http:\/\/www.tucomarca.com\/wordpress\/segunda\/?p=116678"},"modified":"2020-10-22T02:33:05","modified_gmt":"2020-10-22T00:33:05","slug":"riba-roja-dissenya-activitats-esportives-i-cognitives-a-les-persones-majors-adaptades-a-les-exigencies-sanitaries-per-la-covid-19","status":"publish","type":"post","link":"https:\/\/tucomarca.whitekongsoftware.com\/ca\/riba-roja-dissenya-activitats-esportives-i-cognitives-a-les-persones-majors-adaptades-a-les-exigencies-sanitaries-per-la-covid-19\/","title":{"rendered":"Riba-roja dissenya activitats esportives i cognitives a les persones majors adaptades a les exig\u00e8ncies sanit\u00e0ries per la Covid-19"},"content":{"rendered":"\n<p class=\"wp-block-paragraph\"><strong>L&#8217;ajuntament inicia un programa per a fomentar la pr\u00e0ctica esportiva<\/strong><\/p>\n\n\n\n<p class=\"wp-block-paragraph\">L&#8217;Ajuntament de Riba-roja de T\u00faria ha posat en marxa aquesta setmana diverses activitats esportives i cognitives destinades a la gent gran de la localitat adaptats a les recomanacions sanit\u00e0ries i que es prolongaran durant els propers mesos. La iniciativa est\u00e0 enfocada a les persones a partir dels 55 anys d&#8217;edat i es dividixen entre les activitats f\u00edsiques i altres no presencials.<\/p>\n\n\n\n<p class=\"wp-block-paragraph\">El programa municipal t\u00e9 com a principal objectiu fomentar la pr\u00e0ctica de l&#8217;esport entre la gent gran com a mitj\u00e0 per arribar a una plenitud f\u00edsica i, a el mateix temps, que redundi en el benestar psicol\u00f2gic entre la poblaci\u00f3 de m\u00e9s edat de Riba-roja de T\u00faria. Les activitats f\u00edsiques es desenvoluparan al pavell\u00f3 municipal en un horari de 9:30 a 10:30 hores.<\/p>\n\n\n\n<p class=\"wp-block-paragraph\">Les activitats de l&#8217;pavell\u00f3 esportiu municipal consistiran en gimn\u00e0stica activa els dilluns, una classe de zumba gold els dimarts, els dimecres continuaran amb gimn\u00e0stica passiva, els dijous ser\u00e0 el torn de la dansa en l\u00ednia mentre que els divendres ser\u00e0 el temps del pilates postular. En tots els casos, s&#8217;establiran mecanismes perqu\u00e8 nom\u00e9s participin grups redu\u00efts i amb la dist\u00e0ncia m\u00ednima entre cada persona.<\/p>\n\n\n\n<p class=\"wp-block-paragraph\">A m\u00e9s, altres activitats presencials que es desenvoluparan al centre social de Riba-roja de T\u00faria consistiran en posar en marxa un taller de mem\u00f2ria els dilluns en un horari de 17 a 18 hores. Els dimecres es dur\u00e0 a terme un taller de dibuix i pintura de 9:30 a 11 hores, mentre que de 11:30 a 12:30 hores ser\u00e0 el torn d&#8217;un taller de fotografia. Finalment, els dijous tindr\u00e0 lloc un taller d&#8217;aplicacions m\u00f2bils en sessions de 17:30 a 18:30 hores.<\/p>\n\n\n\n<p class=\"wp-block-paragraph\">La regidoria de Pol\u00edtiques Inclusives i Drets Socials i Majors de Riba-roja de T\u00faria ha previst tamb\u00e9 la celebraci\u00f3 d&#8217;activitats f\u00edsiques i esportives per a les persones amb un major risc pel perill de contagi del coronavirus i que es duran a terme a trav\u00e9s de la televisi\u00f3 municipal i en la qual es podran veure els tallers de pintura, m\u00f2bil i classes de gimn\u00e0stica.<\/p>\n\n\n\n<p class=\"wp-block-paragraph\">L&#8217;alcalde de Riba-roja de T\u00faria, Robert Raga, ha afirmat que la pr\u00e0ctica de les activitats esportives i cognitives dissenyades i posades ja en marxa &#8220;marquen un punt important per assegurar una correcta salut f\u00edsica i ps\u00edquica entre les persones en una \u00e8poca en la que s&#8217;han de procurar un major respecte i cura cap a les recomanacions que reclama la conselleria de Sanitat Universal entre la gent major&#8221;.<\/p>\n","protected":false},"excerpt":{"rendered":"<div class=\"mh-excerpt\">L&#8217;ajuntament inicia un programa per a fomentar la pr\u00e0ctica esportiva L&#8217;Ajuntament de Riba-roja de T\u00faria ha posat en marxa aquesta setmana diverses activitats esportives i cognitives destinades a la gent gran de la localitat adaptats <a class=\"mh-excerpt-more\" href=\"https:\/\/tucomarca.whitekongsoftware.com\/ca\/riba-roja-dissenya-activitats-esportives-i-cognitives-a-les-persones-majors-adaptades-a-les-exigencies-sanitaries-per-la-covid-19\/\" title=\"Riba-roja dissenya activitats esportives i cognitives a les persones majors adaptades a les exig\u00e8ncies sanit\u00e0ries per la Covid-19\">[+] <\/a><\/div>\n","protected":false},"author":12,"featured_media":116671,"comment_status":"open","ping_status":"open","sticky":false,"template":"","format":"standard","meta":{"footnotes":""},"categories":[10892,11010,12202,10894,10906,10896],"tags":[11239,10899,11939,11940],"class_list":["post-116678","post","type-post","status-publish","format-standard","has-post-thumbnail","category-camp-de-turia-ca","category-canal-salud","category-covid-19-ca","category-la-comarca-ca","category-riba-roja-ca","category-seccion-ca","tag-ajuntament-de-riba-roja-ca","tag-camp-de-turia-ca","tag-coronavirus-ca","tag-covid-19-ca"],"_links":{"self":[{"href":"https:\/\/tucomarca.whitekongsoftware.com\/ca\/wp-json\/wp\/v2\/posts\/116678","targetHints":{"allow":["GET"]}}],"collection":[{"href":"https:\/\/tucomarca.whitekongsoftware.com\/ca\/wp-json\/wp\/v2\/posts"}],"about":[{"href":"https:\/\/tucomarca.whitekongsoftware.com\/ca\/wp-json\/wp\/v2\/types\/post"}],"author":[{"embeddable":true,"href":"https:\/\/tucomarca.whitekongsoftware.com\/ca\/wp-json\/wp\/v2\/users\/12"}],"replies":[{"embeddable":true,"href":"https:\/\/tucomarca.whitekongsoftware.com\/ca\/wp-json\/wp\/v2\/comments?post=116678"}],"version-history":[{"count":0,"href":"https:\/\/tucomarca.whitekongsoftware.com\/ca\/wp-json\/wp\/v2\/posts\/116678\/revisions"}],"wp:featuredmedia":[{"embeddable":true,"href":"https:\/\/tucomarca.whitekongsoftware.com\/ca\/wp-json\/wp\/v2\/media\/116671"}],"wp:attachment":[{"href":"https:\/\/tucomarca.whitekongsoftware.com\/ca\/wp-json\/wp\/v2\/media?parent=116678"}],"wp:term":[{"taxonomy":"category","embeddable":true,"href":"https:\/\/tucomarca.whitekongsoftware.com\/ca\/wp-json\/wp\/v2\/categories?post=116678"},{"taxonomy":"post_tag","embeddable":true,"href":"https:\/\/tucomarca.whitekongsoftware.com\/ca\/wp-json\/wp\/v2\/tags?post=116678"}],"curies":[{"name":"wp","href":"https:\/\/api.w.org\/{rel}","templated":true}]}}