{"id":116650,"date":"2020-10-20T23:55:07","date_gmt":"2020-10-20T21:55:07","guid":{"rendered":"http:\/\/www.tucomarca.com\/wordpress\/segunda\/?p=116650"},"modified":"2020-10-21T21:44:12","modified_gmt":"2020-10-21T19:44:12","slug":"requena-benaguasil-i-aiora-sumen-9-3-i-3-nous-contagis-als-1-318-nous-casos-de-coronavirus-a-la-comunitat","status":"publish","type":"post","link":"https:\/\/tucomarca.whitekongsoftware.com\/ca\/requena-benaguasil-i-aiora-sumen-9-3-i-3-nous-contagis-als-1-318-nous-casos-de-coronavirus-a-la-comunitat\/","title":{"rendered":"Requena, Benaguasil i Aiora sumen 9, 3 i 3 nous contagis als 1.318 nous casos de coronavirus a la Comunitat"},"content":{"rendered":"\n<p class=\"wp-block-paragraph\">La consellera de Sanitat Universal i Salut P\u00fablica, Ana Barcel\u00f3, ha demanat la m\u00e0xima col\u00b7laboraci\u00f3 de la ciutadania per aturar l&#8217;avan\u00e7 de la pand\u00e8mia de coronavirus a la Comunitat Valenciana. &#8220;Necessitem que s&#8217;extremin les mesures de prevenci\u00f3 per frenar l&#8217;augment de nous casos diaris i tallar aix\u00ed les cadenes de transmissi\u00f3 de virus&#8221;.<\/p>\n\n\n\n<p class=\"wp-block-paragraph\">En aquest sentit, Barcel\u00f3 ha advertit que &#8220;amb l&#8217;arribada de l&#8217;fred \u00e9s probable que la situaci\u00f3 empitjori&#8221;, pel que ha insistit que &#8220;ara, m\u00e9s que mai, no podem relaxar-nos i totes i tots hem de col\u00b7laborar en aquesta lluita contra la pand\u00e8mia &#8220;.<\/p>\n\n\n\n<p class=\"wp-block-paragraph\">La Comunitat Valenciana ha registrat 1.318 nous casos confirmats per prova PCR o mitjan\u00e7ant test d&#8217;ant\u00edgens, que situen la xifra total de positius en 51.013 persones.<\/p>\n\n\n\n<p class=\"wp-block-paragraph\">Per prov\u00edncies, la distribuci\u00f3 \u00e9s la seg\u00fcent: 125 a Castell\u00f3 (5.459 en total); 377 a Alacant (17.251 en total), i 816 a la prov\u00edncia de Val\u00e8ncia (28.296 en total). A m\u00e9s, el nombre total de pacients sense assignar es mant\u00e9 en 7.<\/p>\n\n\n\n<p class=\"wp-block-paragraph\">Per la seva banda, des de l&#8217;\u00faltima actualitzaci\u00f3 s&#8217;han registrat 595 altes a pacients amb coronavirus, de manera que el total de persones curades des de l&#8217;inici de la pand\u00e8mia se situa en 52.349: 5.981 a Castell\u00f3, 17.493 a Alacant i 28.830 a Val\u00e8ncia. A m\u00e9s, el total d&#8217;altes sense assignaci\u00f3 \u00e9s de 45.<\/p>\n\n\n\n<p class=\"wp-block-paragraph\">D&#8217;aquesta manera, a hores d&#8217;ara hi ha actius 6.723 casos, fet que suposa un 11,06% de l&#8217;total de positius.<\/p>\n\n\n\n<p class=\"wp-block-paragraph\">Els hospitals valencians tenen, actualment, 717 persones ingressades: 60 a la prov\u00edncia de Castell\u00f3, amb 11 pacients en UCI; 247 a la prov\u00edncia d&#8217;Alacant, 50 d&#8217;ells a l&#8217;UCI; i 410 a la prov\u00edncia de Val\u00e8ncia, 52 d&#8217;ells en UCI.<\/p>\n\n\n\n<p class=\"wp-block-paragraph\">D&#8217;altra banda, s&#8217;han registrat 5 morts per coronavirus des de l&#8217;\u00faltima actualitzaci\u00f3, de manera que el total de defuncions \u00e9s de 1.731 persones: 253 a la prov\u00edncia de Castell\u00f3, 601 a la d&#8217;Alacant i 877 a la de Val\u00e8ncia.<\/p>\n\n\n\n<p class=\"wp-block-paragraph\">El nombre total de proves dutes a terme per a la detecci\u00f3 de l&#8217;coronavirus ascendeix a 1.265.149, de les quals 1.110.410 han estat a trav\u00e9s de PCR i 154.739 mitjan\u00e7ant test r\u00e0pid.<\/p>\n\n\n\n<p class=\"wp-block-paragraph\">Actualitzaci\u00f3 de la situaci\u00f3 en resid\u00e8ncies<\/p>\n\n\n\n<p class=\"wp-block-paragraph\">A dia d&#8217;avui, hi ha algun cas positiu en 21 resid\u00e8ncies de majors (1 a la prov\u00edncia de Castell\u00f3, 7 a la prov\u00edncia d&#8217;Alacant i 13 a la prov\u00edncia de Val\u00e8ncia), 7 centres de persones amb diversitat funcional (2 a la prov\u00edncia de Castell\u00f3 i 5 a la de Val\u00e8ncia) i 2 centres de menors (tots dos a la prov\u00edncia d&#8217;Alacant).<\/p>\n\n\n\n<ul class=\"wp-block-list\"><li>Residents nous positius: 39<\/li><li>Treballadors nous positius: 6<\/li><li>Residents morts: 1<\/li><\/ul>\n\n\n\n<p class=\"wp-block-paragraph\">Actualment, es troben sota vigil\u00e0ncia activa de control sanitari 8 resid\u00e8ncies a la Comunitat Valenciana: 1 a la prov\u00edncia de Castell\u00f3, 1 a la prov\u00edncia d&#8217;Alacant i 6 a la prov\u00edncia de Val\u00e8ncia.<\/p>\n\n\n\n<p class=\"wp-block-paragraph\">Actualitzaci\u00f3 brots de coronavirus<\/p>\n\n\n\n<p class=\"wp-block-paragraph\">Nous brots:<\/p>\n\n\n\n<p class=\"wp-block-paragraph\">\u00b7 Val\u00e8ncia: 4 casos. origen social<\/p>\n\n\n\n<p class=\"wp-block-paragraph\">\u00b7 Rafelbunyol: 4 casos. origen social<\/p>\n\n\n\n<p class=\"wp-block-paragraph\">\u00b7 Rafal: 11 casos. Origen Centre educatiu<\/p>\n\n\n\n<p class=\"wp-block-paragraph\">\u00b7 Novetl\u00e8: 7 casos. origen social<\/p>\n\n\n\n<p class=\"wp-block-paragraph\">\u00b7 Burjassot: 8 casos. origen social<\/p>\n\n\n\n<p class=\"wp-block-paragraph\">\u00b7 Elx: 3 casos. origen laboral<\/p>\n\n\n\n<p class=\"wp-block-paragraph\">\u00b7 L&#8217;Olleria: 5 casos. origen social<\/p>\n\n\n\n<p class=\"wp-block-paragraph\">\u00b7 Rafal: 9 casos. origen social<\/p>\n\n\n\n<p class=\"wp-block-paragraph\">\u00b7 Requena: 9 casos. origen laboral<\/p>\n\n\n\n<p class=\"wp-block-paragraph\">\u00b7 Daya vella: 5 casos. origen social<\/p>\n\n\n\n<p class=\"wp-block-paragraph\">\u00b7 Oriola: 6 casos. origen social<\/p>\n\n\n\n<p class=\"wp-block-paragraph\">\u00b7 Elx: 3 casos. origen social<\/p>\n\n\n\n<p class=\"wp-block-paragraph\">\u00b7 Burjassot: 3 casos. origen social<\/p>\n\n\n\n<p class=\"wp-block-paragraph\">\u00b7 Alacant: 7 casos. origen laboral<\/p>\n\n\n\n<p class=\"wp-block-paragraph\">\u00b7 Elx: 3 casos. origen social<\/p>\n\n\n\n<p class=\"wp-block-paragraph\">\u00b7 Morella: 10 casos. origen social<\/p>\n\n\n\n<p class=\"wp-block-paragraph\">\u00b7 Ayora: 3 casos. origen social<\/p>\n\n\n\n<p class=\"wp-block-paragraph\">\u00b7 Elx: 5 casos. origen laboral<\/p>\n\n\n\n<p class=\"wp-block-paragraph\">\u00b7 Val\u00e8ncia: 3 casos. origen social<\/p>\n\n\n\n<p class=\"wp-block-paragraph\">\u00b7 Oriola: 3 casos. Origen centre educatiu<\/p>\n\n\n\n<p class=\"wp-block-paragraph\">\u00b7 Sant Mateu: 5 casos. Origen centre educatiu<\/p>\n\n\n\n<p class=\"wp-block-paragraph\">\u00b7 Benaguasil: 3 casos. origen social<\/p>\n\n\n\n<p class=\"wp-block-paragraph\">\u00b7 Burjassot: 5 casos. origen social<\/p>\n\n\n\n<p class=\"wp-block-paragraph\">\u00b7 Sagunt: 5 casos. origen laboral<\/p>\n\n\n\n<p class=\"wp-block-paragraph\">\u00b7 Agost: 4 casos. origen social<\/p>\n\n\n\n<p class=\"wp-block-paragraph\">\u00b7 Dolors: 4 casos. origen social<\/p>\n\n\n\n<p class=\"wp-block-paragraph\">\u00b7 Oriola: 4 casos. origen social<\/p>\n\n\n\n<p class=\"wp-block-paragraph\">\u00b7 La Pobla de Farnals: 5 casos. origen social<\/p>\n\n\n\n<p class=\"wp-block-paragraph\">\u00b7 Val\u00e8ncia: 3 casos. origen social<\/p>\n\n\n\n<p class=\"wp-block-paragraph\">\u00b7 Val\u00e8ncia: 10 casos. origen social<\/p>\n\n\n\n<p class=\"wp-block-paragraph\">\u00b7 Elda: 12 casos: Origen Laboral<\/p>\n","protected":false},"excerpt":{"rendered":"<div class=\"mh-excerpt\">La consellera de Sanitat Universal i Salut P\u00fablica, Ana Barcel\u00f3, ha demanat la m\u00e0xima col\u00b7laboraci\u00f3 de la ciutadania per aturar l&#8217;avan\u00e7 de la pand\u00e8mia de coronavirus a la Comunitat Valenciana. &#8220;Necessitem que s&#8217;extremin les mesures <a class=\"mh-excerpt-more\" href=\"https:\/\/tucomarca.whitekongsoftware.com\/ca\/requena-benaguasil-i-aiora-sumen-9-3-i-3-nous-contagis-als-1-318-nous-casos-de-coronavirus-a-la-comunitat\/\" title=\"Requena, Benaguasil i Aiora sumen 9, 3 i 3 nous contagis als 1.318 nous casos de coronavirus a la Comunitat\">[+] <\/a><\/div>\n","protected":false},"author":1,"featured_media":100861,"comment_status":"open","ping_status":"open","sticky":false,"template":"","format":"standard","meta":{"footnotes":""},"categories":[10954,10951,10952,10892,11010,12202,10898,10948,10894,10904,10903,10947,10908,10909,10896,10897],"tags":[11216,10899,11939,11940,10910],"class_list":["post-116650","post","type-post","status-publish","format-standard","has-post-thumbnail","category-ayora-ca","category-ayora-cofrentes-ca","category-benaguasil-ca","category-camp-de-turia-ca","category-canal-salud","category-covid-19-ca","category-ventana-ca","category-infraestructuras-ca","category-la-comarca-ca","category-sin-categorizar-ca","category-medio-ambiente-la-comarca-ca","category-politica","category-requena-ca","category-requena-utiel-ca","category-seccion-ca","category-sucesos-la-comarca-ca","tag-ayora-cofrentes-ca","tag-camp-de-turia-ca","tag-coronavirus-ca","tag-covid-19-ca","tag-requena-utiel-ca"],"_links":{"self":[{"href":"https:\/\/tucomarca.whitekongsoftware.com\/ca\/wp-json\/wp\/v2\/posts\/116650","targetHints":{"allow":["GET"]}}],"collection":[{"href":"https:\/\/tucomarca.whitekongsoftware.com\/ca\/wp-json\/wp\/v2\/posts"}],"about":[{"href":"https:\/\/tucomarca.whitekongsoftware.com\/ca\/wp-json\/wp\/v2\/types\/post"}],"author":[{"embeddable":true,"href":"https:\/\/tucomarca.whitekongsoftware.com\/ca\/wp-json\/wp\/v2\/users\/1"}],"replies":[{"embeddable":true,"href":"https:\/\/tucomarca.whitekongsoftware.com\/ca\/wp-json\/wp\/v2\/comments?post=116650"}],"version-history":[{"count":0,"href":"https:\/\/tucomarca.whitekongsoftware.com\/ca\/wp-json\/wp\/v2\/posts\/116650\/revisions"}],"wp:featuredmedia":[{"embeddable":true,"href":"https:\/\/tucomarca.whitekongsoftware.com\/ca\/wp-json\/wp\/v2\/media\/100861"}],"wp:attachment":[{"href":"https:\/\/tucomarca.whitekongsoftware.com\/ca\/wp-json\/wp\/v2\/media?parent=116650"}],"wp:term":[{"taxonomy":"category","embeddable":true,"href":"https:\/\/tucomarca.whitekongsoftware.com\/ca\/wp-json\/wp\/v2\/categories?post=116650"},{"taxonomy":"post_tag","embeddable":true,"href":"https:\/\/tucomarca.whitekongsoftware.com\/ca\/wp-json\/wp\/v2\/tags?post=116650"}],"curies":[{"name":"wp","href":"https:\/\/api.w.org\/{rel}","templated":true}]}}