{"id":116538,"date":"2020-10-20T23:30:22","date_gmt":"2020-10-20T21:30:22","guid":{"rendered":"http:\/\/www.tucomarca.com\/wordpress\/segunda\/?p=116538"},"modified":"2020-10-21T09:34:48","modified_gmt":"2020-10-21T07:34:48","slug":"riba-roja-premiara-a-les-empreses-que-empren-persones-majors-de-45-anys-en-el-nou-contracte-de-neteja-viaria-i-utilitzen-productes-que-respecten-el-medi-ambient","status":"publish","type":"post","link":"https:\/\/tucomarca.whitekongsoftware.com\/ca\/riba-roja-premiara-a-les-empreses-que-empren-persones-majors-de-45-anys-en-el-nou-contracte-de-neteja-viaria-i-utilitzen-productes-que-respecten-el-medi-ambient\/","title":{"rendered":"Riba-roja premiar\u00e0 a les empreses que empren persones majors de 45 anys en el nou contracte de neteja vi\u00e0ria i utilitzen productes que respecten el medi ambient"},"content":{"rendered":"\n<h4 class=\"wp-block-heading\"><strong>El ple aprova licitar el servici per 4&#8217;3 milions i 5 anys de duraci\u00f3<\/strong><\/h4>\n\n\n\n<p class=\"wp-block-paragraph\">El ple de l&#8217;Ajuntament de Riba-roja de T\u00faria ha aprovat traure a licitaci\u00f3 p\u00fablica el nou contracte de l&#8217;empresa de la neteja vi\u00e0ria per un muntant global de 4&#8217;3 milions d&#8217;euros i una duraci\u00f3 m\u00e0xima de 5 anys, sense possibilitat de pr\u00f2rrogues. El plec de condicions puntuar\u00e0 m\u00e9s les cl\u00e0usules ambientals, socials i salaris dignes per als treballadors de l&#8217;empresa, entre altres aspectes.<\/p>\n\n\n\n<p class=\"wp-block-paragraph\">L&#8217;aprovaci\u00f3 de l&#8217;inici de l&#8217;expedient de contracte del servici de neteja vi\u00e0ria a Riba-roja ha comptat amb el vot del PSPV com a impulsor del projecte, a m\u00e9s del suport del Partit Popular i Ciutadans i l&#8217;abstenci\u00f3 de Podem Riba-roja Pot, Comprom\u00eds, l&#8217;Esquerra i Vox. El ple ha sol\u00b7licitat al departament de contractaci\u00f3 l&#8217;elaboraci\u00f3 del plec de condicions administratives particulars.<\/p>\n\n\n\n<p class=\"wp-block-paragraph\">Els informes t\u00e8cnics municipals de Riba-roja de T\u00faria aposten per la necessitat de contractar el servei de neteja vi\u00e0ria mitjan\u00e7ant un procediment obert i sense una divisi\u00f3 en lots causa de les caracter\u00edstiques de l&#8217;servei municipal ja que es tracta d&#8217;una \u00fanica prestaci\u00f3. A m\u00e9s, el servei ser\u00e0 executat en la seva totalitat en una sola actuaci\u00f3 d&#8217;una mateixa empresa adjudicat\u00e0ria per simplificar les tasques de coordinaci\u00f3.<\/p>\n\n\n\n<p class=\"wp-block-paragraph\">Les empreses que es presentin a el proc\u00e9s d&#8217;adjudicaci\u00f3 de el servei de neteja hauran de complir una s\u00e8rie de requisits i cl\u00e0usules, en la qual es tindr\u00e0 en compte la millor relaci\u00f3 qualitat-preu, diversos criteris d&#8217;adjudicaci\u00f3 socials i mediambientals i la condici\u00f3 d&#8217;executar-les amb car\u00e0cter social i la contribuci\u00f3 a l&#8217;acompliment dels Objectius de Desenvolupament Sostenible (ODS), subjecte a regulaci\u00f3 harmonitzada.<\/p>\n\n\n\n<p class=\"wp-block-paragraph\">El nou contracte suposar\u00e0 nombroses millores a partir d&#8217;ara com un servei de neteja vi\u00e0ria permanent de dilluns a diumenge en totes les urbanitzacions i al nucli urb\u00e0, amb una estructura moderna i \u00e0gil per atendre tota la demanda zonificada en tres \u00e0rees. La primera d&#8217;ella afectar\u00e0 les urbanitzacions de l&#8217;\u00e0rea nord, com Gallipont, Santa M\u00f2nica, El Molinet, Parc Montealcedo, Entrenaranjos, Santa Rosa i el Clot de Navarrete. La zona centre se centrar\u00e0 en el casc urb\u00e0, Masia de Traver, Val\u00e8ncia la Vella, Els Pous i la Llobatera. Finalment, la zona sud amb la Reva.<\/p>\n\n\n\n<p class=\"wp-block-paragraph\">El plec de condicions ha d&#8217;incloure consideracions socials, mediambientals, condicions especials d&#8217;execuci\u00f3 i una exig\u00e8ncia de garantia definitiva de l&#8217;5% de l&#8217;preu d&#8217;adjudicaci\u00f3 de el contracte, aix\u00ed com criteris d&#8217;adjudicaci\u00f3 com el projecte de prestaci\u00f3 de servei de neteja vi\u00e0ria i espais p\u00fablics, millores propostes i millores al mig materials oferts, l&#8217;oferta econ\u00f2mica per a la prestaci\u00f3 de servei o la compensaci\u00f3 econ\u00f2mica per l&#8217;assumpci\u00f3 de la maquin\u00e0ria de l&#8217;ajuntament.<\/p>\n\n\n\n<p class=\"wp-block-paragraph\">La comissi\u00f3 avaluadora tindr\u00e9 en compte els criteris d&#8217;inserci\u00f3 sociolaboral de persones amb dificultats d&#8217;acc\u00e9s a l&#8217;mercat laboral -persones majors de 45 anys i manteniment del seu contracte-, aix\u00ed com altres socials com garantir la seguretat i protecci\u00f3 de la salut en el treball i compliment dels convenis col\u00b7lectius i territorials, un \u00fas no existeixi de el llenguatge o el pagament de salaris als empleats.<\/p>\n\n\n\n<p class=\"wp-block-paragraph\">La futura empresa prestadora de el servei tamb\u00e9 es comprometr\u00e0 a emprar productes respectuosos amb el medi ambient i el seu correcte emmagatzematge, una gesti\u00f3 dels residus urbans i inerts generats durant el servei, quedar\u00e0 prohibit l&#8217;abocament d&#8217;aig\u00fces i productes residuals susceptibles de provocar contaminaci\u00f3, aix\u00ed com una neutralitzaci\u00f3 dels productes qu\u00edmics emprats en la desinfecci\u00f3 abans del seu abocament a la xarxa de clavegueram.<\/p>\n\n\n\n<p class=\"wp-block-paragraph\">Finalment, cal assenyalar altres exig\u00e8ncies a l&#8217;empresa adjudicat\u00e0ria com la solv\u00e8ncia t\u00e8cnica mitjan\u00e7ant un certificat de l&#8217;servei de neteja sanitari com les normes ISO 9001 o ISO 14001, i un requisit de gesti\u00f3 ambiental. S&#8217;exigir\u00e0 un compliment de les normes de gesti\u00f3 mediambiental i un comprom\u00eds amb els objectius de desenvolupament sostenible (ODS) per reduir l&#8217;impacte que, en el medi ambient, pugui ocasionar la prestaci\u00f3 de el servei objecte de el contracte.<\/p>\n\n\n\n<p class=\"wp-block-paragraph\">L&#8217;alcalde de Riba-roja de T\u00faria, Robert Raga, ha destacat &#8220;el car\u00e0cter ambici\u00f3s d&#8217;aquest servei tan important per a la ciutadania i tan necessari en els nostres carrers, un dels m\u00e9s importants en aquesta legislatura al costat de la seguretat ciutadana i la jardineria; en aquest plec ser\u00e0 molt important que compleixin tots els requisits socials i ambientals, aix\u00ed com un tracte correcte als treballadors&#8221;.<\/p>\n","protected":false},"excerpt":{"rendered":"<div class=\"mh-excerpt\">El ple aprova licitar el servici per 4&#8217;3 milions i 5 anys de duraci\u00f3 El ple de l&#8217;Ajuntament de Riba-roja de T\u00faria ha aprovat traure a licitaci\u00f3 p\u00fablica el nou contracte de l&#8217;empresa de la <a class=\"mh-excerpt-more\" href=\"https:\/\/tucomarca.whitekongsoftware.com\/ca\/riba-roja-premiara-a-les-empreses-que-empren-persones-majors-de-45-anys-en-el-nou-contracte-de-neteja-viaria-i-utilitzen-productes-que-respecten-el-medi-ambient\/\" title=\"Riba-roja premiar\u00e0 a les empreses que empren persones majors de 45 anys en el nou contracte de neteja vi\u00e0ria i utilitzen productes que respecten el medi ambient\">[+] <\/a><\/div>\n","protected":false},"author":12,"featured_media":116537,"comment_status":"open","ping_status":"open","sticky":false,"template":"","format":"standard","meta":{"footnotes":""},"categories":[10892,10948,10894,10947,10906,10896],"tags":[10631,10395],"class_list":["post-116538","post","type-post","status-publish","format-standard","has-post-thumbnail","category-camp-de-turia-ca","category-infraestructuras-ca","category-la-comarca-ca","category-politica","category-riba-roja-ca","category-seccion-ca","tag-ajuntament-de-riba-roja","tag-camp-de-turia"],"_links":{"self":[{"href":"https:\/\/tucomarca.whitekongsoftware.com\/ca\/wp-json\/wp\/v2\/posts\/116538","targetHints":{"allow":["GET"]}}],"collection":[{"href":"https:\/\/tucomarca.whitekongsoftware.com\/ca\/wp-json\/wp\/v2\/posts"}],"about":[{"href":"https:\/\/tucomarca.whitekongsoftware.com\/ca\/wp-json\/wp\/v2\/types\/post"}],"author":[{"embeddable":true,"href":"https:\/\/tucomarca.whitekongsoftware.com\/ca\/wp-json\/wp\/v2\/users\/12"}],"replies":[{"embeddable":true,"href":"https:\/\/tucomarca.whitekongsoftware.com\/ca\/wp-json\/wp\/v2\/comments?post=116538"}],"version-history":[{"count":0,"href":"https:\/\/tucomarca.whitekongsoftware.com\/ca\/wp-json\/wp\/v2\/posts\/116538\/revisions"}],"wp:featuredmedia":[{"embeddable":true,"href":"https:\/\/tucomarca.whitekongsoftware.com\/ca\/wp-json\/wp\/v2\/media\/116537"}],"wp:attachment":[{"href":"https:\/\/tucomarca.whitekongsoftware.com\/ca\/wp-json\/wp\/v2\/media?parent=116538"}],"wp:term":[{"taxonomy":"category","embeddable":true,"href":"https:\/\/tucomarca.whitekongsoftware.com\/ca\/wp-json\/wp\/v2\/categories?post=116538"},{"taxonomy":"post_tag","embeddable":true,"href":"https:\/\/tucomarca.whitekongsoftware.com\/ca\/wp-json\/wp\/v2\/tags?post=116538"}],"curies":[{"name":"wp","href":"https:\/\/api.w.org\/{rel}","templated":true}]}}