{"id":116494,"date":"2020-10-20T10:33:22","date_gmt":"2020-10-20T08:33:22","guid":{"rendered":"http:\/\/www.tucomarca.com\/wordpress\/segunda\/?p=116494"},"modified":"2020-10-20T14:37:13","modified_gmt":"2020-10-20T12:37:13","slug":"fotogaleria-200-quilos-de-polvora-posen-color-a-la-celebracio-de-la-festivitat-de-sant-lluc-a-xest","status":"publish","type":"post","link":"https:\/\/tucomarca.whitekongsoftware.com\/ca\/fotogaleria-200-quilos-de-polvora-posen-color-a-la-celebracio-de-la-festivitat-de-sant-lluc-a-xest\/","title":{"rendered":"Fotogaleria: 200 quilos de p\u00f3lvora posen color a la celebraci\u00f3 de la festivitat de Sant Lluc a Xest"},"content":{"rendered":"\n<h4 class=\"wp-block-heading\"><strong>Misses cantades i un espectacular castell de focs artificials per a celebrar el dia del Patr\u00f3 de Cheste<\/strong><\/h4>\n\n\n\n<p class=\"wp-block-paragraph\">La pand\u00e8mia ha canviat per complet la celebraci\u00f3 de les Festes de la Verema de Xest, en honor a Sant Lluc; per\u00f2 des de la regidoria de Festes s&#8217;ha desenvolupat un programa alternatiu als actes habituals que va arrencar el passat 2 d&#8217;octubre i acabar\u00e0 el proper diumenge 25, evitant aglomeracions i complint les mesures sanit\u00e0ries de seguretat en tots els esdeveniments.<\/p>\n\n\n\n<p class=\"wp-block-paragraph\">Per aquest motiu, ahir, dia de el patr\u00f3 de la localitat, hi va haver dues sessions de missa, en lloc d&#8217;una com \u00e9s habitual, garantint d&#8217;aquesta manera el compliment de l&#8217;aforament limitat dins de l&#8217;esgl\u00e9sia. Com mana la tradici\u00f3, la coral Sant Lluc Evangelista va participar en la celebraci\u00f3 i, adaptant-se a la normativa sanit\u00e0ria, va acompanyar la missa amb la seua m\u00fasica. A m\u00e9s, es va aprofitar per celebrar la festivitat de la Mare de D\u00e9u de la Soledat, la imatge va presidir l&#8217;altar major de l&#8217;esgl\u00e9sia, ja que les passades festes d&#8217;abril no van poder realitzar-se, a causa de la pand\u00e8mia.<\/p>\n\n\n\n<p class=\"wp-block-paragraph\">Per la seua banda, tot i no haver cercaviles aquest any, la junta local de l&#8217;Associaci\u00f3 Espanyola Contra el C\u00e0ncer, va realitzar la col\u00b7lecta que sol organitzar coincidint amb la festivitat de Sant Lluc, per\u00f2 aquest cop instal\u00b7lant dues taules, una enfront de l&#8217;Esgl\u00e9sia i una altra al carrer Chiva.<\/p>\n\n\n\n<p class=\"wp-block-paragraph\">El fermall d&#8217;or el va posar un impactant castell de focs artificials que es va disparar a les 21 hores des de dos punts de la localitat, amb la finalitat que tingu\u00e9s la major visibilitat possible des de qualsevol lloc del nucli urb\u00e0. 200 quilos de p\u00f3lvora van omplir de llum el cel. &#8220;Va ser molt emocionant escoltar els aplaudiments a l&#8217;acabar el castell&#8221;, ha destacat el regidor, Ra\u00fal Mota. &#8220;Des de la regidoria de Festes estem molt contents de la resposta de la gent, que ha participat en tot adaptant-se a aquesta nova normalitat&#8221;.<\/p>\n\n\n\n<p class=\"wp-block-paragraph\">L&#8217;empresa encarregada de l&#8217;espectacle de focs artificials va ser Pirot\u00e8cnia Mart\u00ed, a trav\u00e9s de la coneguda Reyes Mart\u00ed, primera dona en disparar a la Pla\u00e7a de l&#8217;Ajuntament de Val\u00e8ncia i un referent en el sector.<\/p>\n\n\n\n<ul class=\"wp-block-gallery columns-2 is-cropped wp-block-gallery-1 is-layout-flex wp-block-gallery-is-layout-flex\"><li class=\"blocks-gallery-item\"><figure><img loading=\"lazy\" decoding=\"async\" width=\"787\" height=\"525\" src=\"http:\/\/www.tucomarca.com\/wordpress\/segunda\/wp-content\/uploads\/2020\/10\/1_SanLucasCheste.jpg\" alt=\"\" data-id=\"116478\" data-link=\"http:\/\/www.tucomarca.com\/wordpress\/segunda\/?attachment_id=116478\" class=\"wp-image-116478\" srcset=\"https:\/\/tucomarca.whitekongsoftware.com\/wp-content\/uploads\/2020\/10\/1_SanLucasCheste.jpg 787w, https:\/\/tucomarca.whitekongsoftware.com\/wp-content\/uploads\/2020\/10\/1_SanLucasCheste-300x200.jpg 300w, https:\/\/tucomarca.whitekongsoftware.com\/wp-content\/uploads\/2020\/10\/1_SanLucasCheste-768x512.jpg 768w\" sizes=\"auto, (max-width: 787px) 100vw, 787px\" \/><\/figure><\/li><li class=\"blocks-gallery-item\"><figure><img loading=\"lazy\" decoding=\"async\" width=\"787\" height=\"525\" src=\"http:\/\/www.tucomarca.com\/wordpress\/segunda\/wp-content\/uploads\/2020\/10\/2_SanLucasCheste.jpg\" alt=\"\" data-id=\"116480\" data-link=\"http:\/\/www.tucomarca.com\/wordpress\/segunda\/?attachment_id=116480\" class=\"wp-image-116480\" srcset=\"https:\/\/tucomarca.whitekongsoftware.com\/wp-content\/uploads\/2020\/10\/2_SanLucasCheste.jpg 787w, https:\/\/tucomarca.whitekongsoftware.com\/wp-content\/uploads\/2020\/10\/2_SanLucasCheste-300x200.jpg 300w, https:\/\/tucomarca.whitekongsoftware.com\/wp-content\/uploads\/2020\/10\/2_SanLucasCheste-768x512.jpg 768w\" sizes=\"auto, (max-width: 787px) 100vw, 787px\" \/><\/figure><\/li><li class=\"blocks-gallery-item\"><figure><img loading=\"lazy\" decoding=\"async\" width=\"787\" height=\"525\" src=\"http:\/\/www.tucomarca.com\/wordpress\/segunda\/wp-content\/uploads\/2020\/10\/4_SanLucasCheste.jpg\" alt=\"\" data-id=\"116484\" data-link=\"http:\/\/www.tucomarca.com\/wordpress\/segunda\/?attachment_id=116484\" class=\"wp-image-116484\" srcset=\"https:\/\/tucomarca.whitekongsoftware.com\/wp-content\/uploads\/2020\/10\/4_SanLucasCheste.jpg 787w, https:\/\/tucomarca.whitekongsoftware.com\/wp-content\/uploads\/2020\/10\/4_SanLucasCheste-300x200.jpg 300w, https:\/\/tucomarca.whitekongsoftware.com\/wp-content\/uploads\/2020\/10\/4_SanLucasCheste-768x512.jpg 768w\" sizes=\"auto, (max-width: 787px) 100vw, 787px\" \/><\/figure><\/li><li class=\"blocks-gallery-item\"><figure><img loading=\"lazy\" decoding=\"async\" width=\"787\" height=\"525\" src=\"http:\/\/www.tucomarca.com\/wordpress\/segunda\/wp-content\/uploads\/2020\/10\/3_SanLucasCheste.jpg\" alt=\"\" data-id=\"116482\" data-link=\"http:\/\/www.tucomarca.com\/wordpress\/segunda\/?attachment_id=116482\" class=\"wp-image-116482\" srcset=\"https:\/\/tucomarca.whitekongsoftware.com\/wp-content\/uploads\/2020\/10\/3_SanLucasCheste.jpg 787w, https:\/\/tucomarca.whitekongsoftware.com\/wp-content\/uploads\/2020\/10\/3_SanLucasCheste-300x200.jpg 300w, https:\/\/tucomarca.whitekongsoftware.com\/wp-content\/uploads\/2020\/10\/3_SanLucasCheste-768x512.jpg 768w\" sizes=\"auto, (max-width: 787px) 100vw, 787px\" \/><\/figure><\/li><li class=\"blocks-gallery-item\"><figure><img loading=\"lazy\" decoding=\"async\" width=\"787\" height=\"525\" src=\"http:\/\/www.tucomarca.com\/wordpress\/segunda\/wp-content\/uploads\/2020\/10\/5_SanLucasCheste.jpg\" alt=\"\" data-id=\"116486\" data-link=\"http:\/\/www.tucomarca.com\/wordpress\/segunda\/?attachment_id=116486\" class=\"wp-image-116486\" srcset=\"https:\/\/tucomarca.whitekongsoftware.com\/wp-content\/uploads\/2020\/10\/5_SanLucasCheste.jpg 787w, https:\/\/tucomarca.whitekongsoftware.com\/wp-content\/uploads\/2020\/10\/5_SanLucasCheste-300x200.jpg 300w, https:\/\/tucomarca.whitekongsoftware.com\/wp-content\/uploads\/2020\/10\/5_SanLucasCheste-768x512.jpg 768w\" sizes=\"auto, (max-width: 787px) 100vw, 787px\" \/><\/figure><\/li><li class=\"blocks-gallery-item\"><figure><img loading=\"lazy\" decoding=\"async\" width=\"682\" height=\"1024\" src=\"http:\/\/www.tucomarca.com\/wordpress\/segunda\/wp-content\/uploads\/2020\/10\/6_SanLucasCheste-682x1024.jpg\" alt=\"\" data-id=\"116488\" data-link=\"http:\/\/www.tucomarca.com\/wordpress\/segunda\/?attachment_id=116488\" class=\"wp-image-116488\" srcset=\"https:\/\/tucomarca.whitekongsoftware.com\/wp-content\/uploads\/2020\/10\/6_SanLucasCheste-682x1024.jpg 682w, https:\/\/tucomarca.whitekongsoftware.com\/wp-content\/uploads\/2020\/10\/6_SanLucasCheste-200x300.jpg 200w, https:\/\/tucomarca.whitekongsoftware.com\/wp-content\/uploads\/2020\/10\/6_SanLucasCheste-768x1152.jpg 768w, https:\/\/tucomarca.whitekongsoftware.com\/wp-content\/uploads\/2020\/10\/6_SanLucasCheste.jpg 787w\" sizes=\"auto, (max-width: 682px) 100vw, 682px\" \/><\/figure><\/li><li class=\"blocks-gallery-item\"><figure><img loading=\"lazy\" decoding=\"async\" width=\"787\" height=\"524\" src=\"http:\/\/www.tucomarca.com\/wordpress\/segunda\/wp-content\/uploads\/2020\/10\/7_SanLucasCheste.jpg\" alt=\"\" data-id=\"116490\" data-link=\"http:\/\/www.tucomarca.com\/wordpress\/segunda\/?attachment_id=116490\" class=\"wp-image-116490\" srcset=\"https:\/\/tucomarca.whitekongsoftware.com\/wp-content\/uploads\/2020\/10\/7_SanLucasCheste.jpg 787w, https:\/\/tucomarca.whitekongsoftware.com\/wp-content\/uploads\/2020\/10\/7_SanLucasCheste-300x200.jpg 300w, https:\/\/tucomarca.whitekongsoftware.com\/wp-content\/uploads\/2020\/10\/7_SanLucasCheste-768x511.jpg 768w\" sizes=\"auto, (max-width: 787px) 100vw, 787px\" \/><\/figure><\/li><\/ul>\n","protected":false},"excerpt":{"rendered":"<div class=\"mh-excerpt\">Misses cantades i un espectacular castell de focs artificials per a celebrar el dia del Patr\u00f3 de Cheste La pand\u00e8mia ha canviat per complet la celebraci\u00f3 de les Festes de la Verema de Xest, en <a class=\"mh-excerpt-more\" href=\"https:\/\/tucomarca.whitekongsoftware.com\/ca\/fotogaleria-200-quilos-de-polvora-posen-color-a-la-celebracio-de-la-festivitat-de-sant-lluc-a-xest\/\" title=\"Fotogaleria: 200 quilos de p\u00f3lvora posen color a la celebraci\u00f3 de la festivitat de Sant Lluc a Xest\">[+] <\/a><\/div>\n","protected":false},"author":12,"featured_media":116477,"comment_status":"open","ping_status":"open","sticky":false,"template":"","format":"gallery","meta":{"footnotes":""},"categories":[10912,11004,11008,10896,10974],"tags":[10470,10629,5952,2054],"class_list":["post-116494","post","type-post","status-publish","format-gallery","has-post-thumbnail","category-la-hoya-ca","category-la-semana-en-imagenes-ca","category-pueblos-en-fiestas-ca","category-seccion-ca","category-cheste-ca","tag-ayuntamiento-de-cheste","tag-fiestas-de-la-vendimia-de-cheste","tag-la-hoya-de-bunol-chiva","tag-san-lucas","post_format-post-format-gallery"],"_links":{"self":[{"href":"https:\/\/tucomarca.whitekongsoftware.com\/ca\/wp-json\/wp\/v2\/posts\/116494","targetHints":{"allow":["GET"]}}],"collection":[{"href":"https:\/\/tucomarca.whitekongsoftware.com\/ca\/wp-json\/wp\/v2\/posts"}],"about":[{"href":"https:\/\/tucomarca.whitekongsoftware.com\/ca\/wp-json\/wp\/v2\/types\/post"}],"author":[{"embeddable":true,"href":"https:\/\/tucomarca.whitekongsoftware.com\/ca\/wp-json\/wp\/v2\/users\/12"}],"replies":[{"embeddable":true,"href":"https:\/\/tucomarca.whitekongsoftware.com\/ca\/wp-json\/wp\/v2\/comments?post=116494"}],"version-history":[{"count":0,"href":"https:\/\/tucomarca.whitekongsoftware.com\/ca\/wp-json\/wp\/v2\/posts\/116494\/revisions"}],"wp:featuredmedia":[{"embeddable":true,"href":"https:\/\/tucomarca.whitekongsoftware.com\/ca\/wp-json\/wp\/v2\/media\/116477"}],"wp:attachment":[{"href":"https:\/\/tucomarca.whitekongsoftware.com\/ca\/wp-json\/wp\/v2\/media?parent=116494"}],"wp:term":[{"taxonomy":"category","embeddable":true,"href":"https:\/\/tucomarca.whitekongsoftware.com\/ca\/wp-json\/wp\/v2\/categories?post=116494"},{"taxonomy":"post_tag","embeddable":true,"href":"https:\/\/tucomarca.whitekongsoftware.com\/ca\/wp-json\/wp\/v2\/tags?post=116494"}],"curies":[{"name":"wp","href":"https:\/\/api.w.org\/{rel}","templated":true}]}}