{"id":116440,"date":"2020-10-20T09:00:10","date_gmt":"2020-10-20T07:00:10","guid":{"rendered":"http:\/\/www.tucomarca.com\/wordpress\/segunda\/?p=116440"},"modified":"2020-10-20T10:33:40","modified_gmt":"2020-10-20T08:33:40","slug":"cultura-i-joventut-de-lajuntament-de-bunyol-organitzen-un-festival-de-cine-i-literatura-de-terror-i-una-scape-room-per-halloween","status":"publish","type":"post","link":"https:\/\/tucomarca.whitekongsoftware.com\/ca\/cultura-i-joventut-de-lajuntament-de-bunyol-organitzen-un-festival-de-cine-i-literatura-de-terror-i-una-scape-room-per-halloween\/","title":{"rendered":"Cultura i Joventut de l&#8217;Ajuntament de Bunyol organitzen un festival de cine i literatura de terror i una Scape Room per Halloween"},"content":{"rendered":"\n<h4 class=\"wp-block-heading\"><strong>El dijous 31 d&#8217;octubre tindr\u00e0 lloc el Festival anual de cine i literatura, Fantaterror, i l&#8217;1 de novembre l&#8217;activitat Scape Room. Ambd\u00f3s en la Sala Raga del Mol\u00ed Gal\u00e1n i es necessita inscripci\u00f3 pr\u00e8via. S\u00f3n gratu\u00eftes i estan destinades per al p\u00fablic de 12 a 25 anys<\/strong><\/h4>\n\n\n\n<ul class=\"wp-block-gallery columns-1 is-cropped wp-block-gallery-1 is-layout-flex wp-block-gallery-is-layout-flex\"><li class=\"blocks-gallery-item\"><figure><img loading=\"lazy\" decoding=\"async\" width=\"787\" height=\"660\" src=\"http:\/\/www.tucomarca.com\/wordpress\/segunda\/wp-content\/uploads\/2020\/10\/fantaterror20.jpg\" alt=\"\" data-id=\"116435\" data-link=\"http:\/\/www.tucomarca.com\/wordpress\/segunda\/?attachment_id=116435\" class=\"wp-image-116435\" srcset=\"https:\/\/tucomarca.whitekongsoftware.com\/wp-content\/uploads\/2020\/10\/fantaterror20.jpg 787w, https:\/\/tucomarca.whitekongsoftware.com\/wp-content\/uploads\/2020\/10\/fantaterror20-300x252.jpg 300w, https:\/\/tucomarca.whitekongsoftware.com\/wp-content\/uploads\/2020\/10\/fantaterror20-768x644.jpg 768w\" sizes=\"auto, (max-width: 787px) 100vw, 787px\" \/><\/figure><\/li><li class=\"blocks-gallery-item\"><figure><img loading=\"lazy\" decoding=\"async\" width=\"787\" height=\"660\" src=\"http:\/\/www.tucomarca.com\/wordpress\/segunda\/wp-content\/uploads\/2020\/10\/fantaterror220.jpg\" alt=\"\" data-id=\"116431\" data-link=\"http:\/\/www.tucomarca.com\/wordpress\/segunda\/?attachment_id=116431\" class=\"wp-image-116431\" srcset=\"https:\/\/tucomarca.whitekongsoftware.com\/wp-content\/uploads\/2020\/10\/fantaterror220.jpg 787w, https:\/\/tucomarca.whitekongsoftware.com\/wp-content\/uploads\/2020\/10\/fantaterror220-300x252.jpg 300w, https:\/\/tucomarca.whitekongsoftware.com\/wp-content\/uploads\/2020\/10\/fantaterror220-768x644.jpg 768w\" sizes=\"auto, (max-width: 787px) 100vw, 787px\" \/><\/figure><\/li><\/ul>\n\n\n\n<p class=\"wp-block-paragraph\">Juan Luis Pall\u00e0s, regidor de Cultura i Joventut a l&#8217;Ajuntament de Bunyol, anuncia els actes que des del consistori van a organitzar-se amb motiu de la festa de Halloween a aquest at\u00edpic 2020. El proper 31 d&#8217;octubre a la Sala Raga del Mol\u00ed Gal\u00e1n tindr\u00e0 lloc el festival anual de cinema i literatura fantaterror Bunyol<\/p>\n\n\n\n<p class=\"wp-block-paragraph\">Aquest festival est\u00e0 organitzat per les regidories de Cultura i Joventut i col\u00b7labora l&#8217;IVAJ, la Biblioteca P\u00fablica Municipal de Bunyol i la Mancomunitat de la Foia de Bunyol-Xiva. L&#8217;esdeveniment \u00e9s gratu\u00eft i est\u00e0 destinat a joves de 12 a 30 anys. Tot el que desitge assistir s&#8217;ha d&#8217;inscriure pr\u00e8viament al mail juventudbunyol@gmail.com<\/p>\n\n\n\n<p class=\"wp-block-paragraph\">L&#8217;edil informa que aquest festival tindr\u00e0 dues parts. De 10 a 14h es presentar\u00e0 retent homenatge a Chico Ib\u00e1\u00f1ez Serrador. Hi haur\u00e0 un taller de relats i es presentar\u00e0 la novel\u00b7la E.D.E.N. Seguidament s&#8217;impartir\u00e0 un taller de creaci\u00f3 de pel\u00b7l\u00edcules de terror d&#8217;autor.<\/p>\n\n\n\n<p class=\"wp-block-paragraph\">A la vesprada, de 18 a 20h ser\u00e0 la segona part d&#8217;aquest festival. Es visionaran curts i cinema de g\u00e8nere fant\u00e0stic i cinef\u00f2rum. Despr\u00e9s un concurs de Trivia. Aquests actes estaran dirigits per Carlos Gr\u00e0cia, novel\u00b7lista de g\u00e8nere de terror i ci\u00e8ncia ficci\u00f3. Ser\u00e0 a la Sala Raga de l&#8217;Molino Gal\u00e1n dijous que ve 31 d&#8217;octubre.<\/p>\n\n\n\n<p class=\"wp-block-paragraph\">A m\u00e9s d&#8217;aquest festival, l&#8217;1 de novembre, tamb\u00e9 per a joves d&#8217;entre 12 i 25 anys, hi haur\u00e0 a la mateixa sala, a les 18h, un joc Scape Room anomenat &#8220;Monstres Oblidats&#8221;. \u00c9s una activitat gratu\u00efta. Tots els interessats en assistir han d&#8217;enviar un mail a juventudbunyol@gmail.com<\/p>\n\n\n\n<p class=\"wp-block-paragraph\">Aquest acte est\u00e0 organitzat per la Regidoria de Joventut i col\u00b7labora per la Biblioteca Municipal de Bunyol, la Mancomunitat de la Foia de Bunyol-Xiva i l&#8217;IVAJ de la Generalitat Valenciana. El joc consisteix a tornar els monstres al seu refugi, ja que s&#8217;havien escapat, i cal fer-ho abans que sigui massa tard. Diversi\u00f3 per a tothom, per\u00f2 seguint estrictes mesures de seguretat i higiene.<\/p>\n","protected":false},"excerpt":{"rendered":"<div class=\"mh-excerpt\">El dijous 31 d&#8217;octubre tindr\u00e0 lloc el Festival anual de cine i literatura, Fantaterror, i l&#8217;1 de novembre l&#8217;activitat Scape Room. Ambd\u00f3s en la Sala Raga del Mol\u00ed Gal\u00e1n i es necessita inscripci\u00f3 pr\u00e8via. S\u00f3n <a class=\"mh-excerpt-more\" href=\"https:\/\/tucomarca.whitekongsoftware.com\/ca\/cultura-i-joventut-de-lajuntament-de-bunyol-organitzen-un-festival-de-cine-i-literatura-de-terror-i-una-scape-room-per-halloween\/\" title=\"Cultura i Joventut de l&#8217;Ajuntament de Bunyol organitzen un festival de cine i literatura de terror i una Scape Room per Halloween\">[+] <\/a><\/div>\n","protected":false},"author":12,"featured_media":116430,"comment_status":"open","ping_status":"open","sticky":false,"template":"","format":"standard","meta":{"footnotes":""},"categories":[11019,10911,10894,10912,11007,10896],"tags":[5335,6101,5952,12840],"class_list":["post-116440","post","type-post","status-publish","format-standard","has-post-thumbnail","category-agenda-ca","category-bunol-ca","category-la-comarca-ca","category-la-hoya-ca","category-ocio-y-cultura-ca","category-seccion-ca","tag-ayuntamiento-de-bunol","tag-halloween","tag-la-hoya-de-bunol-chiva","tag-scape-room"],"_links":{"self":[{"href":"https:\/\/tucomarca.whitekongsoftware.com\/ca\/wp-json\/wp\/v2\/posts\/116440","targetHints":{"allow":["GET"]}}],"collection":[{"href":"https:\/\/tucomarca.whitekongsoftware.com\/ca\/wp-json\/wp\/v2\/posts"}],"about":[{"href":"https:\/\/tucomarca.whitekongsoftware.com\/ca\/wp-json\/wp\/v2\/types\/post"}],"author":[{"embeddable":true,"href":"https:\/\/tucomarca.whitekongsoftware.com\/ca\/wp-json\/wp\/v2\/users\/12"}],"replies":[{"embeddable":true,"href":"https:\/\/tucomarca.whitekongsoftware.com\/ca\/wp-json\/wp\/v2\/comments?post=116440"}],"version-history":[{"count":0,"href":"https:\/\/tucomarca.whitekongsoftware.com\/ca\/wp-json\/wp\/v2\/posts\/116440\/revisions"}],"wp:featuredmedia":[{"embeddable":true,"href":"https:\/\/tucomarca.whitekongsoftware.com\/ca\/wp-json\/wp\/v2\/media\/116430"}],"wp:attachment":[{"href":"https:\/\/tucomarca.whitekongsoftware.com\/ca\/wp-json\/wp\/v2\/media?parent=116440"}],"wp:term":[{"taxonomy":"category","embeddable":true,"href":"https:\/\/tucomarca.whitekongsoftware.com\/ca\/wp-json\/wp\/v2\/categories?post=116440"},{"taxonomy":"post_tag","embeddable":true,"href":"https:\/\/tucomarca.whitekongsoftware.com\/ca\/wp-json\/wp\/v2\/tags?post=116440"}],"curies":[{"name":"wp","href":"https:\/\/api.w.org\/{rel}","templated":true}]}}